{"id":120245,"date":"2026-03-04T16:45:30","date_gmt":"2026-03-04T16:45:30","guid":{"rendered":"https:\/\/www.europesays.com\/lt\/120245\/"},"modified":"2026-03-04T16:45:30","modified_gmt":"2026-03-04T16:45:30","slug":"sprogimai-ir-didziulis-gaisras-nuskendo-rusijos-tanklaivis","status":"publish","type":"post","link":"https:\/\/www.europesays.com\/lt\/120245\/","title":{"rendered":"Sprogimai ir did\u017eiulis gaisras: nuskendo Rusijos tanklaivis"},"content":{"rendered":"<p>Libijos uosto administracija prane\u0161\u0117, kad Rusijos tanklaivis \u201eArctic Metagaz\u201c nuskendo po \u201estaigi\u0173 sprogim\u0173\u201c \u012f \u0161iaur\u0119 nuo Sirto uosto.<\/p>\n<p>\u201e(Antradienio nakt\u012f tanklaivyje \u2013 ELTA) staiga nugriaud\u0117jo sprogimai, po kuri\u0173 kilo did\u017eiulis gaisras, galiausiai nul\u0117m\u0119s jo visi\u0161k\u0105 nuskendim\u0105\u201c, \u2013 teigiama uosto administracijos prane\u0161ime.<\/p>\n<p>Maskva teig\u0117, kad tanklaiv\u012f atakavo Ukrainos dronai, o tai es\u0105 yra \u201etarptautinio terorizmo ir piratavimo j\u016brose aktas\u201c.<\/p>\n<p>\u201eAtaka buvo surengta i\u0161 Libijos pakrant\u0117s Ukrainos karini\u0173 j\u016br\u0173 dron\u0173\u201c, \u2013 teig\u0117 Rusijos transporto ministerija.<\/p>\n<p>Tanklaiviui JAV ir Europos S\u0105junga (ES) buvo \u012fvedusi sankcijas.<\/p>\n<p>Nuo antradienio nakties socialiniuose tinkluose plinta nepatvirtinti vaizdo \u012fra\u0161ai ir nuotraukos, kuriuose matyti did\u017eiulis sprogimas j\u016broje.<\/p>\n<p>Libijos uosto administracija teig\u0117, kad laivas gabeno apie 62 t\u016bkst. ton\u0173 SGD ir plauk\u0117 \u012f Port Saido uostamiest\u012f Egipte.<\/p>\n<p>Rusijos ministerijos teigimu, laivas i\u0161plauk\u0117 i\u0161 \u0161iaur\u0117s Rusijos uosto Murmansko.<\/p>\n<p>Maskva prane\u0161\u0117, kad visiems 30 \u012fgulos nari\u0173 pavyko i\u0161sigelb\u0117ti.<\/p>\n<p>Pasak Libijos uosto administracijos, avarija \u012fvyko tarp Libijos ir Maltos, \u201eLibijos paie\u0161kos ir gelb\u0117jimo zonoje&#8230; ma\u017edaug 130 j\u016brmyli\u0173 (240 kilometr\u0173) \u012f \u0161iaur\u0119 nuo Sirto uosto\u201c.<\/p>\n<p>Ji \u012fsp\u0117jo visus laivus nepriart\u0117ti prie avarijos vietos, nurodydama susid\u016brimo rizik\u0105 ir pavoj\u0173 saugumui.<\/p>\n<p>Libijos nacionalin\u0117 naftos korporacija savo parei\u0161kime nurod\u0117, kad tanklaivis tik plauk\u0117 tranzitu per Vidur\u017eemio j\u016bros centrin\u0119 dal\u012f, o ji pati \u201enieko bendro\u201c su \u0161iuo incidentu neturinti.<\/p>\n<p>\u201eEismas Libijos uostuose vyksta \u012fprastai ir reguliariai\u201c, \u2013 teigiama parei\u0161kime, kuriame taip pat nurodoma, kad incidentas \u201enetur\u0117jo jokio poveikio naftos ir duj\u0173 tiekimui ar kuro tiekimui vietos rinkai\u201c.<\/p>\n","protected":false},"excerpt":{"rendered":"Libijos uosto administracija prane\u0161\u0117, kad Rusijos tanklaivis \u201eArctic Metagaz\u201c nuskendo po \u201estaigi\u0173 sprogim\u0173\u201c \u012f \u0161iaur\u0119 nuo Sirto uosto.&hellip;\n","protected":false},"author":2,"featured_media":120246,"comment_status":"","ping_status":"","sticky":false,"template":"","format":"standard","meta":{"footnotes":"","_share_on_mastodon":"0"},"categories":[15],"tags":[25,30,31,3346,34,35,24,32,33,6243,37,39,36,38,40,23,22,44,28,29,119,26,27,360,74,75,76],"class_list":["post-120245","post","type-post","status-publish","format-standard","has-post-thumbnail","category-pasaulis","tag-antrastes","tag-breaking-news","tag-breakingnews","tag-elta-uzsienio-naujiena","tag-featured-news","tag-featurednews","tag-headlines","tag-latest-news","tag-latestnews","tag-libija","tag-lietuva","tag-lietuviu","tag-lithuania","tag-lithuanian","tag-lt","tag-naujienos","tag-news","tag-pasaulis","tag-populiariausios-naujienos","tag-populiariausiosnaujienos","tag-rusija","tag-top-stories","tag-topstories","tag-ukraina","tag-world","tag-world-news","tag-worldnews"],"share_on_mastodon":{"url":"https:\/\/pubeurope.com\/@lt\/116171921639617089","error":""},"_links":{"self":[{"href":"https:\/\/www.europesays.com\/lt\/wp-json\/wp\/v2\/posts\/120245","targetHints":{"allow":["GET"]}}],"collection":[{"href":"https:\/\/www.europesays.com\/lt\/wp-json\/wp\/v2\/posts"}],"about":[{"href":"https:\/\/www.europesays.com\/lt\/wp-json\/wp\/v2\/types\/post"}],"author":[{"embeddable":true,"href":"https:\/\/www.europesays.com\/lt\/wp-json\/wp\/v2\/users\/2"}],"replies":[{"embeddable":true,"href":"https:\/\/www.europesays.com\/lt\/wp-json\/wp\/v2\/comments?post=120245"}],"version-history":[{"count":0,"href":"https:\/\/www.europesays.com\/lt\/wp-json\/wp\/v2\/posts\/120245\/revisions"}],"wp:featuredmedia":[{"embeddable":true,"href":"https:\/\/www.europesays.com\/lt\/wp-json\/wp\/v2\/media\/120246"}],"wp:attachment":[{"href":"https:\/\/www.europesays.com\/lt\/wp-json\/wp\/v2\/media?parent=120245"}],"wp:term":[{"taxonomy":"category","embeddable":true,"href":"https:\/\/www.europesays.com\/lt\/wp-json\/wp\/v2\/categories?post=120245"},{"taxonomy":"post_tag","embeddable":true,"href":"https:\/\/www.europesays.com\/lt\/wp-json\/wp\/v2\/tags?post=120245"}],"curies":[{"name":"wp","href":"https:\/\/api.w.org\/{rel}","templated":true}]}}