{"id":120274,"date":"2026-03-04T17:18:52","date_gmt":"2026-03-04T17:18:52","guid":{"rendered":"https:\/\/www.europesays.com\/lt\/120274\/"},"modified":"2026-03-04T17:18:52","modified_gmt":"2026-03-04T17:18:52","slug":"senosios-mados-neliko-statybvieteje-kyla-pirmosios-konstrukcijos","status":"publish","type":"post","link":"https:\/\/www.europesays.com\/lt\/120274\/","title":{"rendered":"Senosios \u201eMados\u201c neliko: statybviet\u0117je kyla pirmosios konstrukcijos"},"content":{"rendered":"<p>Baigtas vienas svarbiausi\u0173 \u201eMados\u201c rekonstrukcijos etap\u0173 \u2013 senojo pastato demontavimas ir pamat\u0173 duob\u0117s parengimas. Dabar statyb\u0173 aik\u0161tel\u0117je jau vyksta kito etapo darbai: \u012frengiami pamatai, r\u016bsio sienos ir montuojamos konstrukcijos, atliekami tolesni \u017eem\u0117s ir lauko in\u017einerijos darbai.<\/p>\n<p>Projekto vystytojo \u201eBaltisches Haus\u201c pl\u0117tros vadovas Irmantas Degutis ir rangovo \u201e<a style=\"font-weight:bold;\" href=\"https:\/\/madeinvilnius.lt\/tema\/yit-lietuva\/\" target=\"_blank\" rel=\"nofollow noopener\">YIT Lietuva<\/a>\u201c generalinis direktorius K\u0119stutis Vanagas akcentuoja, kad darbai vyksta pagal plan\u0105 \u2013 j\u0173 nestabd\u0117 net ir i\u0161skirtinai \u0161alta \u017eiema, o pasta\u010dius antr\u0105 kran\u0105, darbai vyks dar spar\u010diau. Nauj\u0173, kito etapo darb\u0173 prad\u017ei\u0105 simboli\u0161kai pa\u017eym\u0117jo ir projektui suteiktas BREEAM \u201eInterim\u201c tvarumo sertifikatas su vienu auk\u0161\u010diausi\u0173 \u201eExcellent\u201c \u012fvertinimu.<\/p>\n<p>Suderino efektyvum\u0105 ir gyventoj\u0173 gerov\u0119<\/p>\n<p>Per pirmuosius rekonstrukcijos m\u0117nesius buvo nugriautas beveik 30 t\u016bkst. kv. m plot\u0105 u\u017e\u0117m\u0119s senasis prekybos centro \u201eMada\u201c pastatas. Skland\u017eiai \u012fvykdytas parengiamasis rekonstrukcijos etapas truko ma\u017edaug tris m\u0117nesius.<\/p>\n<p>\u201eGriovimo darbai visada yra jautriausias etapas tiek aplinkiniams gyventojams, tiek projekt\u0105 \u012fgyvendinan\u010diai komandai. D\u017eiaugiam\u0117s, kad \u0161is laikotarpis neprailgo ir griovimo darbus atlikome s\u0117kmingai \u2013 laiku atlaisvinome teritorij\u0105 ir paruo\u0161\u0117me pamat\u0173 duob\u0119. Tod\u0117l dabar galime maksimaliai susitelkti \u012f kit\u0105 etap\u0105 \u2013\u00a0rekonstruojamo pastato statyb\u0105\u201c, \u2013 sako I. Degutis.<\/p>\n<p>Pasak jo, demontavimo darb\u0173 metu statyb\u0173 aik\u0161tel\u0117je ir u\u017e jos rib\u0173 nuolat buvo r\u016bpinamasi aplinka ir saugumu. Statybviet\u0117je buvo \u012frengtos apsaugos zonos, o darbai planuoti taip, kad kuo ma\u017eiau trikdyt\u0173 Vir\u0161uli\u0161ki\u0173 rajono gyventoj\u0173 ramyb\u0119.<\/p>\n<p>Jau matyti pirmosios pastato konstrukcijos<\/p>\n<p>Pasibaigus griovimo etapui, teritorijoje prad\u0117ti paruo\u0161iamieji ir b\u016bsimojo pastato konstrukcij\u0173 montavimo darbai. Apie juos pasakoja K. Vanagas:<\/p>\n<p>\u201eAtliekant griovimo darbus, lygiagre\u010diai \u012freng\u0117me gaisrin\u012f rezervuar\u0105 ir lietaus vandens surinkimo bei infiltracijos talp\u0105, o \u0161iuo metu baigiame \u012frengti ir antr\u0105j\u0105.<\/p>\n<p>Taip pat galima sakyti, kad prasid\u0117jo oficiali rekonstrukcija, nes jau prad\u0117ti trij\u0173 pastato korpus\u0173 karkas\u0173 montavimo darbai \u2013 pastato dalis, kuri\u0105 mato ir pro \u0161al\u012f keliaujantys \u017emon\u0117s. Vienoje sklypo zonoje toliau \u012frengiame pamatus, kitoje jau kyla monolitin\u0117s r\u016bsio sienos ir montuojamos surenkamos gel\u017ebetonio konstrukcijos. Sausio m\u0117nes\u012f statyb\u0173 aik\u0161tel\u0117je i\u0161kilo ir antras kranas \u2013 dabar galime grei\u010diau montuoti konstrukcijas, kurios \u012f objekt\u0105 atvyksta kasdien.\u201c<\/p>\n<p>Kaip teigia \u201eYIT Lietuva\u201c vadovas, artimiausiu metu daugiausia d\u0117mesio bus skiriama pastato konstruktyvo \u012frengimui. Tai pagrindas tolesniems fasado, stogo montavimo ir vidaus \u012frengimo darbams.<\/p>\n<p>R\u016bpinamasi tuo, kas bus palikta ateities kartoms<\/p>\n<p>Kad projektas gaut\u0173 BREEAM \u201eInternational New Construction Interim\u201c sertifikat\u0105 su \u201eExcellent\u201c \u012fvertinimu, dar prie\u0161 pradedant darbus reik\u0117jo atlikti precizi\u0161k\u0105 planavim\u0105 ir parinkti efektyviausius sprendimus.<\/p>\n<p>\u201e\u0160is sertifikatas rei\u0161kia, kad dar projektavimo etape pasirinkome sprendinius, kurie atitinka grie\u017etus tarptautinius tvarumo reikalavimus. BREEAM vertina energijos ir vandens naudojim\u0105, projekte naudojamas statybines ir apdailos med\u017eiagas, atliek\u0173 tvarkym\u0105, nat\u016brali\u0105 \u0161vies\u0105, vidaus mikroklimat\u0105 ir bendr\u0105 poveik\u012f aplinkai. Mums svarbu, kad naujoji \u201eMada\u201c b\u016bt\u0173 ne tik gra\u017ei ir patogi, bet ir aplinkai draugi\u0161ka erdv\u0117, paliekanti joje tik minimal\u0173 p\u0117dsak\u0105\u201c, \u2013 sako I. Degutis.<\/p>\n<p>\u201eNet ir pati statybviet\u0117 \u012frengta laikantis BREEAM reikalavim\u0173. Fiksuojame transporto jud\u0117jim\u0105, daug d\u0117mesio skiriame dulki\u0173 ma\u017einimui ir aplinkin\u0117s teritorijos prie\u017ei\u016brai bei valymui. Atliek\u0173 r\u016b\u0161iavimas yra viena svarbiausi\u0173 u\u017eduo\u010di\u0173 \u2013 siekiame, kad bent 95 proc. griovimo ir statybini\u0173 atliek\u0173 b\u016bt\u0173 nukreipta ne \u012f s\u0105vartyn\u0105, o perdirbimui ar pakartotiniam panaudojimui\u201c, \u2013 papildo K. Vanagas.<\/p>\n<p>Pasak jo, tokie sprendimai reikalauja daugiau planavimo, ta\u010diau leid\u017eia suma\u017einti ilgalaik\u012f poveik\u012f aplinkai.<\/p>\n<p>Art\u0117jan\u010dio sugr\u012f\u017eimo \u017eenklas<\/p>\n<p>I. Degutis pabr\u0117\u017eia, kad pirmojo darb\u0173 etapo pabaiga ir per\u0117jimas \u012f nauj\u0105, akivaizdesn\u012f statyb\u0173 etap\u0105 yra svarbus \u012fvykis tiek komandai, tiek aplinkinei bendruomenei.<\/p>\n<p>\u201eMatome, kad \u017emon\u0117ms svarbu \u017einoti, jog procesas juda \u012f priek\u012f. Griovimo darbai baigti, teritorijoje kasdien vis labiau ry\u0161k\u0117ja rekonstruoto pastato kont\u016brai. Artimiausiais m\u0117nesiais konstrukcijos vis labiau kils \u012f vir\u0161\u0173, tod\u0117l poky\u010diai bus akivaizdesni prava\u017eiuojantiems ar pro langus \u017evilgtelintiems vir\u0161uli\u0161kie\u010diams\u201c, \u2013 sako \u201eBaltisches Haus\u201c atstovas.<\/p>\n<p>Atgim\u0119s prekybos centras duris lankytojams atvers 2027 met\u0173 rugs\u0117j\u012f. Naujoji \u201eMada\u201c kuriama kaip moderni, tvari ir bendruomenei atvira erdv\u0117 \u2013 vieta, kurioje galima ne tik apsipirkti, bet ir susitikti, pails\u0117ti ar trumpam sustoti kasdienyb\u0117s ritme. U\u017ebaigtas projektas taps nauju Vilniaus Vir\u0161uli\u0161ki\u0173 rajono centru.<\/p>\n<p><a href=\"https:\/\/www.europesays.com\/lt\/wp-content\/uploads\/2026\/03\/lg-525051-pcmadastatybvietesnuotrauka1-baltischeshausnuotr.jpg\"><img loading=\"lazy\" decoding=\"async\" width=\"801\" height=\"600\" data-id=\"334956\" src=\"https:\/\/www.europesays.com\/lt\/wp-content\/uploads\/2026\/03\/lg-525051-pcmadastatybvietesnuotrauka1-baltischeshausnuotr.jpg\" alt=\"\" class=\"wp-image-334956\"\/><\/a>Nuotr.: Baltisches Haus<a href=\"https:\/\/www.europesays.com\/lt\/wp-content\/uploads\/2026\/03\/lg-525051-pcmadastatybvietesnuotrauka2-baltischeshausnuotr.jpg\"><img loading=\"lazy\" decoding=\"async\" width=\"801\" height=\"600\" data-id=\"334960\" src=\"https:\/\/www.europesays.com\/lt\/wp-content\/uploads\/2026\/03\/lg-525051-pcmadastatybvietesnuotrauka2-baltischeshausnuotr.jpg\" alt=\"\" class=\"wp-image-334960\"\/><\/a>Nuotr.: Baltisches Haus<a href=\"https:\/\/www.europesays.com\/lt\/wp-content\/uploads\/2026\/03\/lg-525051-pcmadastatybvietesnuotrauka3-limadanuotr.jpg\"><img loading=\"lazy\" decoding=\"async\" width=\"900\" height=\"600\" data-id=\"334958\" src=\"https:\/\/www.europesays.com\/lt\/wp-content\/uploads\/2026\/03\/lg-525051-pcmadastatybvietesnuotrauka3-limadanuotr.jpg\" alt=\"\" class=\"wp-image-334958\"\/><\/a>Nuotr.: Limanda<a href=\"https:\/\/madeinvilnius.lt\/wp-content\/uploads\/2026\/03\/original-525051-pcmadastatybvietesnuotrauka4-limadanuotr.jpg\" rel=\"nofollow noopener\" target=\"_blank\"><img loading=\"lazy\" decoding=\"async\" width=\"1024\" height=\"683\" data-id=\"334962\" src=\"https:\/\/www.europesays.com\/lt\/wp-content\/uploads\/2026\/03\/original-525051-pcmadastatybvietesnuotrauka4-limadanuotr-1024x683.jpg\" alt=\"\" class=\"wp-image-334962\"\/><\/a>Nuotr.: Limanda<a href=\"https:\/\/madeinvilnius.lt\/wp-content\/uploads\/2026\/03\/original-525051-pcmadastatybvietesnuotrauka5-limadanuotr.jpg\" rel=\"nofollow noopener\" target=\"_blank\"><img loading=\"lazy\" decoding=\"async\" width=\"1024\" height=\"683\" data-id=\"334964\" src=\"https:\/\/www.europesays.com\/lt\/wp-content\/uploads\/2026\/03\/original-525051-pcmadastatybvietesnuotrauka5-limadanuotr-1024x683.jpg\" alt=\"\" class=\"wp-image-334964\"\/><\/a>Nuotr.: Limanda<\/p>\n","protected":false},"excerpt":{"rendered":"Baigtas vienas svarbiausi\u0173 \u201eMados\u201c rekonstrukcijos etap\u0173 \u2013 senojo pastato demontavimas ir pamat\u0173 duob\u0117s parengimas. Dabar statyb\u0173 aik\u0161tel\u0117je jau&hellip;\n","protected":false},"author":2,"featured_media":120275,"comment_status":"","ping_status":"","sticky":false,"template":"","format":"standard","meta":{"footnotes":"","_share_on_mastodon":"0"},"categories":[13],"tags":[25,30,31,34,35,24,32,33,37,39,36,38,40,2655,65,23,22,28,29,26,27],"class_list":["post-120274","post","type-post","status-publish","format-standard","has-post-thumbnail","category-lietuva","tag-antrastes","tag-breaking-news","tag-breakingnews","tag-featured-news","tag-featurednews","tag-headlines","tag-latest-news","tag-latestnews","tag-lietuva","tag-lietuviu","tag-lithuania","tag-lithuanian","tag-lt","tag-mada","tag-naujiena","tag-naujienos","tag-news","tag-populiariausios-naujienos","tag-populiariausiosnaujienos","tag-top-stories","tag-topstories"],"share_on_mastodon":{"url":"https:\/\/pubeurope.com\/@lt\/116172053864354506","error":""},"_links":{"self":[{"href":"https:\/\/www.europesays.com\/lt\/wp-json\/wp\/v2\/posts\/120274","targetHints":{"allow":["GET"]}}],"collection":[{"href":"https:\/\/www.europesays.com\/lt\/wp-json\/wp\/v2\/posts"}],"about":[{"href":"https:\/\/www.europesays.com\/lt\/wp-json\/wp\/v2\/types\/post"}],"author":[{"embeddable":true,"href":"https:\/\/www.europesays.com\/lt\/wp-json\/wp\/v2\/users\/2"}],"replies":[{"embeddable":true,"href":"https:\/\/www.europesays.com\/lt\/wp-json\/wp\/v2\/comments?post=120274"}],"version-history":[{"count":0,"href":"https:\/\/www.europesays.com\/lt\/wp-json\/wp\/v2\/posts\/120274\/revisions"}],"wp:featuredmedia":[{"embeddable":true,"href":"https:\/\/www.europesays.com\/lt\/wp-json\/wp\/v2\/media\/120275"}],"wp:attachment":[{"href":"https:\/\/www.europesays.com\/lt\/wp-json\/wp\/v2\/media?parent=120274"}],"wp:term":[{"taxonomy":"category","embeddable":true,"href":"https:\/\/www.europesays.com\/lt\/wp-json\/wp\/v2\/categories?post=120274"},{"taxonomy":"post_tag","embeddable":true,"href":"https:\/\/www.europesays.com\/lt\/wp-json\/wp\/v2\/tags?post=120274"}],"curies":[{"name":"wp","href":"https:\/\/api.w.org\/{rel}","templated":true}]}}