{"id":120455,"date":"2026-03-04T21:29:07","date_gmt":"2026-03-04T21:29:07","guid":{"rendered":"https:\/\/www.europesays.com\/lt\/120455\/"},"modified":"2026-03-04T21:29:07","modified_gmt":"2026-03-04T21:29:07","slug":"irano-karas-vatikanas-ispeja-del-tarptautines-teises-erozijos","status":"publish","type":"post","link":"https:\/\/www.europesays.com\/lt\/120455\/","title":{"rendered":"Irano karas: Vatikanas \u012fsp\u0117ja d\u0117l \u201etarptautin\u0117s teis\u0117s erozijos\u201c"},"content":{"rendered":"<p>\u201eJei valstyb\u0117ms b\u016bt\u0173 pripa\u017einta teis\u0117 \u012f prevencin\u012f kar\u0105, kilt\u0173 pavojus, kad u\u017esiliepsnos visas pasaulis, \u2013 tre\u010diadien\u012f Vatikano \u017eini\u0173 portalui sak\u0117 Vatikano valstyb\u0117s sekretorius Pietro Parolinis. \u2013 \u0160i tarptautin\u0117s teis\u0117s erozija tikrai kelia nerim\u0105: teisingumas u\u017eleido viet\u0105 smurtui\u201c.<\/p>\n<p>Antrasis pagal rang\u0105 \u017emogus Vatikane po popie\u017eiaus Leono XIV, be to,, reikalavo \u201espr\u0119sti konfliktus nekruvinu ir teisingu keliu\u201c. Tai es\u0105 turi b\u016bti daroma \u201ediplomatin\u0117mis priemon\u0117mis daugia\u0161al\u0117se institucijose\u201c.<\/p>\n<p>I\u0161 JAV kil\u0119s pontifikas Leonas XIV sekmadien\u012f pareikalavo nutraukti smurto spiral\u0119 Artimuosiuose Rytuose.<\/p>\n<p>JAV ir Izraelis po kelias savaites trukusi\u0173 grasinim\u0173 \u0161e\u0161tadien\u012f prad\u0117jo didel\u012f Irano puolim\u0105 ir nu\u017eud\u0117 auk\u0161\u010diausi\u0105j\u012f \u0161alies lyder\u012f ajatol\u0105 Ali Khamenei. \u012e tai reaguodamas, Iranas atakuoja kelias Persijos \u012flankos \u0161alis ir JAV objektus Persijos \u012flankos regione.<\/p>\n","protected":false},"excerpt":{"rendered":"\u201eJei valstyb\u0117ms b\u016bt\u0173 pripa\u017einta teis\u0117 \u012f prevencin\u012f kar\u0105, kilt\u0173 pavojus, kad u\u017esiliepsnos visas pasaulis, \u2013 tre\u010diadien\u012f Vatikano \u017eini\u0173&hellip;\n","protected":false},"author":2,"featured_media":120456,"comment_status":"","ping_status":"","sticky":false,"template":"","format":"standard","meta":{"footnotes":"","_share_on_mastodon":"0"},"categories":[15],"tags":[25,30,31,3346,34,35,24,79,553,223,32,33,37,39,36,38,40,23,22,44,28,29,26,27,4428,74,75,76],"class_list":["post-120455","post","type-post","status-publish","format-standard","has-post-thumbnail","category-pasaulis","tag-antrastes","tag-breaking-news","tag-breakingnews","tag-elta-uzsienio-naujiena","tag-featured-news","tag-featurednews","tag-headlines","tag-iranas","tag-izraelis","tag-jav","tag-latest-news","tag-latestnews","tag-lietuva","tag-lietuviu","tag-lithuania","tag-lithuanian","tag-lt","tag-naujienos","tag-news","tag-pasaulis","tag-populiariausios-naujienos","tag-populiariausiosnaujienos","tag-top-stories","tag-topstories","tag-vatikanas","tag-world","tag-world-news","tag-worldnews"],"share_on_mastodon":{"url":"https:\/\/pubeurope.com\/@lt\/116173036804796502","error":""},"_links":{"self":[{"href":"https:\/\/www.europesays.com\/lt\/wp-json\/wp\/v2\/posts\/120455","targetHints":{"allow":["GET"]}}],"collection":[{"href":"https:\/\/www.europesays.com\/lt\/wp-json\/wp\/v2\/posts"}],"about":[{"href":"https:\/\/www.europesays.com\/lt\/wp-json\/wp\/v2\/types\/post"}],"author":[{"embeddable":true,"href":"https:\/\/www.europesays.com\/lt\/wp-json\/wp\/v2\/users\/2"}],"replies":[{"embeddable":true,"href":"https:\/\/www.europesays.com\/lt\/wp-json\/wp\/v2\/comments?post=120455"}],"version-history":[{"count":0,"href":"https:\/\/www.europesays.com\/lt\/wp-json\/wp\/v2\/posts\/120455\/revisions"}],"wp:featuredmedia":[{"embeddable":true,"href":"https:\/\/www.europesays.com\/lt\/wp-json\/wp\/v2\/media\/120456"}],"wp:attachment":[{"href":"https:\/\/www.europesays.com\/lt\/wp-json\/wp\/v2\/media?parent=120455"}],"wp:term":[{"taxonomy":"category","embeddable":true,"href":"https:\/\/www.europesays.com\/lt\/wp-json\/wp\/v2\/categories?post=120455"},{"taxonomy":"post_tag","embeddable":true,"href":"https:\/\/www.europesays.com\/lt\/wp-json\/wp\/v2\/tags?post=120455"}],"curies":[{"name":"wp","href":"https:\/\/api.w.org\/{rel}","templated":true}]}}