{"id":120457,"date":"2026-03-04T21:39:35","date_gmt":"2026-03-04T21:39:35","guid":{"rendered":"https:\/\/www.europesays.com\/lt\/120457\/"},"modified":"2026-03-04T21:39:35","modified_gmt":"2026-03-04T21:39:35","slug":"ruginiene-apie-komandiruote-su-seima-kvietima-gavome-is-popieziaus-respublika-lt","status":"publish","type":"post","link":"https:\/\/www.europesays.com\/lt\/120457\/","title":{"rendered":"Ruginien\u0117 apie komandiruot\u0119 su \u0161eima: kvietim\u0105 gavome i\u0161 popie\u017eiaus &#8211; Respublika.lt"},"content":{"rendered":"<p><img loading=\"lazy\" decoding=\"async\" src=\"https:\/\/www.respublika.lt\/lt\/naujienos\/lietuva\/lietuvos_politika\/ruginiene-apie-komandiruote-su-seima-kvietima-gavome-is-popieziaus\/images\/ico_camera_white.gif\" class=\"camera\" width=\"22\" height=\"15\" alt=\"nuotr.\" style=\"position:relative; top:-2px; right:2px;\"\/> 1 nuotr.<\/p>\n<p>Inga Ruginien\u0117. Eltos nuotr.<\/p>\n<p style=\"text-align: left;\">Paskelbus, kad premjer\u0117 Inga Ruginien\u0117 vizito \u012f Italij\u0105 bei Vatikan\u0105 vyks su vyru ir dviem vaikais, ji tikina, jog gavo oficial\u0173 kvietim\u0105 atvykti su \u0161eima.<\/p>\n<p style=\"text-align: justify;\" class=\"desktop_banner\">\u00a0<\/p>\n<p style=\"text-align: left;\">\u00a0<\/p>\n<p style=\"text-align: left;\">\u201eMes su \u0161eima vykstame valstybinio vizito, nes kvietimas yra gautas \u0161eimai i\u0161 Vatikano, i\u0161 popie\u017eiaus ir atliksime \u0161itas proced\u016bras. Tikiuosi, tinkamai reprezentuosime Lietuv\u0105\u201c, \u2013 \u017eurnalistams Vyriausyb\u0117je tre\u010diadien\u012f komentavo premjer\u0117.\u00a0<\/p>\n<p style=\"text-align: left;\">\u201eTaip jau yra, kad ministras pirmininkas turi valstybini\u0173 funkcij\u0173 ir neretai pagal protokol\u0105, taisykles ir ministro pirmininko \u0161eima karts nuo karto irgi turi atlikti valstybines funkcijas\u201c, \u2013 ai\u0161kino ji.\u00a0<\/p>\n<p style=\"text-align: left;\">Penktadien\u012f I. Ruginien\u0117 i\u0161vyksta \u012f komandiruot\u0119 Italijoje, kurioje j\u0105 lyd\u0117s ne tik oficiali \u0161alies delegacija.<\/p>\n<p style=\"text-align: left;\">Taip pat su ja \u012f kelion\u0119 vyks ministr\u0117s pirminink\u0117s sutuoktinis Vismantas Ruginis ir vaikai.\u00a0<\/p>\n<p style=\"text-align: left;\">Premjer\u0117s atstovas nurod\u0117, kad j\u0173 kelion\u0117s i\u0161laidas apmok\u0117s Vyriausyb\u0117s kanceliarija. \u00a0<\/p>\n<p style=\"text-align: left;\">Klausim\u0173 buvo suk\u0117lusi ir I. Ruginien\u0117s komandiruot\u0117 \u012f 2026-\u0173j\u0173 \u017diemos olimpini\u0173 \u017eaidyni\u0173 atidarym\u0105.<\/p>\n<p style=\"text-align: left;\">Premjer\u0117s delegacija, kurioje buvo ir jos vyras V. Ruginis, Milane vie\u0161\u0117jo penkias dienas.<\/p>\n<p style=\"text-align: left;\">Komandiruot\u0117s i\u0161laidos, \u012fskaitant I. Ruginien\u0117s vyro, buvo apmok\u0117tos i\u0161 Vyriausyb\u0117s kanceliarijos ir kit\u0173 institucij\u0173 l\u0117\u0161\u0173.<\/p>\n<p>Patiko straipsnis? Leisk mums apie tai su\u017einoti. Nepamir\u0161k pasidalinti Facebook! <\/p>\n<p><img loading=\"lazy\" decoding=\"async\" class=\"p2_social_circle_icon\" src=\"https:\/\/www.respublika.lt\/images\/thumbs_up.svg\" width=\"21\" height=\"22\" alt=\"L\"\/><\/p>\n<p><img loading=\"lazy\" decoding=\"async\" class=\"p2_social_circle_icon\" src=\"https:\/\/www.respublika.lt\/images\/facebook.svg\" alt=\"F\" width=\"22\" height=\"22\" style=\"filter: invert(37%) sepia(55%) saturate(2351%) hue-rotate(187deg) brightness(102%) contrast(106%);\"\/><\/p>\n<p>&#13;<br \/>\n\tNesutinkate &#8211; diskutuokime!<br \/>&#13;<br \/>\n\tNepykite komentatoriai, bet komentarai su keiksma\u017eod\u017eiais bus \u0161alinami automati\u0161kai, be atsipra\u0161ymo.\n    <\/p>\n<p>&#13;<br \/>\n              Respublika.lt pasilieka teis\u0119 pa\u0161alinti nekult\u016bringus, keiksma\u017eod\u017eiais pagardintus, su tema nesusijusius, kito asmens vardu pasira\u0161ytus, \u012fstatymus pa\u017eeid\u017eian\u010dius, \u0161lam\u0161t\u0105 reklamuojan\u010dius ar nusikalsti kurstan\u010dius komentarus. Jei kurstysite smurt\u0105, rasin\u0119, tautin\u0119, religin\u0119 ar kitokio pob\u016bd\u017eio neapykant\u0105, \u017evirbliu i\u0161skrid\u0119 j\u016bs\u0173 \u017eod\u017eiai gr\u012f\u017edami gali virsti ton\u0105 sverian\u010diu jau\u010diu &#8211; specialiosioms Lietuvos tarnyboms pareikalavus suteiksime j\u016bs\u0173 duomenis.\n            <\/p>\n","protected":false},"excerpt":{"rendered":"1 nuotr. Inga Ruginien\u0117. Eltos nuotr. Paskelbus, kad premjer\u0117 Inga Ruginien\u0117 vizito \u012f Italij\u0105 bei Vatikan\u0105 vyks su&hellip;\n","protected":false},"author":2,"featured_media":120458,"comment_status":"","ping_status":"","sticky":false,"template":"","format":"standard","meta":{"footnotes":"","_share_on_mastodon":"0"},"categories":[13],"tags":[25,30,31,34,35,24,965,9982,32,33,37,39,36,38,40,23,22,3343,28,29,412,26,27,4428,4089],"class_list":["post-120457","post","type-post","status-publish","format-standard","has-post-thumbnail","category-lietuva","tag-antrastes","tag-breaking-news","tag-breakingnews","tag-featured-news","tag-featurednews","tag-headlines","tag-italija","tag-kvietimas","tag-latest-news","tag-latestnews","tag-lietuva","tag-lietuviu","tag-lithuania","tag-lithuanian","tag-lt","tag-naujienos","tag-news","tag-popiezius","tag-populiariausios-naujienos","tag-populiariausiosnaujienos","tag-ruginiene","tag-top-stories","tag-topstories","tag-vatikanas","tag-vizitas"],"share_on_mastodon":{"url":"https:\/\/pubeurope.com\/@lt\/116173076144512277","error":""},"_links":{"self":[{"href":"https:\/\/www.europesays.com\/lt\/wp-json\/wp\/v2\/posts\/120457","targetHints":{"allow":["GET"]}}],"collection":[{"href":"https:\/\/www.europesays.com\/lt\/wp-json\/wp\/v2\/posts"}],"about":[{"href":"https:\/\/www.europesays.com\/lt\/wp-json\/wp\/v2\/types\/post"}],"author":[{"embeddable":true,"href":"https:\/\/www.europesays.com\/lt\/wp-json\/wp\/v2\/users\/2"}],"replies":[{"embeddable":true,"href":"https:\/\/www.europesays.com\/lt\/wp-json\/wp\/v2\/comments?post=120457"}],"version-history":[{"count":0,"href":"https:\/\/www.europesays.com\/lt\/wp-json\/wp\/v2\/posts\/120457\/revisions"}],"wp:featuredmedia":[{"embeddable":true,"href":"https:\/\/www.europesays.com\/lt\/wp-json\/wp\/v2\/media\/120458"}],"wp:attachment":[{"href":"https:\/\/www.europesays.com\/lt\/wp-json\/wp\/v2\/media?parent=120457"}],"wp:term":[{"taxonomy":"category","embeddable":true,"href":"https:\/\/www.europesays.com\/lt\/wp-json\/wp\/v2\/categories?post=120457"},{"taxonomy":"post_tag","embeddable":true,"href":"https:\/\/www.europesays.com\/lt\/wp-json\/wp\/v2\/tags?post=120457"}],"curies":[{"name":"wp","href":"https:\/\/api.w.org\/{rel}","templated":true}]}}