{"id":120534,"date":"2026-03-05T00:46:08","date_gmt":"2026-03-05T00:46:08","guid":{"rendered":"https:\/\/www.europesays.com\/lt\/120534\/"},"modified":"2026-03-05T00:46:08","modified_gmt":"2026-03-05T00:46:08","slug":"jk-gynybos-ministerija-i-baze-kipre-smoges-dronas-paleistas-ne-is-irano","status":"publish","type":"post","link":"https:\/\/www.europesays.com\/lt\/120534\/","title":{"rendered":"JK gynybos ministerija: \u012f baz\u0119 Kipre smog\u0119s dronas paleistas ne i\u0161 Irano"},"content":{"rendered":"\n<p>\u201eGynybos ministerija gali patvirtinti, kad \u012f Akrotirio baz\u0119 kovo 2 d. vidurnakt\u012f nusitaik\u0119s \u201eShahed\u201c tipo dronas nebuvo paleistas i\u0161 Irano\u201c, \u2013 soc. tinkle \u201eX\u201c prane\u0161\u0117 \u0161alies gynybos ministerija. <\/p>\n<p>Ministerija taip pat nurod\u0117, kad per nakt\u012f \u201eTyphoon\u201c ir F-35B naikintuvai \u201et\u0119s\u0117 gynybines oro operacijas Artimuosiuose Rytuose, padedami \u201eVoyager\u201c oro papildymo degalais l\u0117ktuv\u0173, ginant Jungtin\u0117s Karalyst\u0117s interesus ir s\u0105jungininkus.\u201c<\/p>\n<p>\u201ePer pastar\u0105sias 24 valandas JK papild\u0117 oro gynybos sistemas brit\u0173 ir s\u0105junginink\u0173 baz\u0117se visame regione \u2013 \u012fskaitant JK pagamintas oro gynybos raketas.<\/p>\n<p>Karali\u0161kojo laivyno \u201eWildcat\u201c sraigtasparniai \u2013 ginkluoti \u201eMartlet\u201c raketomis, galin\u010diomis sunaikinti oro gr\u0117smes \u2013 artimiausiomis dienomis atvyks \u012f Kipr\u0105\u201c, \u2013 kartu nurodoma naujausiame JK gynybos ministerijos prane\u0161ime. <\/p>\n","protected":false},"excerpt":{"rendered":"\u201eGynybos ministerija gali patvirtinti, kad \u012f Akrotirio baz\u0119 kovo 2 d. vidurnakt\u012f nusitaik\u0119s \u201eShahed\u201c tipo dronas nebuvo paleistas&hellip;\n","protected":false},"author":2,"featured_media":120535,"comment_status":"","ping_status":"","sticky":false,"template":"","format":"standard","meta":{"footnotes":"","_share_on_mastodon":"0"},"categories":[15],"tags":[25,30,31,34,35,24,79,357,10379,32,33,37,39,36,38,40,23,22,44,28,29,26,27,74,75,76],"class_list":["post-120534","post","type-post","status-publish","format-standard","has-post-thumbnail","category-pasaulis","tag-antrastes","tag-breaking-news","tag-breakingnews","tag-featured-news","tag-featurednews","tag-headlines","tag-iranas","tag-jungtine-karalyste","tag-kipras","tag-latest-news","tag-latestnews","tag-lietuva","tag-lietuviu","tag-lithuania","tag-lithuanian","tag-lt","tag-naujienos","tag-news","tag-pasaulis","tag-populiariausios-naujienos","tag-populiariausiosnaujienos","tag-top-stories","tag-topstories","tag-world","tag-world-news","tag-worldnews"],"share_on_mastodon":{"url":"https:\/\/pubeurope.com\/@lt\/116173811387921941","error":""},"_links":{"self":[{"href":"https:\/\/www.europesays.com\/lt\/wp-json\/wp\/v2\/posts\/120534","targetHints":{"allow":["GET"]}}],"collection":[{"href":"https:\/\/www.europesays.com\/lt\/wp-json\/wp\/v2\/posts"}],"about":[{"href":"https:\/\/www.europesays.com\/lt\/wp-json\/wp\/v2\/types\/post"}],"author":[{"embeddable":true,"href":"https:\/\/www.europesays.com\/lt\/wp-json\/wp\/v2\/users\/2"}],"replies":[{"embeddable":true,"href":"https:\/\/www.europesays.com\/lt\/wp-json\/wp\/v2\/comments?post=120534"}],"version-history":[{"count":0,"href":"https:\/\/www.europesays.com\/lt\/wp-json\/wp\/v2\/posts\/120534\/revisions"}],"wp:featuredmedia":[{"embeddable":true,"href":"https:\/\/www.europesays.com\/lt\/wp-json\/wp\/v2\/media\/120535"}],"wp:attachment":[{"href":"https:\/\/www.europesays.com\/lt\/wp-json\/wp\/v2\/media?parent=120534"}],"wp:term":[{"taxonomy":"category","embeddable":true,"href":"https:\/\/www.europesays.com\/lt\/wp-json\/wp\/v2\/categories?post=120534"},{"taxonomy":"post_tag","embeddable":true,"href":"https:\/\/www.europesays.com\/lt\/wp-json\/wp\/v2\/tags?post=120534"}],"curies":[{"name":"wp","href":"https:\/\/api.w.org\/{rel}","templated":true}]}}