{"id":120772,"date":"2026-03-05T08:15:12","date_gmt":"2026-03-05T08:15:12","guid":{"rendered":"https:\/\/www.europesays.com\/lt\/120772\/"},"modified":"2026-03-05T08:15:12","modified_gmt":"2026-03-05T08:15:12","slug":"smilkalu-gerbeja-inga-ruginiene-aukosis-del-musu-vatikane-respublika-lt","status":"publish","type":"post","link":"https:\/\/www.europesays.com\/lt\/120772\/","title":{"rendered":"Smilkal\u0173 \u201egerb\u0117ja\u201c Inga Ruginien\u0117 aukosis d\u0117l m\u016bs\u0173 Vatikane &#8211; Respublika.lt"},"content":{"rendered":"<p><img loading=\"lazy\" decoding=\"async\" src=\"https:\/\/www.respublika.lt\/lt\/naujienos\/lietuva\/lietuvos_politika\/smilkalu-gerbeja-inga-ruginiene-aukosis-del-musu-vatikane\/images\/ico_camera_white.gif\" class=\"camera\" width=\"22\" height=\"15\" alt=\"nuotr.\" style=\"position:relative; top:-2px; right:2px;\"\/> 1 nuotr.<\/p>\n<p>Ar\u016bno Bernacko koliaz\u030cas<\/p>\n<p>Premjer\u0117 Inga Ruginien\u0117 yra pripa\u017einusi, kad netoleruoja smilkal\u0173 kvapo ir neturi didelio noro lankytis ba\u017eny\u010diose, bet dabar ji ruo\u0161iasi keliauti \u012f Vatikan\u0105.<\/p>\n<p style=\"text-align: justify;\" class=\"desktop_banner\">\u00a0<\/p>\n<p>Nelengva jai bus ba\u017enytin\u0117je valstyb\u0117je, bet juk galima pasiaukoti. Vardan tos&#8230;<\/p>\n<p>Ry\u017et\u0105 aukotis turb\u016bt palengvina tai, kad valstyb\u0117 apmok\u0117s ir jos vyro bei vaik\u0173 kelion\u0119.<\/p>\n<p>Kvietim\u0105 apsilankyti Romoje ir Vatikane gavo visa \u0161eima &#8211; tiek premjer\u0117, tiek jos vyras, tiek du vaikai.<\/p>\n<p>Kvie\u010dia pats popie\u017eius, bet u\u017e kelion\u0119 mok\u0117s ne jis ir ne Rugini\u0173 \u0161eima, o Vyriausyb\u0117s kanceliarija.<\/p>\n<p>Premjer\u0117 tame nieko blogo nemato. Atvirk\u0161\u010diai, ji d\u017eiaugiasi, kad \u0161eima sutiko vykti, reprezentuoti valstyb\u0119. Suprask, vos ne pasiaukojo.<\/p>\n<p>Visgi labiausiai \u010dia aukojasi pati Ruginien\u0117. Juk saus\u012f, po to, kai neatsistojo per mi\u0161ias Vilniaus arkikatedroje, ji pripa\u017eino, kad n\u0117ra pamaldi katalik\u0117.<\/p>\n<p>O smilkal\u0173 apskritai netoleruoja, tod\u0117l ir neatsistojo.<\/p>\n<p>Dabar premjer\u0117s laukia didis i\u0161\u0161\u016bkis &#8211; vizitas \u012f svarbiausi\u0105 \u0161ventov\u0119, pas pat\u012f svarbiausi\u0105 dvasinink\u0105.<\/p>\n<p>Tik\u0117sim\u0117s, smilkal\u0173 Vatikane nebus, nes kitaip Ruginien\u0117 popie\u017ei\u0173 pasitiks s\u0117d\u0117dama.<\/p>\n<p>Naujausios \u017einios<\/p>\n<p><\/p>\n<p>        <a href=\"https:\/\/www.respublika.lt\/lt\/naujienos\/pasaulis\/pasaulio_politika\/kinija-didina-karines-islaidas-ir-grieztina-retorika-taivano-atzvilgiu\/\" rel=\"nofollow noopener\" target=\"_blank\"><img decoding=\"async\" oncontextmenu=\"return false\" class=\"block_item_newest_photo\" src=\"https:\/\/www.respublika.lt\/lt\/naujienos\/lietuva\/lietuvos_politika\/smilkalu-gerbeja-inga-ruginiene-aukosis-del-musu-vatikane\/uploads\/img\/catalog\/1\/photo_for_homepage_1_93322005.jpg\" alt=\"\" width=\"240\" height=\"154.45\"\/><\/a><\/p>\n<p>        <a href=\"https:\/\/www.respublika.lt\/lt\/naujienos\/sportas\/kitos_sporto_sakos\/dragunas---vel-vienvaldis-lyderis\/\" rel=\"nofollow noopener\" target=\"_blank\"><img decoding=\"async\" oncontextmenu=\"return false\" class=\"block_item_newest_photo\" src=\"https:\/\/www.respublika.lt\/lt\/naujienos\/lietuva\/lietuvos_politika\/smilkalu-gerbeja-inga-ruginiene-aukosis-del-musu-vatikane\/uploads\/img\/catalog\/1\/photo_for_homepage_1_58514809.jpg\" alt=\"\" width=\"240\" height=\"154.45\"\/><\/a><\/p>\n<p>Patiko straipsnis? Leisk mums apie tai su\u017einoti. Nepamir\u0161k pasidalinti Facebook! <\/p>\n<p><img loading=\"lazy\" decoding=\"async\" class=\"p2_social_circle_icon\" src=\"https:\/\/www.respublika.lt\/images\/thumbs_up.svg\" width=\"21\" height=\"22\" alt=\"L\"\/><\/p>\n<p><img loading=\"lazy\" decoding=\"async\" class=\"p2_social_circle_icon\" src=\"https:\/\/www.respublika.lt\/images\/facebook.svg\" alt=\"F\" width=\"22\" height=\"22\" style=\"filter: invert(37%) sepia(55%) saturate(2351%) hue-rotate(187deg) brightness(102%) contrast(106%);\"\/><\/p>\n<p>&#13;<br \/>\n\tNesutinkate &#8211; diskutuokime!<br \/>&#13;<br \/>\n\tNepykite komentatoriai, bet komentarai su keiksma\u017eod\u017eiais bus \u0161alinami automati\u0161kai, be atsipra\u0161ymo.\n    <\/p>\n<p>&#13;<br \/>\n              Respublika.lt pasilieka teis\u0119 pa\u0161alinti nekult\u016bringus, keiksma\u017eod\u017eiais pagardintus, su tema nesusijusius, kito asmens vardu pasira\u0161ytus, \u012fstatymus pa\u017eeid\u017eian\u010dius, \u0161lam\u0161t\u0105 reklamuojan\u010dius ar nusikalsti kurstan\u010dius komentarus. Jei kurstysite smurt\u0105, rasin\u0119, tautin\u0119, religin\u0119 ar kitokio pob\u016bd\u017eio neapykant\u0105, \u017evirbliu i\u0161skrid\u0119 j\u016bs\u0173 \u017eod\u017eiai gr\u012f\u017edami gali virsti ton\u0105 sverian\u010diu jau\u010diu &#8211; specialiosioms Lietuvos tarnyboms pareikalavus suteiksime j\u016bs\u0173 duomenis.\n            <\/p>\n","protected":false},"excerpt":{"rendered":"1 nuotr. Ar\u016bno Bernacko koliaz\u030cas Premjer\u0117 Inga Ruginien\u0117 yra pripa\u017einusi, kad netoleruoja smilkal\u0173 kvapo ir neturi didelio noro&hellip;\n","protected":false},"author":2,"featured_media":120773,"comment_status":"","ping_status":"","sticky":false,"template":"","format":"standard","meta":{"footnotes":"","_share_on_mastodon":"0"},"categories":[13],"tags":[25,30,31,34,35,24,32,33,37,39,36,38,40,23,22,22203,28,29,412,5270,22202,26,27,4428,4089],"class_list":["post-120772","post","type-post","status-publish","format-standard","has-post-thumbnail","category-lietuva","tag-antrastes","tag-breaking-news","tag-breakingnews","tag-featured-news","tag-featurednews","tag-headlines","tag-latest-news","tag-latestnews","tag-lietuva","tag-lietuviu","tag-lithuania","tag-lithuanian","tag-lt","tag-naujienos","tag-news","tag-pasiaukojimas","tag-populiariausios-naujienos","tag-populiariausiosnaujienos","tag-ruginiene","tag-seima","tag-smilkalai","tag-top-stories","tag-topstories","tag-vatikanas","tag-vizitas"],"share_on_mastodon":{"url":"https:\/\/pubeurope.com\/@lt\/116175577124036785","error":""},"_links":{"self":[{"href":"https:\/\/www.europesays.com\/lt\/wp-json\/wp\/v2\/posts\/120772","targetHints":{"allow":["GET"]}}],"collection":[{"href":"https:\/\/www.europesays.com\/lt\/wp-json\/wp\/v2\/posts"}],"about":[{"href":"https:\/\/www.europesays.com\/lt\/wp-json\/wp\/v2\/types\/post"}],"author":[{"embeddable":true,"href":"https:\/\/www.europesays.com\/lt\/wp-json\/wp\/v2\/users\/2"}],"replies":[{"embeddable":true,"href":"https:\/\/www.europesays.com\/lt\/wp-json\/wp\/v2\/comments?post=120772"}],"version-history":[{"count":0,"href":"https:\/\/www.europesays.com\/lt\/wp-json\/wp\/v2\/posts\/120772\/revisions"}],"wp:featuredmedia":[{"embeddable":true,"href":"https:\/\/www.europesays.com\/lt\/wp-json\/wp\/v2\/media\/120773"}],"wp:attachment":[{"href":"https:\/\/www.europesays.com\/lt\/wp-json\/wp\/v2\/media?parent=120772"}],"wp:term":[{"taxonomy":"category","embeddable":true,"href":"https:\/\/www.europesays.com\/lt\/wp-json\/wp\/v2\/categories?post=120772"},{"taxonomy":"post_tag","embeddable":true,"href":"https:\/\/www.europesays.com\/lt\/wp-json\/wp\/v2\/tags?post=120772"}],"curies":[{"name":"wp","href":"https:\/\/api.w.org\/{rel}","templated":true}]}}