{"id":120782,"date":"2026-03-05T08:22:08","date_gmt":"2026-03-05T08:22:08","guid":{"rendered":"https:\/\/www.europesays.com\/lt\/120782\/"},"modified":"2026-03-05T08:22:08","modified_gmt":"2026-03-05T08:22:08","slug":"lenkai-kardinaliai-keicia-keliu-eismo-taisykles-sie-pokyciai-palies-ir-lietuvius","status":"publish","type":"post","link":"https:\/\/www.europesays.com\/lt\/120782\/","title":{"rendered":"Lenkai kardinaliai kei\u010dia keli\u0173 eismo taisykles, \u0161ie poky\u010diai palies ir lietuvius"},"content":{"rendered":"<p>Lenkijoje \u012fsigalioja naujas Keli\u0173 eismo taisykli\u0173 (KET) reformos etapas, svarbus ir Lietuvoje gyvenantiems ar \u012f \u0161i\u0105 \u0161al\u012f da\u017enai vykstantiems vairuotojams. <\/p>\n<p>Nuo kovo 3 dienos \u012fvedami gerokai grie\u017etesni baud\u0173 ir teis\u0117s vairuoti at\u0117mimo kriterijai u\u017e grei\u010dio vir\u0161ijim\u0105 u\u017emiestyje, atsiranda galimyb\u0117 vairuoti lengv\u0105j\u012f automobil\u012f nuo 17 met\u0173 ir kei\u010diami reikalavimai elektrini\u0173 paspirtuk\u0173 naudotojams.<\/p>\n<p>Vienas esmini\u0173 poky\u010di\u0173 \u2013 nauja tvarka, pagal kuri\u0105 atimamas vairuotojo pa\u017eym\u0117jimas. Iki \u0161iol Lenkijoje teis\u0119 vairuoti trims m\u0117nesiams prarasdavo tik tie vairuotojai, kurie gyvenviet\u0117se greit\u012f vir\u0161ydavo daugiau kaip 51 km\/val. Dabar \u0161i nuostata i\u0161ple\u010diama ir u\u017emies\u010dio keliams.<\/p>\n<p>Nuo \u0161iol vairuotojo pa\u017eym\u0117jimas bus atimamas u\u017e grei\u010dio vir\u0161ijim\u0105 51 km\/val. ir daugiau dviej\u0173 juost\u0173 keliuose, kuriuose yra viena va\u017eiuojamoji dalis. Ta\u010diau numatytos ir i\u0161imtys: \u0161i grie\u017eta sankcija nebus taikoma pa\u017eeidimams, padarytiems automagistral\u0117se (autobanuose) ir keliuose, kuriuose va\u017eiuojamosios dalys yra atskirtos.<\/p>\n<p>Be laikino teis\u0117s vairuoti at\u0117mimo trims m\u0117nesiams, pa\u017eeid\u0117jui bus skiriama pinigin\u0117 bauda nuo 1500 zlot\u0173 (apie 180 eur\u0173) ir ma\u017eiausiai 13 baudos bal\u0173. Tokius grie\u017etinimus pagrind\u017eia statistika: vien per pra\u0117jusius metus daugiau kaip 24 t\u016bkst. vairuotoj\u0173 Lenkijoje neteko teis\u0117s vairuoti b\u016btent d\u0117l grei\u010dio vir\u0161ijimo gyvenviet\u0117se.<\/p>\n<p>B kategorijos vairuotojo pa\u017eym\u0117jimas nuo 17 met\u0173<\/p>\n<p>Nuo kovo 3 dienos Lenkijoje 17 met\u0173 asmenys gali oficialiai \u012fgyti B kategorijos vairuotojo pa\u017eym\u0117jim\u0105, ta\u010diau taikomos grie\u017etos s\u0105lygos ir ribojimai.\n                    <\/p>\n<p>Reikalingas t\u0117v\u0173 ar glob\u0117j\u0173 sutikimas tiek mokymosi kursams, tiek egzaminui laikyti. Iki pilnametyst\u0117s toks vairuotojas gali vairuoti tik Lenkijos teritorijoje. Pirmuosius 6 m\u0117nesius (arba iki 18-ojo gimtadienio, jei jis ateina anks\u010diau) nepilnametis privalo vairuoti tik dalyvaujant patyrusiam lydin\u010diajam vairuotojui.<\/p>\n<p>Lydin\u010diajam asmeniui keliami \u0161ie reikalavimai: ne ma\u017eiau kaip 25 met\u0173 am\u017eius, ma\u017eiausiai 5 met\u0173 nepertraukiamas B kategorijos vairavimo sta\u017eas, visi\u0161kas blaivumas ir jokio teismo paskirto draudimo vairuoti. Jaun\u0173 vairuotoj\u0173 pa\u017eym\u0117jimuose, 12 laukelyje, bus nurodomas specialus kodas \u2013 113.<\/p>\n<p>Naujos taisykl\u0117s elektriniams paspirtukams<\/p>\n<p>Reforma paliet\u0117 ir lengv\u0173j\u0173 asmenini\u0173 transporto priemoni\u0173 \u2013 pirmiausia elektrini\u0173 paspirtuk\u0173 \u2013 naudotojus. Minimalus am\u017eius, nuo kurio leid\u017eiama vairuoti elektrin\u012f paspirtuk\u0105, didinamas nuo 10 iki 13 met\u0173.<\/p>\n<p>Be to, asmenims iki 18 met\u0173 am\u017eiaus tampa privaloma tur\u0117ti galiojant\u012f dvira\u010dio vairuotojo pa\u017eym\u0117jim\u0105 arba bet kurios kitos kategorijos vairuotojo pa\u017eym\u0117jim\u0105 (AM, A1, B1 ar T). Sulaukus pilnametyst\u0117s, kaip ir anks\u010diau, va\u017ein\u0117ti elektriniu paspirtuku galima turint tik asmens dokument\u0105 \u2013 jokio papildomo pa\u017eym\u0117jimo nereikia.<\/p>\n<p>\n\t\t\t\tKaip vertinate \u0161\u012f \u012fra\u0161\u0105?\n\t\t\t<\/p>\n","protected":false},"excerpt":{"rendered":"Lenkijoje \u012fsigalioja naujas Keli\u0173 eismo taisykli\u0173 (KET) reformos etapas, svarbus ir Lietuvoje gyvenantiems ar \u012f \u0161i\u0105 \u0161al\u012f da\u017enai&hellip;\n","protected":false},"author":2,"featured_media":120783,"comment_status":"","ping_status":"","sticky":false,"template":"","format":"standard","meta":{"footnotes":"","_share_on_mastodon":"0"},"categories":[13],"tags":[25,30,31,563,34,35,24,1024,32,33,37,39,36,38,40,23,22,28,29,26,27],"class_list":["post-120782","post","type-post","status-publish","format-standard","has-post-thumbnail","category-lietuva","tag-antrastes","tag-breaking-news","tag-breakingnews","tag-eismas","tag-featured-news","tag-featurednews","tag-headlines","tag-ket","tag-latest-news","tag-latestnews","tag-lietuva","tag-lietuviu","tag-lithuania","tag-lithuanian","tag-lt","tag-naujienos","tag-news","tag-populiariausios-naujienos","tag-populiariausiosnaujienos","tag-top-stories","tag-topstories"],"share_on_mastodon":{"url":"https:\/\/pubeurope.com\/@lt\/116175604784733628","error":""},"_links":{"self":[{"href":"https:\/\/www.europesays.com\/lt\/wp-json\/wp\/v2\/posts\/120782","targetHints":{"allow":["GET"]}}],"collection":[{"href":"https:\/\/www.europesays.com\/lt\/wp-json\/wp\/v2\/posts"}],"about":[{"href":"https:\/\/www.europesays.com\/lt\/wp-json\/wp\/v2\/types\/post"}],"author":[{"embeddable":true,"href":"https:\/\/www.europesays.com\/lt\/wp-json\/wp\/v2\/users\/2"}],"replies":[{"embeddable":true,"href":"https:\/\/www.europesays.com\/lt\/wp-json\/wp\/v2\/comments?post=120782"}],"version-history":[{"count":0,"href":"https:\/\/www.europesays.com\/lt\/wp-json\/wp\/v2\/posts\/120782\/revisions"}],"wp:featuredmedia":[{"embeddable":true,"href":"https:\/\/www.europesays.com\/lt\/wp-json\/wp\/v2\/media\/120783"}],"wp:attachment":[{"href":"https:\/\/www.europesays.com\/lt\/wp-json\/wp\/v2\/media?parent=120782"}],"wp:term":[{"taxonomy":"category","embeddable":true,"href":"https:\/\/www.europesays.com\/lt\/wp-json\/wp\/v2\/categories?post=120782"},{"taxonomy":"post_tag","embeddable":true,"href":"https:\/\/www.europesays.com\/lt\/wp-json\/wp\/v2\/tags?post=120782"}],"curies":[{"name":"wp","href":"https:\/\/api.w.org\/{rel}","templated":true}]}}