{"id":120836,"date":"2026-03-05T09:21:57","date_gmt":"2026-03-05T09:21:57","guid":{"rendered":"https:\/\/www.europesays.com\/lt\/120836\/"},"modified":"2026-03-05T09:21:57","modified_gmt":"2026-03-05T09:21:57","slug":"aktyvista-nuteise-del-patyciu-is-baltarusijos-opozicijos-respublika-lt","status":"publish","type":"post","link":"https:\/\/www.europesays.com\/lt\/120836\/","title":{"rendered":"Aktyvist\u0105 nuteis\u0117 d\u0117l paty\u010di\u0173 i\u0161 Baltarusijos opozicijos &#8211; Respublika.lt"},"content":{"rendered":"<p><img loading=\"lazy\" decoding=\"async\" src=\"https:\/\/www.respublika.lt\/lt\/naujienos\/lietuva\/kitos-lietuvos-zinios\/aktyvista-nuteise-del-patyciu-is-baltarusijos-opozicijos\/images\/ico_camera_white.gif\" class=\"camera\" width=\"22\" height=\"15\" alt=\"nuotr.\" style=\"position:relative; top:-2px; right:2px;\"\/> 1 nuotr.<\/p>\n<p>Laurynas Ragelskis. Eltos nuotr.<\/p>\n<p style=\"text-align: justify;\" class=\"desktop_banner\">\u00a0<\/p>\n<p>Vilniaus miesto apylink\u0117s teismas tre\u010diadien\u012f d\u0117l ty\u010diojimosi i\u0161 baltarusi\u0173 ir \u017eyd\u0173, vie\u0161osios pagarbos vietos i\u0161niekinimo tinklara\u0161tininkui Laurynui Ragelskiui skyr\u0117 1 met\u0173 ir 9 m\u0117nesi\u0173 laisv\u0117s apribojim\u0105, 12,5 t\u016bkst. eur\u0173 baud\u0105, bausm\u0117s vykdymo laikotarpiu u\u017edraud\u0117 naudotis socialiniais tinklais. Jis tur\u0117s dalyvauti elgesio pataisos programoje ir kt.<\/p>\n<p>Prokurat\u016bros duomenimis, 2020 m. spal\u012f kaltinamasis prie Baltarusijos ambasados Vilniuje save filmavo, ty\u010diojosi i\u0161 protestuojan\u010di\u0173 \u017emoni\u0173, kalb\u0117jo apie getus, litvakus, vartojo \u017eod\u017eius \u201eapipjaustyti ko\u0161eriniai litvakai&#8221; ir kt.<\/p>\n<p>Kitame \u201eYoutube&#8221; kanale paskelbtame vaizdo \u012fra\u0161e, anot teis\u0117saugos, L.Ragelskis \u012f\u017eeidin\u0117jo protestuojan\u010diuosius prie\u0161 Baltarusijos prezident\u0105 Aliaksandr\u0105 Luka\u0161enk\u0105, ty\u010diojosi i\u0161 j\u0173.<\/p>\n<p>Taip pat, tyrimo duomenimis, viename i\u0161 \u012fra\u0161\u0173 jis fiksavo, kaip \u012f \u0161iuk\u0161li\u0173 mai\u0161\u0105 sukrov\u0117 prie ambasados pastatytus nuo Minsko re\u017eimo \u017euvusi\u0173 aktyvist\u0173 portretus, pastatytas \u017evakes, g\u0117les.<\/p>\n<p>Kaltinamasis paai\u0161kino, kad nor\u0117jo pa\u0161alinti ant kelio, jo manymu, sud\u0117tas \u0161iuk\u0161les ir taip parodyti baltarusiams, kad reikia laikytis m\u016bs\u0173 \u0161alies \u012fstatym\u0173.<\/p>\n<p>Vyras tikino, kad nesiek\u0117 nieko diskriminuoti, riboti \u017emoni\u0173 teises, o jo pasisakymai buvo emocingi, poleminiai, skirti sukelti diskusij\u0105.<\/p>\n","protected":false},"excerpt":{"rendered":"1 nuotr. Laurynas Ragelskis. Eltos nuotr. \u00a0 Vilniaus miesto apylink\u0117s teismas tre\u010diadien\u012f d\u0117l ty\u010diojimosi i\u0161 baltarusi\u0173 ir \u017eyd\u0173,&hellip;\n","protected":false},"author":2,"featured_media":120837,"comment_status":"","ping_status":"","sticky":false,"template":"","format":"standard","meta":{"footnotes":"","_share_on_mastodon":"0"},"categories":[13],"tags":[25,9076,30,31,34,35,24,32,33,37,39,36,38,40,23,22,13886,1883,28,29,22212,22213,255,26,27],"class_list":["post-120836","post","type-post","status-publish","format-standard","has-post-thumbnail","category-lietuva","tag-antrastes","tag-baltarusiai","tag-breaking-news","tag-breakingnews","tag-featured-news","tag-featurednews","tag-headlines","tag-latest-news","tag-latestnews","tag-lietuva","tag-lietuviu","tag-lithuania","tag-lithuanian","tag-lt","tag-naujienos","tag-news","tag-niekinimas","tag-nuosprendis","tag-populiariausios-naujienos","tag-populiariausiosnaujienos","tag-ragelskis","tag-soctinklai","tag-teismas","tag-top-stories","tag-topstories"],"share_on_mastodon":{"url":"https:\/\/pubeurope.com\/@lt\/116175840426718844","error":""},"_links":{"self":[{"href":"https:\/\/www.europesays.com\/lt\/wp-json\/wp\/v2\/posts\/120836","targetHints":{"allow":["GET"]}}],"collection":[{"href":"https:\/\/www.europesays.com\/lt\/wp-json\/wp\/v2\/posts"}],"about":[{"href":"https:\/\/www.europesays.com\/lt\/wp-json\/wp\/v2\/types\/post"}],"author":[{"embeddable":true,"href":"https:\/\/www.europesays.com\/lt\/wp-json\/wp\/v2\/users\/2"}],"replies":[{"embeddable":true,"href":"https:\/\/www.europesays.com\/lt\/wp-json\/wp\/v2\/comments?post=120836"}],"version-history":[{"count":0,"href":"https:\/\/www.europesays.com\/lt\/wp-json\/wp\/v2\/posts\/120836\/revisions"}],"wp:featuredmedia":[{"embeddable":true,"href":"https:\/\/www.europesays.com\/lt\/wp-json\/wp\/v2\/media\/120837"}],"wp:attachment":[{"href":"https:\/\/www.europesays.com\/lt\/wp-json\/wp\/v2\/media?parent=120836"}],"wp:term":[{"taxonomy":"category","embeddable":true,"href":"https:\/\/www.europesays.com\/lt\/wp-json\/wp\/v2\/categories?post=120836"},{"taxonomy":"post_tag","embeddable":true,"href":"https:\/\/www.europesays.com\/lt\/wp-json\/wp\/v2\/tags?post=120836"}],"curies":[{"name":"wp","href":"https:\/\/api.w.org\/{rel}","templated":true}]}}