{"id":120992,"date":"2026-03-05T11:52:11","date_gmt":"2026-03-05T11:52:11","guid":{"rendered":"https:\/\/www.europesays.com\/lt\/120992\/"},"modified":"2026-03-05T11:52:11","modified_gmt":"2026-03-05T11:52:11","slug":"irano-dronas-atakavo-oro-uosta-azerbaidzane","status":"publish","type":"post","link":"https:\/\/www.europesays.com\/lt\/120992\/","title":{"rendered":"Irano dronas atakavo oro uost\u0105 Azerbaid\u017eane"},"content":{"rendered":"<p>\u0160alies u\u017esienio reikal\u0173 ministerija skelbia, kad i\u0161 Irano teritorijos buvo surengta dron\u0173 ataka, per kuri\u0105 su\u017eeisti du \u017emon\u0117s.<\/p>\n<p>Ministerijos parei\u0161kime nurodoma, kad kovo 5 dien\u0105 i\u0161 Irano teritorijos paleisti bepilo\u010diai orlaiviai atakavo objektus Nach\u010divano teritorijoje. Vienas i\u0161 dron\u0173 nukrito ant tarptautinio oro uosto terminalo pastato, o antrasis \u2013 prie mokyklos \u0160ekerabado kaime.<\/p>\n<p>    <img decoding=\"async\" src=\"https:\/\/www.europesays.com\/lt\/wp-content\/uploads\/2026\/03\/75e2897f-340c-41a1-8748-df65d32b3043.jpg\" loading=\"lazy\" alt=\"Dronas i\u0161 Irano nukrito Azerbaid\u017eano oro uoste\"\/>        <\/p>\n<p>Nachi\u010devan\u0117s tarptautinis oro uostas yra ma\u017edaug u\u017e 10 km nuo sienos su Iranu. <\/p>\n<p>Socialiniuose tinkluose plintan\u010diuose vaizdo \u012fra\u0161uose matyti prie oro uosto kylantys d\u016bmai.<\/p>\n<p>\u012e U\u017esienio reikal\u0173 ministerij\u0105 buvo i\u0161kviestas Irano ambasadorius.<\/p>\n<p>\u201eBaku grie\u017etai smerkia \u0161\u012f incident\u0105, tokie veiksmai prie\u0161tarauja tarptautin\u0117s teis\u0117s normoms bei principams ir kursto \u012ftamp\u0105 regione. &lt;&#8230;&gt; Azerbaid\u017eanas pasilieka sau teis\u0119 imtis b\u016btin\u0173 atsakom\u0173j\u0173 priemoni\u0173\u201c, \u2013 sakoma prane\u0161ime.<\/p>\n<p>         <img decoding=\"async\" src=\"https:\/\/www.europesays.com\/lt\/wp-content\/uploads\/2026\/03\/d8e92f9b-108e-4072-8163-0f0c8e5a0a5b.jpg\" loading=\"lazy\" alt=\"Irano dronas Azerbaid\u017eane\"\/>    <\/p>\n<p>Iranas jau seniai rei\u0161k\u0117 susir\u016bpinim\u0105, kad Izraelis \u2013 artimas Azerbaid\u017eano s\u0105jungininkas ir pagrindinis ginkl\u0173 tiek\u0117jas \u2013 gali panaudoti Azerbaid\u017eano teritorij\u0105 atakoms rengti.<\/p>\n<p>Pra\u0117jusi\u0173 met\u0173 bir\u017eel\u012f, po to, kai Izraelis sureng\u0117 plataus masto sm\u016bgius \u012f taikinius Irane, Azerbaid\u017eanas patikino Iran\u0105, kad neleis savo teritorijos panaudoti atakoms prie\u0161 Teheran\u0105.<\/p>\n<p>Teheranas istori\u0161kai baiminasi separatistini\u0173 nuotaik\u0173 tarp savo etnin\u0117s azerbaid\u017eanie\u010di\u0173 ma\u017eumos, kuri\u0105 sudaro apie 10 mln. i\u0161 83 mln. Irano gyventoj\u0173.<\/p>\n","protected":false},"excerpt":{"rendered":"\u0160alies u\u017esienio reikal\u0173 ministerija skelbia, kad i\u0161 Irano teritorijos buvo surengta dron\u0173 ataka, per kuri\u0105 su\u017eeisti du \u017emon\u0117s.&hellip;\n","protected":false},"author":2,"featured_media":120993,"comment_status":"","ping_status":"","sticky":false,"template":"","format":"standard","meta":{"footnotes":"","_share_on_mastodon":"0"},"categories":[15],"tags":[25,466,30,31,34,35,24,79,32,33,37,39,36,38,40,23,22,44,28,29,26,27,74,75,76],"class_list":["post-120992","post","type-post","status-publish","format-standard","has-post-thumbnail","category-pasaulis","tag-antrastes","tag-azerbaidzanas","tag-breaking-news","tag-breakingnews","tag-featured-news","tag-featurednews","tag-headlines","tag-iranas","tag-latest-news","tag-latestnews","tag-lietuva","tag-lietuviu","tag-lithuania","tag-lithuanian","tag-lt","tag-naujienos","tag-news","tag-pasaulis","tag-populiariausios-naujienos","tag-populiariausiosnaujienos","tag-top-stories","tag-topstories","tag-world","tag-world-news","tag-worldnews"],"share_on_mastodon":{"url":"https:\/\/pubeurope.com\/@lt\/116176430250170345","error":""},"_links":{"self":[{"href":"https:\/\/www.europesays.com\/lt\/wp-json\/wp\/v2\/posts\/120992","targetHints":{"allow":["GET"]}}],"collection":[{"href":"https:\/\/www.europesays.com\/lt\/wp-json\/wp\/v2\/posts"}],"about":[{"href":"https:\/\/www.europesays.com\/lt\/wp-json\/wp\/v2\/types\/post"}],"author":[{"embeddable":true,"href":"https:\/\/www.europesays.com\/lt\/wp-json\/wp\/v2\/users\/2"}],"replies":[{"embeddable":true,"href":"https:\/\/www.europesays.com\/lt\/wp-json\/wp\/v2\/comments?post=120992"}],"version-history":[{"count":0,"href":"https:\/\/www.europesays.com\/lt\/wp-json\/wp\/v2\/posts\/120992\/revisions"}],"wp:featuredmedia":[{"embeddable":true,"href":"https:\/\/www.europesays.com\/lt\/wp-json\/wp\/v2\/media\/120993"}],"wp:attachment":[{"href":"https:\/\/www.europesays.com\/lt\/wp-json\/wp\/v2\/media?parent=120992"}],"wp:term":[{"taxonomy":"category","embeddable":true,"href":"https:\/\/www.europesays.com\/lt\/wp-json\/wp\/v2\/categories?post=120992"},{"taxonomy":"post_tag","embeddable":true,"href":"https:\/\/www.europesays.com\/lt\/wp-json\/wp\/v2\/tags?post=120992"}],"curies":[{"name":"wp","href":"https:\/\/api.w.org\/{rel}","templated":true}]}}