{"id":121195,"date":"2026-03-05T16:06:17","date_gmt":"2026-03-05T16:06:17","guid":{"rendered":"https:\/\/www.europesays.com\/lt\/121195\/"},"modified":"2026-03-05T16:06:17","modified_gmt":"2026-03-05T16:06:17","slug":"del-neramumu-atsaukta-dalis-skrydziu-is-jk-i-kipra-kas-laukia-keleiviu-is-lietuvos-delfi","status":"publish","type":"post","link":"https:\/\/www.europesays.com\/lt\/121195\/","title":{"rendered":"D\u0117l neramum\u0173 at\u0161aukta dalis skryd\u017ei\u0173 i\u0161 JK \u012f Kipr\u0105: kas laukia keleivi\u0173 i\u0161 Lietuvos? &#8211; Delfi"},"content":{"rendered":"<ol>\n<li><a href=\"https:\/\/news.google.com\/rss\/articles\/CBMizAFBVV95cUxPU0F4RHBlel9VVzVycHRaMHhuOV94TXZVaDhYNkpUQ1FNYi1DSVQ0TTFhZXY5NUphWkx1SzE2SmE4c1llTDNxLVdXYVgybS1DbFVKS01VWlBTeW82cnBpUzFsd3FzXzlJcW9mWlRUdEpvb2hlVHF4a19ZX1A0RGVtODVSUFJqU25Tc04tVnZfdWpXa0otWXhQN2Y5V0FHalVIOU5UQUduWFJnbGc1ZTRGNE9sYlJFc0RfRm1TRXVKWF9IMmk0X1JQZXJiV0Y?oc=5\" target=\"_blank\" rel=\"nofollow noopener\">D\u0117l neramum\u0173 at\u0161aukta dalis skryd\u017ei\u0173 i\u0161 JK \u012f Kipr\u0105: kas laukia keleivi\u0173 i\u0161 Lietuvos?<\/a>&nbsp;&nbsp;Delfi<\/li>\n<li><a href=\"https:\/\/news.google.com\/rss\/articles\/CBMivwFBVV95cUxObWR6QzFKNGUycnp5VC05YkE5a0VYUXkxZk1OdVc3RW82NHJ0YkR0cHRmcEVNTlpnd0xRX0FPaWlBczZJa0FvUHN3MDdadnZLQUZxQzdpaEtnTDVhRGU1NmJ2NVlyZENBNDYwbjY0cTIyRGdnbkdOY0w4WXhUNmdxNWlnVk02S0tVZVdsTk8tNURCYkxvWGpkdm9fSmxzdHNXMnZWdVNHblJsWHZ5dVYxR1hsczJ2SV92U2lILTBHdw?oc=5\" target=\"_blank\" rel=\"nofollow noopener\">Kipro gyventojai sukr\u0117sti: prie\u0161 kelias dienas tai buvo ne\u012fsivaizduojama<\/a>&nbsp;&nbsp;Delfi<\/li>\n<li><a href=\"https:\/\/news.google.com\/rss\/articles\/CBMizgFBVV95cUxOeEFkWG5LTnlDY2o5eldwSENMU3ptdTFVWEg5STFkUUlNejJOU3dtVkFxWXZHREFaYlNXbEI2MFF1SzIyWElPNVgzY19hQTJ0MUxsdlJjWjcyMUVMSmhQV3NMTllVYmNkbWJHRXY4SWkyZFQ0SlRyUkJqSWRpZXpSQ1A2QUNldmREVlM3eXRTS0IzSGY3SGxOdHl4X0xTRkQtZmJ6TUFDd1BuSy0wanZ6eUpJWmRJa2R0cm9nY1FxdER0QUZpQzl4X2VScjk3Zw?oc=5\" target=\"_blank\" rel=\"nofollow noopener\">T\u0119siantis karui Artimuosiuose Rytuose, JK gynybos sekretorius vyksta \u012f Kipr\u0105<\/a>&nbsp;&nbsp;15min.lt<\/li>\n<li><a href=\"https:\/\/news.google.com\/rss\/articles\/CBMitwFBVV95cUxPM01zYlZUQWRYUEFybUJ6cjNocmh2UTVmRnlMS2pBcGtJdEthWGNKQ0owdXhaUTBKR2Q4OHdpYmVLYVY5cXFNQTlwYzJ1b2tJMTVxZ202bXRlZVlNbXhYY2ptV2JmRVc5dTJ5Y2N6cDRiYy1qak5STGdDR1o3R2RlLTFpVFBWOXFxbWVrY1M3T3Z2RmZSVWp5TUg0eVdSRWRnRExNdXpOMmFzbFpXbUlibFlWM050eTA?oc=5\" target=\"_blank\" rel=\"nofollow noopener\">Sm\u016bgis brit\u0173 bazei Kipre: ai\u0161k\u0117ja, kad dronas buvo paleistas ne i\u0161 Irano<\/a>&nbsp;&nbsp;tv3.lt<\/li>\n<li><a href=\"https:\/\/news.google.com\/rss\/articles\/CBMitAFBVV95cUxQbGN6X0p0R1MtWGlKeEdGMkp6YWZ3c1JxdzJocG8wd29oYWZPa0k0X1Q0SS1Xc3hKQlZheVdLNFFzTXN1bWxqVWJTSUNEb0M2ZERqakQwYkhfQUVGU2Jxb29pX0VkUUVzblprNWJIOEhiejVwM1JZU0U2cnVRS1l3Sk5SckJCZVNpdWF2R2hEeGgtbXhTZUw2clctTWJoZ256U3l0S0IzTlV0QjFBVHFIdlVtcmk?oc=5\" target=\"_blank\" rel=\"nofollow noopener\">\u201eLufthansa\u201c stabdo skryd\u017eius i\u0161 ir \u012f Kipr\u0105<\/a>&nbsp;&nbsp;Respublika<\/li>\n<\/ol>\n","protected":false},"excerpt":{"rendered":"D\u0117l neramum\u0173 at\u0161aukta dalis skryd\u017ei\u0173 i\u0161 JK \u012f Kipr\u0105: kas laukia keleivi\u0173 i\u0161 Lietuvos?&nbsp;&nbsp;Delfi Kipro gyventojai sukr\u0117sti: prie\u0161&hellip;\n","protected":false},"author":2,"featured_media":121196,"comment_status":"","ping_status":"","sticky":false,"template":"","format":"standard","meta":{"footnotes":"","_share_on_mastodon":"0"},"categories":[15],"tags":[3281,25,30,31,34,35,24,10379,32,33,37,39,36,38,40,23,22,44,28,29,1329,26,27,74,75,76],"class_list":["post-121195","post","type-post","status-publish","format-standard","has-post-thumbnail","category-pasaulis","tag-wizz-air","tag-antrastes","tag-breaking-news","tag-breakingnews","tag-featured-news","tag-featurednews","tag-headlines","tag-kipras","tag-latest-news","tag-latestnews","tag-lietuva","tag-lietuviu","tag-lithuania","tag-lithuanian","tag-lt","tag-naujienos","tag-news","tag-pasaulis","tag-populiariausios-naujienos","tag-populiariausiosnaujienos","tag-ryanair","tag-top-stories","tag-topstories","tag-world","tag-world-news","tag-worldnews"],"share_on_mastodon":{"url":"https:\/\/pubeurope.com\/@lt\/116177429004475914","error":""},"_links":{"self":[{"href":"https:\/\/www.europesays.com\/lt\/wp-json\/wp\/v2\/posts\/121195","targetHints":{"allow":["GET"]}}],"collection":[{"href":"https:\/\/www.europesays.com\/lt\/wp-json\/wp\/v2\/posts"}],"about":[{"href":"https:\/\/www.europesays.com\/lt\/wp-json\/wp\/v2\/types\/post"}],"author":[{"embeddable":true,"href":"https:\/\/www.europesays.com\/lt\/wp-json\/wp\/v2\/users\/2"}],"replies":[{"embeddable":true,"href":"https:\/\/www.europesays.com\/lt\/wp-json\/wp\/v2\/comments?post=121195"}],"version-history":[{"count":0,"href":"https:\/\/www.europesays.com\/lt\/wp-json\/wp\/v2\/posts\/121195\/revisions"}],"wp:featuredmedia":[{"embeddable":true,"href":"https:\/\/www.europesays.com\/lt\/wp-json\/wp\/v2\/media\/121196"}],"wp:attachment":[{"href":"https:\/\/www.europesays.com\/lt\/wp-json\/wp\/v2\/media?parent=121195"}],"wp:term":[{"taxonomy":"category","embeddable":true,"href":"https:\/\/www.europesays.com\/lt\/wp-json\/wp\/v2\/categories?post=121195"},{"taxonomy":"post_tag","embeddable":true,"href":"https:\/\/www.europesays.com\/lt\/wp-json\/wp\/v2\/tags?post=121195"}],"curies":[{"name":"wp","href":"https:\/\/api.w.org\/{rel}","templated":true}]}}