{"id":12162,"date":"2025-10-07T11:17:13","date_gmt":"2025-10-07T11:17:13","guid":{"rendered":"https:\/\/www.europesays.com\/lt\/12162\/"},"modified":"2025-10-07T11:17:13","modified_gmt":"2025-10-07T11:17:13","slug":"naujas-tarptautinis-ledo-ritulio-turnyras-startuos-elektrenuose","status":"publish","type":"post","link":"https:\/\/www.europesays.com\/lt\/12162\/","title":{"rendered":"Naujas tarptautinis ledo ritulio turnyras startuos Elektr\u0117nuose"},"content":{"rendered":"\n<p>Nuo lapkri\u010dio startuoja Europos Taut\u0173 taur\u0117s turnyras, kuriame dalyvaus 18 rinktini\u0173: Vokietijos, Slovakijos, Latvijos, Norvegijos, Danijos, Austrijos, Vengrijos, Lenkijos, Pranc\u016bzijos, Slov\u0117nijos, Did\u017eiosios Britanijos, Italijos, Nyderland\u0173, Lietuvos, Estijos, Ispanijos, Rumunijos ir Ukrainos. <\/p>\n<p>Komandos pagal paj\u0117gum\u0105 suskirstytos \u012f penkias grupes. Lietuva \u017eais su Ukrainos ir Rumunijos rinktin\u0117mis, be to, priims pirm\u0105sias savo grup\u0117s kovas, kurios lapkri\u010dio 6-8 d. vyks Elektr\u0117n\u0173 ledo arenoje.<\/p>\n<p>Lik\u0119 turai bus \u017eaid\u017eiami ateinant\u012f gruod\u012f ir vasar\u012f.<\/p>\n<p>Taut\u0173 taur\u0117s turnyras Senajame \u017eemyne atkurs iki 1991 met\u0173 rengto Europos \u010dempionato tradicijas.<\/p>\n","protected":false},"excerpt":{"rendered":"Nuo lapkri\u010dio startuoja Europos Taut\u0173 taur\u0117s turnyras, kuriame dalyvaus 18 rinktini\u0173: Vokietijos, Slovakijos, Latvijos, Norvegijos, Danijos, Austrijos, Vengrijos,&hellip;\n","protected":false},"author":2,"featured_media":12163,"comment_status":"","ping_status":"","sticky":false,"template":"","format":"standard","meta":{"footnotes":""},"categories":[19],"tags":[107,37,39,36,38,40,47,104],"class_list":{"0":"post-12162","1":"post","2":"type-post","3":"status-publish","4":"format-standard","5":"has-post-thumbnail","7":"category-sportas","8":"tag-ledo-ritulys","9":"tag-lietuva","10":"tag-lietuviu","11":"tag-lithuania","12":"tag-lithuanian","13":"tag-lt","14":"tag-sportas","15":"tag-sports"},"share_on_mastodon":{"url":"","error":""},"_links":{"self":[{"href":"https:\/\/www.europesays.com\/lt\/wp-json\/wp\/v2\/posts\/12162","targetHints":{"allow":["GET"]}}],"collection":[{"href":"https:\/\/www.europesays.com\/lt\/wp-json\/wp\/v2\/posts"}],"about":[{"href":"https:\/\/www.europesays.com\/lt\/wp-json\/wp\/v2\/types\/post"}],"author":[{"embeddable":true,"href":"https:\/\/www.europesays.com\/lt\/wp-json\/wp\/v2\/users\/2"}],"replies":[{"embeddable":true,"href":"https:\/\/www.europesays.com\/lt\/wp-json\/wp\/v2\/comments?post=12162"}],"version-history":[{"count":0,"href":"https:\/\/www.europesays.com\/lt\/wp-json\/wp\/v2\/posts\/12162\/revisions"}],"wp:featuredmedia":[{"embeddable":true,"href":"https:\/\/www.europesays.com\/lt\/wp-json\/wp\/v2\/media\/12163"}],"wp:attachment":[{"href":"https:\/\/www.europesays.com\/lt\/wp-json\/wp\/v2\/media?parent=12162"}],"wp:term":[{"taxonomy":"category","embeddable":true,"href":"https:\/\/www.europesays.com\/lt\/wp-json\/wp\/v2\/categories?post=12162"},{"taxonomy":"post_tag","embeddable":true,"href":"https:\/\/www.europesays.com\/lt\/wp-json\/wp\/v2\/tags?post=12162"}],"curies":[{"name":"wp","href":"https:\/\/api.w.org\/{rel}","templated":true}]}}