{"id":121793,"date":"2026-03-06T09:56:09","date_gmt":"2026-03-06T09:56:09","guid":{"rendered":"https:\/\/www.europesays.com\/lt\/121793\/"},"modified":"2026-03-06T09:56:09","modified_gmt":"2026-03-06T09:56:09","slug":"prabilo-tariama-gordono-ramsay-meiluze-moteris-inirsusi","status":"publish","type":"post","link":"https:\/\/www.europesays.com\/lt\/121793\/","title":{"rendered":"Prabilo tariama Gordono Ramsay meilu\u017e\u0117: moteris \u012fnir\u0161usi"},"content":{"rendered":"<p>Sako, kad dokumentikoje apstu melo<\/p>\n<p>Tariama buvusi G. Ramsay <a rel=\"noopener nofollow\" target=\"_blank\" href=\"https:\/\/www.delfi.lt\/temos\/meiluze\" tag-id=\"54309839\">meilu\u017e\u0117<\/a> vie\u0161ai prabilo po to, kai naujoji garsaus \u0161efo \u201emelaginga\u201c \u201eNetflix\u201c dokumentikos serija, anot jos, jai su\u017eadino potrauminio streso sutrikim\u0105 (PTSS). J\u012f ji teigia patyrusi po to, kai jis eteryje paneig\u0117 j\u0173 septynerius metus trukus\u012f roman\u0105.<\/p>\n<p>Be to, 56 met\u0173 Sarah Symonds pavadino <a rel=\"noopener nofollow\" target=\"_blank\" href=\"https:\/\/www.delfi.lt\/temos\/sefas\" tag-id=\"66532752\">\u017evaig\u017ed\u0119<\/a> ir jo dokumentin\u012f film\u0105 \u201enetikrais\u201c, teigdama, kad jo santuoka su <a rel=\"noopener nofollow\" target=\"_blank\" href=\"https:\/\/www.delfi.lt\/temos\/zmona\" tag-id=\"59308759\">\u017emona<\/a> Tana visada buvo tik \u201eapsimetin\u0117jimas\u201c.<\/p>\n<p>Serialas \u201eBeing Gordon Ramsay\u201c pasirod\u0117 dar vasario 18 d. \u0160e\u0161i\u0173 dali\u0173 istorijoje \u017ei\u016brovams es\u0105 atskleid\u017eiama jautresn\u0117, ma\u017eiau matyta grie\u017etojo televizijos \u0161efo pus\u0117. <\/p>\n<p>59 met\u0173 Gordonas prie\u0161 kameras net pravirksta, kalb\u0117damas apie savo darbinink\u0173 klas\u0117s kilm\u0119 ir apie tai, kad ankstyvoje savo vaik\u0173 vaikyst\u0117je da\u017enai neb\u016bdavo \u0161alia kaip t\u0117vas, ra\u0161o mirror.co.uk. <\/p>\n","protected":false},"excerpt":{"rendered":"Sako, kad dokumentikoje apstu melo Tariama buvusi G. Ramsay meilu\u017e\u0117 vie\u0161ai prabilo po to, kai naujoji garsaus \u0161efo&hellip;\n","protected":false},"author":2,"featured_media":121794,"comment_status":"","ping_status":"","sticky":false,"template":"","format":"standard","meta":{"footnotes":"","_share_on_mastodon":"0"},"categories":[21],"tags":[113,22326,37,39,36,38,40,22325,114,8237,863],"class_list":["post-121793","post","type-post","status-publish","format-standard","has-post-thumbnail","category-pramogos","tag-entertainment","tag-gordonas-ramsay","tag-lietuva","tag-lietuviu","tag-lithuania","tag-lithuanian","tag-lt","tag-meiluze","tag-pramogos","tag-sefas","tag-zmona"],"share_on_mastodon":{"url":"https:\/\/pubeurope.com\/@lt\/116181636448648308","error":""},"_links":{"self":[{"href":"https:\/\/www.europesays.com\/lt\/wp-json\/wp\/v2\/posts\/121793","targetHints":{"allow":["GET"]}}],"collection":[{"href":"https:\/\/www.europesays.com\/lt\/wp-json\/wp\/v2\/posts"}],"about":[{"href":"https:\/\/www.europesays.com\/lt\/wp-json\/wp\/v2\/types\/post"}],"author":[{"embeddable":true,"href":"https:\/\/www.europesays.com\/lt\/wp-json\/wp\/v2\/users\/2"}],"replies":[{"embeddable":true,"href":"https:\/\/www.europesays.com\/lt\/wp-json\/wp\/v2\/comments?post=121793"}],"version-history":[{"count":0,"href":"https:\/\/www.europesays.com\/lt\/wp-json\/wp\/v2\/posts\/121793\/revisions"}],"wp:featuredmedia":[{"embeddable":true,"href":"https:\/\/www.europesays.com\/lt\/wp-json\/wp\/v2\/media\/121794"}],"wp:attachment":[{"href":"https:\/\/www.europesays.com\/lt\/wp-json\/wp\/v2\/media?parent=121793"}],"wp:term":[{"taxonomy":"category","embeddable":true,"href":"https:\/\/www.europesays.com\/lt\/wp-json\/wp\/v2\/categories?post=121793"},{"taxonomy":"post_tag","embeddable":true,"href":"https:\/\/www.europesays.com\/lt\/wp-json\/wp\/v2\/tags?post=121793"}],"curies":[{"name":"wp","href":"https:\/\/api.w.org\/{rel}","templated":true}]}}