{"id":121951,"date":"2026-03-06T13:27:10","date_gmt":"2026-03-06T13:27:10","guid":{"rendered":"https:\/\/www.europesays.com\/lt\/121951\/"},"modified":"2026-03-06T13:27:10","modified_gmt":"2026-03-06T13:27:10","slug":"azerbaidzanas-evakuoja-savo-diplomatus-is-irano","status":"publish","type":"post","link":"https:\/\/www.europesays.com\/lt\/121951\/","title":{"rendered":"Azerbaid\u017eanas evakuoja savo diplomatus i\u0161 Irano"},"content":{"rendered":"<p>Incidentas pasienyje suk\u0117l\u0117 baim\u0119, kad Artim\u0173j\u0173 Ryt\u0173 karas gali persimesti \u012f Kaukazo region\u0105, o Teheranas apkaltino Izrael\u012f \u2013 Azerbaid\u017eano s\u0105junginink\u0105 \u2013 surengus provokacij\u0105.<\/p>\n<p>Ketvirtadienio atakose dalyvavo ma\u017eiausiai keturi bepilo\u010diai orlaiviai, kurie i\u0161 Irano perskrido \u012f kaimynin\u012f Azerbaid\u017eano Nachi\u010devan\u0117s eksklav\u0105.<\/p>\n<p>Vienas j\u0173 pataik\u0117 \u012f oro uost\u0105, o kitas sprogo netoli mokyklos, prane\u0161\u0117 Baku. Buvo su\u017eeisti keturi \u017emon\u0117s.<\/p>\n<p>Azerbaid\u017eano prezidentas <a rel=\"noopener nofollow\" target=\"_blank\" href=\"https:\/\/www.delfi.lt\/temos\/ilhamas-alijevas\" tag-id=\"49724360\">Ilhamas Alijevas<\/a> apkaltino Iran\u0105 \u201eterorizmu\u201c ir pagrasino atsakomaisiais veiksmais.<\/p>\n<p>Irano ginkluot\u0173j\u0173 paj\u0117g\u0173 generalinis \u0161tabas parei\u0161k\u0117, kad atak\u0105 \u012fvykd\u0117 ne jie, ir pir\u0161tu bed\u0117 \u012f Izrael\u012f.<\/p>\n<p>\u201eAzerbaid\u017eanas evakuoja savo diplomatin\u012f personal\u0105 i\u0161 Irano. \u0160is procesas taikomas ir ambasadai Teherane, ir konsulatui Tabrize\u201c, \u2013 penktadien\u012f sak\u0117 u\u017esienio reikal\u0173 ministras D\u017eeichunas Bairamovas. \u2013 Dabar vykdomi su tuo susij\u0119 darbai.\u201c<\/p>\n<p>\u201eVakar per pokalb\u012f telefonu su Irano u\u017esienio reikal\u0173 ministru [Abbasu Araghchi] rimtai aptar\u0117me \u0161\u012f klausim\u0105. Irano atstovai pa\u017ead\u0117jo nuodugniai i\u0161tirti \u0161\u012f incident\u0105 ir dabar laukiame rezultat\u0173\u201c, \u2013 prid\u016br\u0117 jis.<\/p>\n<p>Iranas jau seniai rei\u0161kia susir\u016bpinim\u0105, kad Izraelis \u2013 artimas Azerbaid\u017eano s\u0105jungininkas ir svarbus ginkl\u0173 tiek\u0117jas \u2013 gali pasinaudoti Azerbaid\u017eano teritorija atakoms rengti.<\/p>\n<p>2025 m. bir\u017eel\u012f Azerbaid\u017eanas patikino Teheran\u0105, kad neleis naudotis savo teritorija, po to, kai Izraelis sureng\u0117 plataus masto sm\u016bg\u012f taikiniams Irane.<\/p>\n<p>Teheranas istori\u0161kai baiminasi separatistini\u0173 nuotaik\u0173 tarp savo etnin\u0117s azerbaid\u017eanie\u010di\u0173 ma\u017eumos, kuri sudaro apie 10 mln. i\u0161 83 mln. Irano gyventoj\u0173.<\/p>\n","protected":false},"excerpt":{"rendered":"Incidentas pasienyje suk\u0117l\u0117 baim\u0119, kad Artim\u0173j\u0173 Ryt\u0173 karas gali persimesti \u012f Kaukazo region\u0105, o Teheranas apkaltino Izrael\u012f \u2013&hellip;\n","protected":false},"author":2,"featured_media":121952,"comment_status":"","ping_status":"","sticky":false,"template":"","format":"standard","meta":{"footnotes":"","_share_on_mastodon":"0"},"categories":[15],"tags":[25,466,30,31,3346,34,35,24,4977,32,33,37,39,36,38,40,23,22,44,28,29,26,27,74,75,76],"class_list":["post-121951","post","type-post","status-publish","format-standard","has-post-thumbnail","category-pasaulis","tag-antrastes","tag-azerbaidzanas","tag-breaking-news","tag-breakingnews","tag-elta-uzsienio-naujiena","tag-featured-news","tag-featurednews","tag-headlines","tag-ilhamas-alijevas","tag-latest-news","tag-latestnews","tag-lietuva","tag-lietuviu","tag-lithuania","tag-lithuanian","tag-lt","tag-naujienos","tag-news","tag-pasaulis","tag-populiariausios-naujienos","tag-populiariausiosnaujienos","tag-top-stories","tag-topstories","tag-world","tag-world-news","tag-worldnews"],"share_on_mastodon":{"url":"https:\/\/pubeurope.com\/@lt\/116182466058783177","error":""},"_links":{"self":[{"href":"https:\/\/www.europesays.com\/lt\/wp-json\/wp\/v2\/posts\/121951","targetHints":{"allow":["GET"]}}],"collection":[{"href":"https:\/\/www.europesays.com\/lt\/wp-json\/wp\/v2\/posts"}],"about":[{"href":"https:\/\/www.europesays.com\/lt\/wp-json\/wp\/v2\/types\/post"}],"author":[{"embeddable":true,"href":"https:\/\/www.europesays.com\/lt\/wp-json\/wp\/v2\/users\/2"}],"replies":[{"embeddable":true,"href":"https:\/\/www.europesays.com\/lt\/wp-json\/wp\/v2\/comments?post=121951"}],"version-history":[{"count":0,"href":"https:\/\/www.europesays.com\/lt\/wp-json\/wp\/v2\/posts\/121951\/revisions"}],"wp:featuredmedia":[{"embeddable":true,"href":"https:\/\/www.europesays.com\/lt\/wp-json\/wp\/v2\/media\/121952"}],"wp:attachment":[{"href":"https:\/\/www.europesays.com\/lt\/wp-json\/wp\/v2\/media?parent=121951"}],"wp:term":[{"taxonomy":"category","embeddable":true,"href":"https:\/\/www.europesays.com\/lt\/wp-json\/wp\/v2\/categories?post=121951"},{"taxonomy":"post_tag","embeddable":true,"href":"https:\/\/www.europesays.com\/lt\/wp-json\/wp\/v2\/tags?post=121951"}],"curies":[{"name":"wp","href":"https:\/\/api.w.org\/{rel}","templated":true}]}}