{"id":121965,"date":"2026-03-06T13:49:08","date_gmt":"2026-03-06T13:49:08","guid":{"rendered":"https:\/\/www.europesays.com\/lt\/121965\/"},"modified":"2026-03-06T13:49:08","modified_gmt":"2026-03-06T13:49:08","slug":"begalines-rietenos-vimde-ltok-asamblejos-dalyvius","status":"publish","type":"post","link":"https:\/\/www.europesays.com\/lt\/121965\/","title":{"rendered":"Begalin\u0117s rietenos \u201evimd\u0117\u201c LTOK asambl\u0117jos dalyvius"},"content":{"rendered":"<p>Penktadien\u012f pastarosios sesijoje buvo srebiama pra\u0117jusi\u0173 met\u0173 ko\u0161\u0117.<\/p>\n<p>Saus\u012f Tarptautinis sporto arbitra\u017eo teismas (CAS) \u012fpareigojo LTOK i\u0161 naujo tvirtinti pernyk\u0161t\u012f biud\u017eet\u0105, nusprend\u0119s, jog tuomet nepagr\u012fstai neskirta parama keturioms olimpini\u0173 sporto \u0161ak\u0173 federacijoms.<\/p>\n<p>Lengvoji atletika, dvira\u010di\u0173 sportas, tenisas ir biatlonas pra\u0117jusiais metais negavo po 40 t\u016bkst. eur\u0173.<\/p>\n<p>Taip LTOK nar\u0117s baustos d\u0117l \u201ekenkimo bendriems interesams\u201c, kadangi \u0161ias keturias sporto \u0161akas vienijanti Nacionalin\u0117 sporto federacij\u0173 asociacija (NSFA) 2024-aisiais Seimui priimant nauj\u0105 Sporto \u012fstatymo redakcij\u0105 si\u016bl\u0117 nepalikti i\u0161im\u010di\u0173 d\u0117l reikalavimo riboti sporto organizacij\u0173 vadov\u0173 kadencijas. LTOK, kuris n\u0117ra nustat\u0119s toki\u0173 limit\u0173, dabar nebegali pretenduoti \u012f valstyb\u0117s finansavim\u0105.<\/p>\n<p>Teismas Lozanoje (\u0160veicarija) \u012fvertino, jog pernai LTOK generalin\u0117s asambl\u0117jos priimtas sprendimas neskirti paramos daliai federacij\u0173 n\u0117ra teis\u0117tas. CAS taip pat nurod\u0117 LTOK padengti did\u017ei\u0105j\u0105 dal\u012f teismo i\u0161laid\u0173, kurios i\u0161 viso sudar\u0117 25 t\u016bkst. eur\u0173.<\/p>\n<p>LTOK penktadien\u012f retrospektyviai pakoregavo 2025-\u0173j\u0173 biud\u017eet\u0105, ta\u010diau istorija tuo vis tiek nesibaig\u0117.<\/p>\n<p>Aistr\u0173 kilo d\u0117l LTOK revizijos komisijos ataskaitos, kurioje i\u0161 prad\u017ei\u0173 LTOK veikla \u012fvertinta kaip atitinkanti \u012fstatus, Olimpin\u0119 chartij\u0105 ir Lietuvos teis\u0117s aktus.<\/p>\n<p>Tik kuomet kreip\u0117si teism\u0105 Lozanoje laim\u0117jusios federacijos, ataskaita buvo pakoreguota \u2013 LTOK veiklos vertinimo pagal atitikim\u0105 \u012fstatams ir Lietuvos \u012fstatymams apskritai nebeliko.<\/p>\n<p>\u201eRevizijos komisijos ataskaita turi atspind\u0117ti visus esminius faktus, tod\u0117l si\u016blome \u012ftraukti \u012f j\u0105 CAS i\u0161vadas. Negerai, kad d\u0117l santyki\u0173 ai\u0161kinamasi teisme, bet tai yra vienintelis kelias teisingumui Lietuvos sporte. LTOK generalin\u0117 asambl\u0117ja buvo pri\u0117musi g\u0117ding\u0105 sprendim\u0105, tur\u0117kime dr\u0105sos tai pripa\u017einti, i\u0161taisyti klaid\u0105 ir ateityje jos nekartoti\u201c, \u2013 \u012f asambl\u0117jos dalyvius kreip\u0117si Lengvosios atletikos federacijos prezidentas <a rel=\"noopener nofollow\" target=\"_blank\" href=\"https:\/\/www.delfi.lt\/temos\/eimantas-skrabulis\" tag-id=\"49715098\">Eimantas Skrabulis<\/a>.<\/p>\n<p>LTOK prezident\u0117 <a rel=\"noopener nofollow\" target=\"_blank\" href=\"https:\/\/www.delfi.lt\/temos\/daina-gudzineviciute\" tag-id=\"49717284\">Daina Gudzinevi\u010di\u016bt\u0117<\/a> replikavo, kad 2025-aisiais CAS dar nebuvo pri\u0117m\u0119s sprendimo, es\u0105 tod\u0117l tai ir neatsispindi ataskaitoje.<\/p>\n<p>\u201eAtitinkami LTOK sprendimai pripa\u017einti negaliojan\u010diais tik \u0161i\u0173 met\u0173 saus\u012f. Taip, pripa\u017e\u012fstame, kad teismas konstatavo pa\u017eeidim\u0173, mes juos i\u0161taisysime\u201c, \u2013 sak\u0117 D. Gudzinevi\u010di\u016bt\u0117.<\/p>\n<p>LTOK vykdomajam komitetui priklausanti <a rel=\"noopener nofollow\" target=\"_blank\" href=\"https:\/\/www.delfi.lt\/temos\/sandra-jablonskyte\" tag-id=\"63258024\">Sandra Jablonskyt\u0117<\/a> parei\u0161k\u0117, kad vadinamajai opozicijai \u201en\u0117ra ko did\u017eiuotis laim\u0117tu teismu\u201c \u2013 Dziudo federacijos prezident\u0117 atrodo, jog keturios federacijos pa\u010dios siek\u0117 konflikto.<\/p>\n<p>Pana\u0161iai pasisak\u0117 kitas vykdomojo komiteto narys <a rel=\"noopener nofollow\" target=\"_blank\" href=\"https:\/\/www.delfi.lt\/temos\/saulius-galadauskas\" tag-id=\"65913812\">Saulius Galadauskas<\/a>, kurio nuomone, teismo sprendimas ir teisingumas \u2013 skirtingi dalykai.<\/p>\n<p>\u201eReikia \u012f save pasi\u017ei\u016br\u0117ti, i\u0161 kur kilo nesusipratimai. Sporto bendruomen\u0117 tur\u0117jo ka\u017ekaip reaguoti \u012f destruktyvi\u0105 veikl\u0105, puldin\u0117jimus. \u017dinoma, kad atsako reik\u0117jo, ir jis buvo teisingas\u201c, \u2013 net ir po CAS sprendimo \u012fsitikin\u0119s liko S. Galadauskas.<\/p>\n<p>Dauguma \u2013 39 \u2013 asambl\u0117jos dalyviai galiausiai balsavo u\u017e pakoreguot\u0105 revizijos komisijos ataskait\u0105. Jai nepritar\u0117 10 LTOK nari\u0173, 3 susilaik\u0117.<\/p>\n<p>Tuo metu i\u0161 LTOK vykdomojo komiteto pra\u0117jusi\u0173 met\u0173 pabaigoje savanori\u0161kai atsistatydin\u0119s <a rel=\"noopener nofollow\" target=\"_blank\" href=\"https:\/\/www.delfi.lt\/temos\/saulius-binevicius\" tag-id=\"72007228\">Saulius Binevi\u010dius<\/a> ragino kalb\u0117tis apie aktualesnes problemas.<\/p>\n<p>\u201eKabinetiniai susiskaldymai \u2013 labai negra\u017eu, blogai. Bet i\u0161 vykdomojo komiteto pasitraukiau vien d\u0117l buldozeriu stumiamo Nacionalin\u0117s sporto tarybos projekto. Pasikalb\u0117kite su savo sportininkais, visi \u0161iuo metu yra patenkinti ir ram\u016bs, kam i\u0161 esm\u0117s keisti sistem\u0105? Deja, LTOK vykdomojo komiteto pos\u0117d\u017eiuose diskusijos b\u016bna vienbals\u0117s\u201c, \u2013 d\u0117st\u0117 Plaukimo federacijos vadovas.<\/p>\n<p>Savo ruo\u017etu, Orientavimosi sporto federacijos vykdantysis direktorius <a rel=\"noopener nofollow\" target=\"_blank\" href=\"https:\/\/www.delfi.lt\/temos\/vilius-aleliunas\" tag-id=\"58741559\">Vilius Aleli\u016bnas<\/a> ragino priimti bendr\u0105 pozicij\u0105 ir kreiptis \u012f \u0161alies Vyriausyb\u0119, si\u016blant \u012fstatymi\u0161kai u\u017edrausti Lietuvoje vykstan\u010diose tarptautin\u0117se var\u017eybose dalyvauti Rusijos ir Baltarusijos sportininkams. Iki \u0161iol t\u0117ra priimta atitinkama \u0160vietimo, mokslo ir sporto ministerijos rekomendacija.<\/p>\n<p>Vis d\u0117lto LTOK generalin\u0117 asambl\u0117ja \u0161io klausimo daugiau nesvarst\u0117.<\/p>\n<p>Regis, jos sesija prailgo \u010ciuo\u017eimo federacijos prezidentui <a rel=\"noopener nofollow\" target=\"_blank\" href=\"https:\/\/www.delfi.lt\/temos\/vytautas-jasutis\" tag-id=\"95200007\">Vytautui Jasu\u010diui<\/a>, kuris u\u017ebaig\u0117 pasisakymus.<\/p>\n<p>\u201eAtva\u017eiavau \u010dia pas\u0117d\u0117ti por\u0105 valand\u0173, suvalgyti piet\u0173 ir gr\u012f\u017eti namo. Tokia \u0161iandien buvo mano misija. O tur\u0117tume pasidalinti id\u0117jomis vieni su kitais. Kalbos, pyk\u010diai jau vemti ver\u010dia\u201c, \u2013 skund\u0117si V. Jasutis.<\/p>\n<p>Penktadien\u012f patvirtint\u0105 \u0161i\u0173 met\u0173 LTOK biud\u017eet\u0105 sudarys 5,2 mln. eur\u0173 i\u0161laid\u0173. \u0160\u012fkart parama jau numatyta visoms olimpini\u0173 sporto \u0161ak\u0173 federacijoms \u2013 i\u0161 viso 1,64 mln. eur\u0173.<\/p>\n<p>Generalin\u0117s asambl\u0117jos sesijoje nauja LTOK nare tapo Lietuvos skvo\u0161o federacija. Skvo\u0161as \u012ftrauktas \u012f 2028 met\u0173 Los And\u017eelo \u017eaidyni\u0173 program\u0105 kaip laikina olimpin\u0117 sporto \u0161aka.<\/p>\n","protected":false},"excerpt":{"rendered":"Penktadien\u012f pastarosios sesijoje buvo srebiama pra\u0117jusi\u0173 met\u0173 ko\u0161\u0117. Saus\u012f Tarptautinis sporto arbitra\u017eo teismas (CAS) \u012fpareigojo LTOK i\u0161 naujo&hellip;\n","protected":false},"author":2,"featured_media":121966,"comment_status":"","ping_status":"","sticky":false,"template":"","format":"standard","meta":{"footnotes":"","_share_on_mastodon":"0"},"categories":[19],"tags":[14969,22344,37,39,36,38,40,1900,22345,4071,22346,47,104,7078,19925],"class_list":["post-121965","post","type-post","status-publish","format-standard","has-post-thumbnail","category-sportas","tag-daina-gudzineviciute","tag-eimantas-skrabulis","tag-lietuva","tag-lietuviu","tag-lithuania","tag-lithuanian","tag-lt","tag-ltok","tag-sandra-jablonskyte","tag-saulius-binevicius","tag-saulius-galadauskas","tag-sportas","tag-sports","tag-vilius-aleliunas","tag-vytautas-jasutis"],"share_on_mastodon":{"url":"https:\/\/pubeurope.com\/@lt\/116182552619513025","error":""},"_links":{"self":[{"href":"https:\/\/www.europesays.com\/lt\/wp-json\/wp\/v2\/posts\/121965","targetHints":{"allow":["GET"]}}],"collection":[{"href":"https:\/\/www.europesays.com\/lt\/wp-json\/wp\/v2\/posts"}],"about":[{"href":"https:\/\/www.europesays.com\/lt\/wp-json\/wp\/v2\/types\/post"}],"author":[{"embeddable":true,"href":"https:\/\/www.europesays.com\/lt\/wp-json\/wp\/v2\/users\/2"}],"replies":[{"embeddable":true,"href":"https:\/\/www.europesays.com\/lt\/wp-json\/wp\/v2\/comments?post=121965"}],"version-history":[{"count":0,"href":"https:\/\/www.europesays.com\/lt\/wp-json\/wp\/v2\/posts\/121965\/revisions"}],"wp:featuredmedia":[{"embeddable":true,"href":"https:\/\/www.europesays.com\/lt\/wp-json\/wp\/v2\/media\/121966"}],"wp:attachment":[{"href":"https:\/\/www.europesays.com\/lt\/wp-json\/wp\/v2\/media?parent=121965"}],"wp:term":[{"taxonomy":"category","embeddable":true,"href":"https:\/\/www.europesays.com\/lt\/wp-json\/wp\/v2\/categories?post=121965"},{"taxonomy":"post_tag","embeddable":true,"href":"https:\/\/www.europesays.com\/lt\/wp-json\/wp\/v2\/tags?post=121965"}],"curies":[{"name":"wp","href":"https:\/\/api.w.org\/{rel}","templated":true}]}}