{"id":122178,"date":"2026-03-06T20:33:17","date_gmt":"2026-03-06T20:33:17","guid":{"rendered":"https:\/\/www.europesays.com\/lt\/122178\/"},"modified":"2026-03-06T20:33:17","modified_gmt":"2026-03-06T20:33:17","slug":"gyventojai-palieka-salia-konteineriu-ne-tik-siuksles-bet-ir-misles-atlieku-surinkejai-kraipo-galvas","status":"publish","type":"post","link":"https:\/\/www.europesays.com\/lt\/122178\/","title":{"rendered":"Gyventojai palieka \u0161alia konteineri\u0173 ne tik \u0161iuk\u0161les, bet ir m\u012fsles: atliek\u0173 surink\u0117jai kraipo galvas"},"content":{"rendered":"<p>Komunikacijos specialistas V. Jankauskas Alytaus RATC dirba daugiau nei pusmet\u012f. Neseniai jis atliko savoti\u0161k\u0105 revizij\u0105 \u2013 apva\u017eiavo Alytaus mieste esan\u010dias atliek\u0173 surinkimo aik\u0161teles, kuriose \u0161iuk\u0161l\u0117s buvo paliktos \u0161alia konteineri\u0173.<\/p>\n<p>\u201eSavaranki\u0161kas \u201etyrimas\u201c mane pritrenk\u0117 \u2013 i\u0161 vis\u0173 aplankyt\u0173 aik\u0161teli\u0173 tik vienoje radau piln\u0105 mi\u0161ri\u0173 atliek\u0173 konteiner\u012f, \u012f kur\u012f atliekos i\u0161 ties\u0173 nebetilpo. Visose kitose konteineriai buvo beveik tu\u0161ti arba pustu\u0161\u010diai\u201c, \u2013 teigia pa\u0161nekovas.<\/p>\n<p>    <img decoding=\"async\" src=\"https:\/\/www.europesays.com\/lt\/wp-content\/uploads\/2026\/03\/5edfe108-552d-47e9-8e57-651d1ad48fdd.jpg\" loading=\"lazy\" alt=\"Atliekos prie konteineri\u0173\"\/>      <\/p>\n<p>Prie\u017eastys \u2013 nuo ting\u0117jimo iki ne\u017einojimo<\/p>\n<p>Kas lemia tok\u012f \u017emoni\u0173 elges\u012f \u2013 ne\u017einojimas, baim\u0117 suklysti r\u016b\u0161iuojant ar \u012fsitikinimas, kad d\u0117l vieno mai\u0161o nieko nenutiks? V. Jankausko teigimu, galima tik sp\u0117lioti, kas skatina \u017emones atliekas palikti \u0161alia konteineri\u0173, o ne mesti \u012f juos.<\/p>\n<p>\u201ePirma, grei\u010diausiai suveikia \u201eperpildyto konteinerio\u201c iliuzija: vienas \u017emogus palieka \u0161iuk\u0161les \u0161alia, nes patingi pakelti dangt\u012f, o kitas, pamat\u0119s mai\u0161\u0105, nusprend\u017eia, kad konteineris pilnas. Taip u\u017esisuka neatsakingo elgesio grandin\u0117.<\/p>\n<p>Antra galima prie\u017eastis \u2013 \u017emogus ne\u017eino, \u012f kur\u012f konteiner\u012f mesti atliekas. Pavyzd\u017eiui, namuose visk\u0105 sudeda \u012f vien\u0105 mai\u0161\u0105 \u2013 plastik\u0105, stikl\u0105, komunalines atliekas \u2013 ir atne\u0161\u0119s tiesiog padeda \u0161alia konteinerio. Ta\u010diau r\u016b\u0161iavimas tur\u0117t\u0173 vykti namuose, i\u0161 anksto paskirstant atliekas \u012f atitinkamus mai\u0161us\u201c, \u2013 ai\u0161kina V. Jankauskas.<\/p>\n<p>    <img decoding=\"async\" src=\"https:\/\/www.europesays.com\/lt\/wp-content\/uploads\/2026\/03\/2054c516-b646-45a1-939e-abbae68a97f2.jpg\" loading=\"lazy\" alt=\"Atliekos \u0161alia konteineri\u0173\"\/>      <\/p>\n<p>Jis mini ir kitas prie\u017eastis, kod\u0117l \u0161iuk\u0161l\u0117s \u2013 mi\u0161rios ar stiklo atliekos, kartono pakuot\u0117s \u2013  paliekamos \u0161alia konteineri\u0173, nors \u0161ie n\u0117ra pilni. Viena j\u0173 \u2013 netinkamai paruo\u0161tos atliekos. Pavyzd\u017eiui, \u017emon\u0117s atne\u0161a televizoriaus, \u0161aldytuvo ar kompiuterio pakuotes j\u0173 nesupl\u0117\u0161\u0119 ir nesusmulkin\u0119. Didel\u0117s d\u0117\u017e\u0117s netelpa \u012f konteiner\u012f, tod\u0117l pastatomos \u0161alia.<\/p>\n<p>\u201eTereikia \u0161iek tiek atsakingumo ir laiko \u2013 supl\u0117\u0161yti, sulankstyti pakuotes ir i\u0161mesti \u012f joms skirtus konteinerius\u201c, \u2013 pabr\u0117\u017eia specialistas.<\/p>\n<p>Kai kurie, anot pa\u0161nekovo, vis dar galvoja, kad r\u016bpintis atliekomis n\u0117ra asmenin\u0117 j\u0173 pareiga. Jei mokama u\u017e atliek\u0173 i\u0161ve\u017eim\u0105, es\u0105 tuo tur\u0117t\u0173 pasir\u016bpinti tarnybos.<\/p>\n<p>\u201eMa\u017eai kas susim\u0105sto, kad be\u0161eiminink\u0117s atliekos tvarkomos u\u017e mokes\u010di\u0173 mok\u0117toj\u0173 pinigus. Be to, darbuotojai gai\u0161ta laik\u0105 jas kraudami, organizuodami papildom\u0105 transport\u0105, jei atliek\u0173 nepavyksta i\u0161ve\u017eti vienu kartu. Neatsakingas elgesys sukelia pasekmi\u0173 grandin\u0119, apie kuri\u0105 da\u017enai net nepagalvojama\u201c, \u2013 \u012fsp\u0117ja V. Jankauskas.<\/p>\n<p>    <img decoding=\"async\" src=\"https:\/\/www.europesays.com\/lt\/wp-content\/uploads\/2026\/03\/2bdd7c7a-5615-47df-89cb-a4145aa93e47.jpg\" loading=\"lazy\" alt=\"Atliekos \u0161alia konteineri\u0173\"\/>      <\/p>\n<p>Norai gal ir geri, ta\u010diau elgesys \u2013 neatsakingas<\/p>\n<p>Po reido atliek\u0173 surinkimo aik\u0161tel\u0117se Alytaus RATC atstovas pasteb\u0117jo ir dar vien\u0105 tendencij\u0105: gyventojai \u0161iuk\u0161li\u0173 nemeta bet kur \u2013 jas palieka b\u016btent prie atitinkamo konteinerio.<\/p>\n<p>\u201eTai rei\u0161kia, kad \u017emon\u0117s \u017eino, kur tur\u0117t\u0173 keliauti atliekos: stiklo du\u017eenos paliekamos prie stiklo konteinerio, kartono pakuot\u0117s \u2013 prie popieriaus ir kartono. Ta\u010diau ka\u017ekod\u0117l neu\u017ebaigia prad\u0117to darbo iki galo. Kod\u0117l taip elgiamasi, atliek\u0173 tvarkymo specialistams yra vis dar ne\u012fmenama m\u012fsl\u0117\u201c, \u2013 sako V. Jankauskas.<\/p>\n<p>Kalb\u0117damas apie be\u0161eimininkes atliekas, jis pa\u017eymi, kad da\u017eniausiai \u0161alia konteineri\u0173 paliekamos komunalin\u0117s ir stambiagabarit\u0117s atliekos \u2013 veidrod\u017eiai, unitazai, baldai, statybin\u0117s med\u017eiagos. Kartais \u017emon\u0117s tokius daiktus palieka tik\u0117damiesi, kad \u0161ie dar ka\u017ekam pasitarnaus ar bus paimti ir prikelti antram gyvenimui. Ta\u010diau, anot V. Jankausko, geri ketinimai nepateisina neatsakingo elgesio, u\u017e kur\u012f gali b\u016bti skiriama bauda.<\/p>\n<p>Pa\u0161nekovas primena, kad stambiagabarit\u0117ms atliekoms skirtos specialios aik\u0161tel\u0117s. Kiekvienas Lietuvoje esantis regiono atliek\u0173 tvarkymo centras j\u0173 turi po keliolika \u2013 i\u0161 viso \u0161alyje \u012frengta 115 stambiagabari\u010di\u0173 atliek\u0173 surinkimo aik\u0161teli\u0173. Gyventojams tereikia pasidom\u0117ti j\u0173 darbo laiku ir atve\u017eti statyb\u0173 lau\u017e\u0105, senus ar sul\u016b\u017eusius baldus bei kitas dideli\u0173 gabarit\u0173 atliekas. Jos priimamos nemokamai.<\/p>\n<p>      <img decoding=\"async\" src=\"https:\/\/www.europesays.com\/lt\/wp-content\/uploads\/2026\/03\/0c7a13af-b133-48e2-b7c4-396d7e6776ae.jpg\" loading=\"lazy\" alt=\"Atliekos \u0161alia konteineri\u0173\"\/>      <\/p>\n<p>Palikti atliekas prie konteinerio \u2013 ir pavojus, ir trukdis<\/p>\n<p>V. Jankausko teigimu, atliekas prie konteineri\u0173 paliekantys \u017emon\u0117s da\u017enai nepagalvoja ne tik apie papildom\u0105 darb\u0105 atliek\u0173 tvarkytojams, bet ir apie galimus pavojus. Netinkamai paliktos atliekos gali sukelti nelaim\u0119 \u2013 gyv\u016bnai ar \u017emon\u0117s gali susi\u017eeisti \u012f stiklo \u0161ukes ar sudu\u017eusi\u0105 santechnik\u0105.<\/p>\n<p>\u201e\u0160iuk\u0161li\u0173 mai\u0161ai, didel\u0117s pakuot\u0117s, seni baldai trukdo kitiems gyventojams prieiti prie konteineri\u0173 ar priva\u017eiuoti atliek\u0173 surinkimo transportui. Darbuotojai gai\u0161ta laik\u0105 tvarkydami aplink\u0105, nors gal\u0117t\u0173 tiesiog i\u0161tu\u0161tinti talpas.<\/p>\n<p>Be to, paliktas atliekas i\u0161ne\u0161ioja gyv\u016bnai ir pauk\u0161\u010diai. Netvarkingas vaizdas nepuo\u0161ia rajono aplinkos, sklinda nemalon\u016bs kvapai, tampa nemalonu gyventi\u201c, \u2013 pasekmes vardija Alytaus RATC komunikacijos specialistas.<\/p>\n<p>\u0160iuo metu Alytaus RATC prad\u0117jo kampanij\u0105 \u201eNesuteik vil\u010di\u0173, nepalik atliek\u0173 prie konteinerio\u201c. Alytaus regione jau galima pamatyti d\u0117mes\u012f patraukian\u010di\u0173 informacini\u0173 plakat\u0173, kuri\u0173 herojais tapo varna, lap\u0117 ir kiti \u012f atliekas nusitaik\u0119 gyv\u016bnai. Jie vaizduojami besiknaisiojantys po mai\u0161us, besitikintys rasti k\u0105 nors \u201egero\u201c, ta\u010diau taip tik dar labiau ter\u0161iantys aplink\u0105.<\/p>\n<p>\u201eTikime \u017emoni\u0173 s\u0105moningumu ir ironi\u0161kais vizualais dar kart\u0105 primename \u2013 atliekas reikia mesti ne prie konteinerio, o \u012f j\u012f\u201c, \u2013 iniciatyv\u0105 pristato V. Jankauskas.<\/p>\n<p>Nors nauja kampanija vyksta Alytaus regione, ta\u010diau tos pa\u010dios problemos \u2013 be\u0161eiminink\u0117s atliekos \u2013 aktualios ir kitiems regionams. Pa\u0161nekovas pabr\u0117\u017eia, jog tvarkinga aplinka \u2013 ne vien atliek\u0173 tvarkymo centr\u0173 atsakomyb\u0117.<\/p>\n<p>\u201eKad ir kiek besistengt\u0173 RATC darbuotojai Lietuvoje, be gyventoj\u0173 supratingumo ir pastang\u0173 tvarking\u0105 aplink\u0105 vargiai \u012fmanoma u\u017etikrinti. Grei\u010diausiai ne vienam yra tek\u0119 matyti, kaip tame pa\u010diame mieste nevienodai atrodo skirtingos aik\u0161tel\u0117s: ka\u017ekod\u0117l vienos tvarkingos, regis, net blizga, o kitos \u2013 nuolat apverstos, aplink m\u0117tosi atliekos.<\/p>\n<p>Link\u0117\u010diau visiems daugiau s\u0105moningumo ir savininki\u0161ko po\u017ei\u016brio \u2013 juk patys gyvename toje aplinkoje. Kurkime pasaul\u012f tvarkingesn\u012f ir gra\u017eesn\u012f\u201c, \u2013 linki V. Jankauskas.<\/p>\n","protected":false},"excerpt":{"rendered":"Komunikacijos specialistas V. Jankauskas Alytaus RATC dirba daugiau nei pusmet\u012f. Neseniai jis atliko savoti\u0161k\u0105 revizij\u0105 \u2013 apva\u017eiavo Alytaus&hellip;\n","protected":false},"author":2,"featured_media":122179,"comment_status":"","ping_status":"","sticky":false,"template":"","format":"standard","meta":{"footnotes":"","_share_on_mastodon":"0"},"categories":[13],"tags":[25,18127,30,31,34,35,24,32,33,37,39,36,38,40,23,22,28,29,26,27,18126],"class_list":["post-122178","post","type-post","status-publish","format-standard","has-post-thumbnail","category-lietuva","tag-antrastes","tag-atlieku-kultura","tag-breaking-news","tag-breakingnews","tag-featured-news","tag-featurednews","tag-headlines","tag-latest-news","tag-latestnews","tag-lietuva","tag-lietuviu","tag-lithuania","tag-lithuanian","tag-lt","tag-naujienos","tag-news","tag-populiariausios-naujienos","tag-populiariausiosnaujienos","tag-top-stories","tag-topstories","tag-vaatc"],"share_on_mastodon":{"url":"https:\/\/pubeurope.com\/@lt\/116184141227358000","error":""},"_links":{"self":[{"href":"https:\/\/www.europesays.com\/lt\/wp-json\/wp\/v2\/posts\/122178","targetHints":{"allow":["GET"]}}],"collection":[{"href":"https:\/\/www.europesays.com\/lt\/wp-json\/wp\/v2\/posts"}],"about":[{"href":"https:\/\/www.europesays.com\/lt\/wp-json\/wp\/v2\/types\/post"}],"author":[{"embeddable":true,"href":"https:\/\/www.europesays.com\/lt\/wp-json\/wp\/v2\/users\/2"}],"replies":[{"embeddable":true,"href":"https:\/\/www.europesays.com\/lt\/wp-json\/wp\/v2\/comments?post=122178"}],"version-history":[{"count":0,"href":"https:\/\/www.europesays.com\/lt\/wp-json\/wp\/v2\/posts\/122178\/revisions"}],"wp:featuredmedia":[{"embeddable":true,"href":"https:\/\/www.europesays.com\/lt\/wp-json\/wp\/v2\/media\/122179"}],"wp:attachment":[{"href":"https:\/\/www.europesays.com\/lt\/wp-json\/wp\/v2\/media?parent=122178"}],"wp:term":[{"taxonomy":"category","embeddable":true,"href":"https:\/\/www.europesays.com\/lt\/wp-json\/wp\/v2\/categories?post=122178"},{"taxonomy":"post_tag","embeddable":true,"href":"https:\/\/www.europesays.com\/lt\/wp-json\/wp\/v2\/tags?post=122178"}],"curies":[{"name":"wp","href":"https:\/\/api.w.org\/{rel}","templated":true}]}}