{"id":122318,"date":"2026-03-07T02:23:30","date_gmt":"2026-03-07T02:23:30","guid":{"rendered":"https:\/\/www.europesays.com\/lt\/122318\/"},"modified":"2026-03-07T02:23:30","modified_gmt":"2026-03-07T02:23:30","slug":"mama-tete-ir-du-vaikai-i-svecius-pas-popieziu","status":"publish","type":"post","link":"https:\/\/www.europesays.com\/lt\/122318\/","title":{"rendered":"Mama, t\u0117t\u0117 ir du vaikai \u2013 \u012f sve\u010dius pas popie\u017ei\u0173"},"content":{"rendered":"<p>Sovietme\u010dio vaikai irgi i\u0161siversdavo be to, kas nematerialu, neap\u010diuopiama, nepamatuojama. Kas \u017eino \u2013 gal ir teisi <a rel=\"noopener nofollow\" target=\"_blank\" href=\"https:\/\/www.delfi.lt\/temos\/inga-ruginiene\" tag-id=\"78274407\">Inga Ruginien\u0117<\/a>. Gal visi\u0161kai neb\u016btina ta nei\u0161tarta priesaikos eilut\u0117 Gerov\u0117s valstybei ir jos premjerei. Bet tam tikrais, labai konkre\u010diais atvejais \u2013 kod\u0117l gi ne. Vizitas pas <a rel=\"noopener nofollow\" target=\"_blank\" href=\"https:\/\/www.delfi.lt\/temos\/popiezius\" tag-id=\"39358879\">popie\u017ei\u0173<\/a> gal\u0117t\u0173 b\u016bti b\u016btent tas praktinis atvejis: laba diena, Dievuli, galite gr\u012f\u017eti \u012f netikin\u010dios premjer\u0117s darbotvark\u0119. \u017dinoma, kyla tam tikr\u0173 klausim\u0173. Nes tikintiems ir netikintiems Lietuvos \u017emon\u0117ms par\u016bpo: o kas mok\u0117s?<\/p>\n<p>Popie\u017eiui ne\u012fdomu, kas mok\u0117s u\u017e Lietuvos premjer\u0117s ir jos \u0161eimos kelion\u0119 \u012f Rom\u0105. Tai ne <a rel=\"noopener nofollow\" target=\"_blank\" href=\"https:\/\/www.delfi.lt\/temos\/vatikanas\" tag-id=\"39358885\">Vatikano<\/a> problema. Ir netgi ne Lietuvos biud\u017eeto. Formali teisyb\u0117 \u2013 Vyriausyb\u0117s kanceliarijos pus\u0117je: \u0160ventasis Sostas kvie\u010dia, a\u010di\u016b u\u017e kvietim\u0105, atvykstame. Ar \u0160ventasis Sostas buvo informuotas, kad premjer\u0117s vaikai trok\u0161ta \u012f Rom\u0105? Ka\u017ein. Grei\u010diausiai tai buvo pa\u010dios premjer\u0117s praktinis pageidavimas, perduotas Vatikanui diplomatiniais kanalais. Jos pageidavimas, jos problema, jai skirta polemika.<\/p>\n","protected":false},"excerpt":{"rendered":"Sovietme\u010dio vaikai irgi i\u0161siversdavo be to, kas nematerialu, neap\u010diuopiama, nepamatuojama. Kas \u017eino \u2013 gal ir teisi Inga Ruginien\u0117.&hellip;\n","protected":false},"author":2,"featured_media":10800,"comment_status":"","ping_status":"","sticky":false,"template":"","format":"standard","meta":{"footnotes":"","_share_on_mastodon":"0"},"categories":[6],"tags":[25,30,31,34,35,24,71,32,33,37,39,36,38,40,23,22,2691,3343,28,29,26,27,4428,22376],"class_list":["post-122318","post","type-post","status-publish","format-standard","has-post-thumbnail","category-antrastes","tag-antrastes","tag-breaking-news","tag-breakingnews","tag-featured-news","tag-featurednews","tag-headlines","tag-inga-ruginiene","tag-latest-news","tag-latestnews","tag-lietuva","tag-lietuviu","tag-lithuania","tag-lithuanian","tag-lt","tag-naujienos","tag-news","tag-paulius-jurkevicius","tag-popiezius","tag-populiariausios-naujienos","tag-populiariausiosnaujienos","tag-top-stories","tag-topstories","tag-vatikanas","tag-viesieji-finansai"],"share_on_mastodon":{"url":"https:\/\/pubeurope.com\/@lt\/116185517408941916","error":""},"_links":{"self":[{"href":"https:\/\/www.europesays.com\/lt\/wp-json\/wp\/v2\/posts\/122318","targetHints":{"allow":["GET"]}}],"collection":[{"href":"https:\/\/www.europesays.com\/lt\/wp-json\/wp\/v2\/posts"}],"about":[{"href":"https:\/\/www.europesays.com\/lt\/wp-json\/wp\/v2\/types\/post"}],"author":[{"embeddable":true,"href":"https:\/\/www.europesays.com\/lt\/wp-json\/wp\/v2\/users\/2"}],"replies":[{"embeddable":true,"href":"https:\/\/www.europesays.com\/lt\/wp-json\/wp\/v2\/comments?post=122318"}],"version-history":[{"count":0,"href":"https:\/\/www.europesays.com\/lt\/wp-json\/wp\/v2\/posts\/122318\/revisions"}],"wp:featuredmedia":[{"embeddable":true,"href":"https:\/\/www.europesays.com\/lt\/wp-json\/wp\/v2\/media\/10800"}],"wp:attachment":[{"href":"https:\/\/www.europesays.com\/lt\/wp-json\/wp\/v2\/media?parent=122318"}],"wp:term":[{"taxonomy":"category","embeddable":true,"href":"https:\/\/www.europesays.com\/lt\/wp-json\/wp\/v2\/categories?post=122318"},{"taxonomy":"post_tag","embeddable":true,"href":"https:\/\/www.europesays.com\/lt\/wp-json\/wp\/v2\/tags?post=122318"}],"curies":[{"name":"wp","href":"https:\/\/api.w.org\/{rel}","templated":true}]}}