{"id":122335,"date":"2026-03-07T04:18:22","date_gmt":"2026-03-07T04:18:22","guid":{"rendered":"https:\/\/www.europesays.com\/lt\/122335\/"},"modified":"2026-03-07T04:18:22","modified_gmt":"2026-03-07T04:18:22","slug":"gaminantiems-vartotojams-baigiasi-kaupimo-laikotarpis","status":"publish","type":"post","link":"https:\/\/www.europesays.com\/lt\/122335\/","title":{"rendered":"Gaminantiems vartotojams baigiasi kaupimo laikotarpis"},"content":{"rendered":"<p>Kada reikia imtis papildom\u0173 veiksm\u0173<\/p>\n<p>\u201e<a rel=\"noopener nofollow\" target=\"_blank\" href=\"https:\/\/www.delfi.lt\/temos\/ignitis\" tag-id=\"82180685\">Ignitis<\/a>\u201c priva\u010di\u0173 klient\u0173 tarnybos vadovas Andrius Kavaliauskas sako, jog gaminantys vartotojai, kurie iki kaupimo periodo pabaigos, tai yra, kovo 31 dienos, bus sukaup\u0119 ir nei\u0161naudoj\u0119 elektros energijos, baland\u017eio prad\u017eioje bus informuoti elektroniniu pa\u0161tu.<\/p>\n<p>\u201eJie bus pakviesti savitarnoje mano.ignitis.lt pasitikrinti sukaupt\u0105 ir nepanaudot\u0105 energijos kiek\u012f bei priskai\u010diuot\u0105 kompensacijos sum\u0105.<\/p>\n<p>\u201eIgnitis\u201c tiekimo klientams kompensacija pagal nutyl\u0117jim\u0105 pritaikoma kaip nuolaida b\u016bsimoms elektros energijos s\u0105skaitoms. Taip pat klientai gal\u0117s pasirinkti, kad kompensacija b\u016bt\u0173 pervesta \u012f j\u0173 asmenin\u0119 banko s\u0105skait\u0105, tai nurod\u0119 savitarnoje\u201c, \u2013 teigia A. Kavaliauskas.<\/p>\n<p>Taigi, \u201eIgnitis\u201c atveju, gaminantys vartotojai, \u2013 taip pat ir visuomeniniame tiekime esantys klientai, turintys dvipus\u0117s apskaitos (angl. net metering) b\u016bd\u0105, \u2013 gal\u0117s rinktis i\u0161 dviej\u0173 variant\u0173:<\/p>\n<ul>\n<li>\n<p>jei nesiims joki\u0173 veiksm\u0173, kompensacijos suma bus pritaikyta kaip nuolaida b\u016bsimoms elektros s\u0105skaitoms,<\/p>\n<\/li>\n<li>\n<p>taip pat bus galimyb\u0117 pasirinkti, kad kompensacija b\u016bt\u0173 pervesta \u012f kliento banko s\u0105skait\u0105.<\/p>\n<\/li>\n<\/ul>\n<p>Gaminantys vartotojai, pasirink\u0119 grynojo atsiskaitymo apskaitos (angl. net billing) b\u016bd\u0105, gal\u0117s kompensacijos vert\u0119 panaudoti:<\/p>\n<ul>\n<li>\n<p>savo elektros s\u0105skaitoms suma\u017einti;<\/p>\n<\/li>\n<li>\n<p>elektromobilio \u012fkrovimui \u201eIgnitis ON\u201c tinkle;<\/p>\n<\/li>\n<li>\n<p>artimojo elektros s\u0105skaitai ma\u017einti;<\/p>\n<\/li>\n<li>\n<p>pasirinkti kompensacijos pervedim\u0105 \u012f banko s\u0105skait\u0105.<\/p>\n<\/li>\n<\/ul>\n<p>Papildom\u0173 veiksm\u0173 \u201e<a rel=\"noopener nofollow\" target=\"_blank\" href=\"https:\/\/www.delfi.lt\/temos\/enefit\" tag-id=\"80013691\">Enefit<\/a>\u201c klientams imtis nereikia, nebent nor\u0117t\u0173 kompensacij\u0105 gauti \u012f s\u0105skait\u0105.<\/p>\n<p>\u201eVisa gaminan\u010di\u0173 vartotoj\u0173 sukaupta ir iki kovo 31-osios nepanaudota elektros energija bus konvertuojama \u012f pinigus ir perkeliama vartotojams \u012f j\u0173 \u201eEnefit\u201c s\u0105skaitas\u201c, \u2013 sako \u201eEnefit\u201c rinkodaros ir komunikacijos vadov\u0117 Ieva Mun\u010del\u0117.<\/p>\n<p>Anot jos, kompensacij\u0105 u\u017e sukaupt\u0105 elektros energij\u0105 galima gauti ir \u012f banko s\u0105skait\u0105, ta\u010diau tokiu atveju klientai tur\u0117t\u0173 u\u017epildyti atskir\u0105 pra\u0161ym\u0105.<\/p>\n<p>\u201eApie vis\u0105 proces\u0105, kada ir kaip gaminantiems vartotojams bus kompensuojama u\u017e j\u0173 sukaupt\u0105 elektros energij\u0105, kovo m\u0117nes\u012f \u201eEnefit\u201c savo klientus informuos atskiru lai\u0161ku. Kompensacijos klientus tur\u0117t\u0173 pasiekti gegu\u017e\u0117s-bir\u017eelio m\u0117nes\u012f\u201c, \u2013 sako atstov\u0117.<\/p>\n<p>Ji patikina, kad elektros energija niekur nedings, \u2013 ji automati\u0161kai bus konvertuojama pinigine reik\u0161me ir kompensuojama klientams.<\/p>\n<p>       <img decoding=\"async\" src=\"https:\/\/www.europesays.com\/lt\/wp-content\/uploads\/2026\/03\/46d8a84c-1472-4bb7-84b8-0a44fc35445e.jpg\" loading=\"lazy\" alt=\"\u201eEnefit\u201c rinkodaros ir komunikacijos vadov\u0117 Ieva Mun\u010del\u0117\"\/>    <\/p>\n<p>Bendrov\u0117s \u201e<a rel=\"noopener nofollow\" target=\"_blank\" href=\"https:\/\/www.delfi.lt\/temos\/elektrum-lietuva\" tag-id=\"90994369\">Elektrum Lietuva<\/a>\u201c Komercijos vadovas Mantas Kavaliauskas teigia, kad u\u017e pagamint\u0105 ir nesunaudot\u0105 elektros kiek\u012f klientams bus kompensuojama.<\/p>\n<p>\u201eVisi tiek\u0117jai yra \u012fpareigoti \u012fstatym\u0173 tuo pasir\u016bpinti, tad suskai\u010diuosime ir kompensuosime, o klientams d\u0117l to nereikia imtis joki\u0173 veiksm\u0173. Kompensacijos bus skai\u010diuojamos automati\u0161kai, nesvarbu kokio dyd\u017eio kaupimas \u2013 ar tai bus 1 kWh ar 1000 MWh, visiems bus paskai\u010diuota\u201c \u2013 patikino jis.<\/p>\n<p>Pasak atstovo, sukauptos ir nepanaudotos energijos kiekio kompensacijos sum\u0105 klientai matys s\u0105skaitoje. Kompensacijos suma bus naudojama j\u0173 s\u0105skaitoms padengti.<\/p>\n<p>\u201eIki tol, kol s\u0105skaitoje yra nurodytas permokos dydis, norint gauti kompensacij\u0105 pinigine i\u0161rai\u0161ka u\u017e likutin\u0119 sum\u0105 yra reikalingas ra\u0161ti\u0161kas kliento pra\u0161ymas\u201c, \u2013 teigia M. Kavaliauskas.<\/p>\n<p>       <img decoding=\"async\" src=\"https:\/\/www.europesays.com\/lt\/wp-content\/uploads\/2026\/03\/39d65cb3-d9f7-48c5-93c1-65bf3465c81d.jpg\" loading=\"lazy\" alt=\"Mantas Kavaliauskas \"\/>    <\/p>\n<p>\u201eEnergijos skirstymo operatorius\u201c (ESO), atsakingas u\u017e garantin\u012f tiekim\u0105, komentuoja, jog jame esantys gaminantys vartotojai elektr\u0105 kaupia iki apskaitos laikotarpio pabaigos \u2013 \u0161iuo atveju 2026 met\u0173 kovo 31 dienos.<\/p>\n<p>\u201eJei dalis energijos lieka nepanaudota, \u012f kit\u0105 kaupimo laikotarp\u012f ji n\u0117ra perkeliama, u\u017e \u0161\u012f kiek\u012f energijos tiek\u0117jas gaminan\u010diam vartotojui kompensuoja i\u0161 anksto tarpusavio sutartyse nustatyta tvarka ir s\u0105lygomis\u201c, \u2013 sako ESO atstov\u0117 Rasa Juodkien\u0117.<\/p>\n<p>Garantinio tiekimo atveju skirstymo tinkl\u0173 operatorius kompensuoja u\u017e faktin\u012f sukaupt\u0105 ir nepanaudot\u0105 kiek\u012f, \u2013 bet ne didesn\u012f kaip 5 proc., \u2013 gaminan\u010dio vartotojo per kaupimo laikotarp\u012f patiekt\u0105 elektros energijos kiek\u012f (arba nuo garantinio tiekimo prad\u017eios, jeigu <a rel=\"noopener nofollow\" target=\"_blank\" href=\"https:\/\/www.delfi.lt\/temos\/garantinis-tiekimas\" tag-id=\"90234135\">garantinis tiekimas<\/a> vykdomas trumpiau negu nustatytas kaupimo laikotarpis).<\/p>\n<p>\u201eKlientas gali pasirinkti, ar nori, kad jam i\u0161mok\u0117t\u0173 \u012f s\u0105skait\u0105 pinigais, ar paskai\u010diuot\u0105 kompensacij\u0105 u\u017eskaityt\u0173 kaip permok\u0105, i\u0161 kurios dengiamos ateities elektros energijos tiekimo s\u0105skaitos. <\/p>\n<p>Jeigu klientas i\u0161\u0117jo i\u0161 garantinio tiekimo, ta\u010diau liko nepanaudot\u0173 kWh, tuomet irgi gali pasirinkti, ar nori kWh perkelti pas kit\u0105 tiek\u0117j\u0105, ar kad b\u016bt\u0173 paskai\u010diuota ir i\u0161mok\u0117ta kompensacija\u201c, \u2013 teigia R. Juodkien\u0117.<\/p>\n<p>Kompensuoja skirtingai<\/p>\n<p>\u201eElektrum Lietuva\u201c nurodo, kad gaminantiems vartotojams u\u017e sukauptas kilovatvalandes bus kompensuojama sutartyje numatyta tvarka.<\/p>\n<p>\u201eKompensavimo formul\u0117s per laik\u0105 keit\u0117si, tod\u0117l kompensacija priklausys nuo to, kokiomis s\u0105lygomis klientai pasira\u0161\u0117 sutart\u012f. \u0160iuo metu taikome 0,01 Eur u\u017e sukaupt\u0105, bet nepanaudot\u0105 kWh elektros energijos\u201c, \u2013 sako bendrov\u0117s atstovas Mantas Kavaliauskas.<\/p>\n<p>Klientui nereikia kreiptis \u012f bendrov\u0119, kompensacija paskai\u010diuojama automati\u0161kai. <\/p>\n<p>\u201eEnefit\u201c sako, kad kompensacijos suma gaminantiems vartotojams \u2013 individuali, apskai\u010diuojama pagal elektros tiekimo sutartyje numatyt\u0105 formul\u0119.<\/p>\n<p>\u201eKlientus raginame atkreipti d\u0117mes\u012f \u012f sudarytose sutartyse pateiktas bendr\u0105sias s\u0105lygas arba kreiptis \u012f klient\u0173 aptarnavimo specialistus, kurie pad\u0117s atsakyti \u012f kylan\u010dius klausimus\u201c, \u2013 teigia bendrov\u0117s atstov\u0117 I. Mun\u010del\u0117.<\/p>\n<p>    <img decoding=\"async\" src=\"https:\/\/www.europesays.com\/lt\/wp-content\/uploads\/2026\/03\/e9bb127a-3efd-4390-86c9-4d3f1d002571.jpg\" loading=\"lazy\" alt=\"Andrius Kavaliauskas\"\/>    <\/p>\n<p>\u201eIgnitis\u201c komentuoja, jog sukaupto, bet nei\u0161naudoto elektros energijos kiekio vert\u0117 apskai\u010diuojama pagal konkre\u010dias sutarties s\u0105lygas. Tiksli\u0105 kompensacijos vert\u0119 klientai gal\u0117s matyti savitarnoje nuo 2026\u202fmet\u0173 baland\u017eio m\u0117nesio.<\/p>\n<p>\u201eJei gaminantis vartotojas nesiims joki\u0173 veiksm\u0173, sukauptos, bet nei\u0161naudotos elektros energijos kompensuojama vert\u0117 bus pritaikyta kaip permoka b\u016bsimoms elektros energijos s\u0105skaitoms \u2013 kitaip tariant, apmok\u0117ta \u012f priek\u012f. Klientai taip pat turi galimyb\u0119 atsisakyti kompensacijos, tai pasirink\u0119 mano.ignitis.lt savitarnoje\u201c, \u2013 teigia A. Kavaliauskas.<\/p>\n<p>ESO teigimu, neatgauta <a rel=\"noopener nofollow\" target=\"_blank\" href=\"https:\/\/www.delfi.lt\/temos\/elektra\" tag-id=\"39127037\">elektra<\/a> kompensuojama Valstybin\u0117s energetikos reguliavimo tarybos (VERT) nustatyta tvarka, o elektros kaina apskai\u010diuojama kaip vis\u0173 gaminan\u010di\u0173 vartotoj\u0173 per pra\u0117jus\u012f kaupimo laikotarp\u012f \u012f elektros tinklus patiektos elektros energijos kieki\u0173 ir bir\u017eos kain\u0173 svertinis vidurkis.<\/p>\n<p>ESO atstov\u0117 R. Juodkien\u0117 komentuoja, kad pasibaigus apskaitos laikotarpiui nepanaudotas energijos kiekis yra nura\u0161omas (tai yra, kompensuojamas, o paskui apskaita prasideda i\u0161 naujo). Kompensavimas vykdomas pagal nustatyt\u0105 tvark\u0105 \u2013 vartotojui atskiro pra\u0161ymo paprastai teikti nereikia. Jei klientas neatitinka kompensavimo s\u0105lyg\u0173 (pavyzd\u017eiui, vir\u0161ija nustatyt\u0105 5 proc. rib\u0105), lik\u0119s kiekis n\u0117ra kompensuojamas.<\/p>\n","protected":false},"excerpt":{"rendered":"Kada reikia imtis papildom\u0173 veiksm\u0173 \u201eIgnitis\u201c priva\u010di\u0173 klient\u0173 tarnybos vadovas Andrius Kavaliauskas sako, jog gaminantys vartotojai, kurie iki&hellip;\n","protected":false},"author":2,"featured_media":122336,"comment_status":"","ping_status":"","sticky":false,"template":"","format":"standard","meta":{"footnotes":"","_share_on_mastodon":"0"},"categories":[17],"tags":[81,543,8481,9338,6111,8928,1229,37,39,36,38,40,11525,46],"class_list":["post-122335","post","type-post","status-publish","format-standard","has-post-thumbnail","category-verslas","tag-business","tag-elektra","tag-elektrum-lietuva","tag-enefit","tag-eso","tag-garantinis-tiekimas","tag-ignitis","tag-lietuva","tag-lietuviu","tag-lithuania","tag-lithuanian","tag-lt","tag-saules-elektrine","tag-verslas"],"share_on_mastodon":{"url":"https:\/\/pubeurope.com\/@lt\/116185969798398304","error":""},"_links":{"self":[{"href":"https:\/\/www.europesays.com\/lt\/wp-json\/wp\/v2\/posts\/122335","targetHints":{"allow":["GET"]}}],"collection":[{"href":"https:\/\/www.europesays.com\/lt\/wp-json\/wp\/v2\/posts"}],"about":[{"href":"https:\/\/www.europesays.com\/lt\/wp-json\/wp\/v2\/types\/post"}],"author":[{"embeddable":true,"href":"https:\/\/www.europesays.com\/lt\/wp-json\/wp\/v2\/users\/2"}],"replies":[{"embeddable":true,"href":"https:\/\/www.europesays.com\/lt\/wp-json\/wp\/v2\/comments?post=122335"}],"version-history":[{"count":0,"href":"https:\/\/www.europesays.com\/lt\/wp-json\/wp\/v2\/posts\/122335\/revisions"}],"wp:featuredmedia":[{"embeddable":true,"href":"https:\/\/www.europesays.com\/lt\/wp-json\/wp\/v2\/media\/122336"}],"wp:attachment":[{"href":"https:\/\/www.europesays.com\/lt\/wp-json\/wp\/v2\/media?parent=122335"}],"wp:term":[{"taxonomy":"category","embeddable":true,"href":"https:\/\/www.europesays.com\/lt\/wp-json\/wp\/v2\/categories?post=122335"},{"taxonomy":"post_tag","embeddable":true,"href":"https:\/\/www.europesays.com\/lt\/wp-json\/wp\/v2\/tags?post=122335"}],"curies":[{"name":"wp","href":"https:\/\/api.w.org\/{rel}","templated":true}]}}