{"id":12234,"date":"2025-10-07T12:19:08","date_gmt":"2025-10-07T12:19:08","guid":{"rendered":"https:\/\/www.europesays.com\/lt\/12234\/"},"modified":"2025-10-07T12:19:08","modified_gmt":"2025-10-07T12:19:08","slug":"britu-ziniasklaida-es-imasi-veiksmu-del-snipinejimo-apriboti-rusijos-diplomatu-keliones","status":"publish","type":"post","link":"https:\/\/www.europesays.com\/lt\/12234\/","title":{"rendered":"Brit\u0173 \u017einiasklaida: ES imasi veiksm\u0173 d\u0117l \u0161nipin\u0117jimo apriboti Rusijos diplomat\u0173 keliones"},"content":{"rendered":"<p>Pagal naujus apribojimus \u2013 jie yra platesnio sankcij\u0173, taikom\u0173 Rusijai d\u0117l 2022 m. jos prad\u0117tos invazijos \u012f Ukrain\u0105, paketo dalis \u2013 ES sostin\u0117se dirbantys Rusijos diplomatai tur\u0117s i\u0161 anksto prane\u0161ti juos priiman\u010di\u0173 \u0161ali\u0173 vyriausyb\u0117ms apie planuojamas i\u0161vykas i\u0161 \u0161alies, kurioje yra akredituoti. <\/p>\n<p>To imamasi reaguojant \u012f padaug\u0117jusias \u012ftariamo sabota\u017eo operacijas, \u012fskaitant padegimus, kibernetines atakas, dron\u0173 \u012fsiver\u017eimus ir \u017eal\u0105 infrastrukt\u016brai \u2013 d\u0117l viso to Europos \u017evalgybos agent\u016bros kaltina Rusij\u0105. <\/p>\n<p>ES saugumo pareig\u016bnai persp\u0117jo, kad Rusijos \u017evalgybos agentai da\u017enai naudojasi diplomatine priedanga vykdydami operacijas u\u017esienyje, juos sunku steb\u0117ti, kai i\u0161vyksta i\u0161 priiman\u010diosios \u0161alies. <\/p>\n<p>\u201eThe Financial Times\u201c citavo vien\u0105 auk\u0161to rango ES diplomat\u0105, sakius\u012f, kad \u012ftariamus \u0161nipus sunku steb\u0117ti, kai jie kerta ES vidaus sienas. <\/p>\n<p>\u010cekija buvo pirmoji, pasi\u016bliusi \u012fvesti jud\u0117jimo apribojimus 2023 m., kai i\u0161pra\u0161\u0117 kelis \u0161nipin\u0117jimu apkaltintus Rusijos diplomatus. Ta\u010diau daugelis t\u0173 pa\u010di\u0173 diplomat\u0173, kaip prane\u0161ta, liko akredituoti kaimyn\u0117je Austrijoje, tod\u0117l jie gali laisvai \u012fva\u017eiuoti \u012f \u010cekij\u0105. <\/p>\n<p>Anks\u010diau Praha pasisak\u0117 u\u017e tai, kad Rusijos diplomatams b\u016bt\u0173 visi\u0161kai u\u017edrausta i\u0161vykti i\u0161 priiman\u010dios \u0161alies \u012f kitas ES valstybes.<\/p>\n<p>\u201eN\u0117ra jokio \u201e\u0160engeno Rusijai\u201c, \u2013 brit\u0173 laikra\u0161\u010diui sak\u0117 \u010cekijos u\u017esienio reikal\u0173 ministras Janas Lipavskis, \u012fsitikin\u0119s, kad Rusijos diplomatams netur\u0117t\u0173 b\u016bti suteiktas neribotas patekimas \u012f bloko atvir\u0173 sien\u0173 zon\u0105. <\/p>\n<p>Vengrija, labiausiai prie\u0161taravusi jud\u0117jimo apribojimams, dabar, kaip prane\u0161ama, atsisak\u0117 \u0161io prie\u0161taravimo, tai atv\u0117r\u0117 keli\u0105 \u012ftraukti \u0161i\u0105 priemon\u0119 \u012f kit\u0105 ES sankcij\u0173 paket\u0105. <\/p>\n<p>Tolesn\u0117s diskusijos d\u0117l sankcij\u0173 numatytos tre\u010diadien\u012f.<\/p>\n","protected":false},"excerpt":{"rendered":"Pagal naujus apribojimus \u2013 jie yra platesnio sankcij\u0173, taikom\u0173 Rusijai d\u0117l 2022 m. jos prad\u0117tos invazijos \u012f Ukrain\u0105,&hellip;\n","protected":false},"author":2,"featured_media":12235,"comment_status":"","ping_status":"","sticky":false,"template":"","format":"standard","meta":{"footnotes":""},"categories":[15],"tags":[25,30,31,1068,34,35,24,32,33,37,39,36,38,40,23,22,44,28,29,119,26,27,74,75,76],"class_list":{"0":"post-12234","1":"post","2":"type-post","3":"status-publish","4":"format-standard","5":"has-post-thumbnail","7":"category-pasaulis","8":"tag-antrastes","9":"tag-breaking-news","10":"tag-breakingnews","11":"tag-europos-sajunga","12":"tag-featured-news","13":"tag-featurednews","14":"tag-headlines","15":"tag-latest-news","16":"tag-latestnews","17":"tag-lietuva","18":"tag-lietuviu","19":"tag-lithuania","20":"tag-lithuanian","21":"tag-lt","22":"tag-naujienos","23":"tag-news","24":"tag-pasaulis","25":"tag-populiariausios-naujienos","26":"tag-populiariausiosnaujienos","27":"tag-rusija","28":"tag-top-stories","29":"tag-topstories","30":"tag-world","31":"tag-world-news","32":"tag-worldnews"},"share_on_mastodon":{"url":"","error":""},"_links":{"self":[{"href":"https:\/\/www.europesays.com\/lt\/wp-json\/wp\/v2\/posts\/12234","targetHints":{"allow":["GET"]}}],"collection":[{"href":"https:\/\/www.europesays.com\/lt\/wp-json\/wp\/v2\/posts"}],"about":[{"href":"https:\/\/www.europesays.com\/lt\/wp-json\/wp\/v2\/types\/post"}],"author":[{"embeddable":true,"href":"https:\/\/www.europesays.com\/lt\/wp-json\/wp\/v2\/users\/2"}],"replies":[{"embeddable":true,"href":"https:\/\/www.europesays.com\/lt\/wp-json\/wp\/v2\/comments?post=12234"}],"version-history":[{"count":0,"href":"https:\/\/www.europesays.com\/lt\/wp-json\/wp\/v2\/posts\/12234\/revisions"}],"wp:featuredmedia":[{"embeddable":true,"href":"https:\/\/www.europesays.com\/lt\/wp-json\/wp\/v2\/media\/12235"}],"wp:attachment":[{"href":"https:\/\/www.europesays.com\/lt\/wp-json\/wp\/v2\/media?parent=12234"}],"wp:term":[{"taxonomy":"category","embeddable":true,"href":"https:\/\/www.europesays.com\/lt\/wp-json\/wp\/v2\/categories?post=12234"},{"taxonomy":"post_tag","embeddable":true,"href":"https:\/\/www.europesays.com\/lt\/wp-json\/wp\/v2\/tags?post=12234"}],"curies":[{"name":"wp","href":"https:\/\/api.w.org\/{rel}","templated":true}]}}