{"id":122687,"date":"2026-03-07T13:40:45","date_gmt":"2026-03-07T13:40:45","guid":{"rendered":"https:\/\/www.europesays.com\/lt\/122687\/"},"modified":"2026-03-07T13:40:45","modified_gmt":"2026-03-07T13:40:45","slug":"azerbaidzanas-iranui-grasina-kerstu-delfi","status":"publish","type":"post","link":"https:\/\/www.europesays.com\/lt\/122687\/","title":{"rendered":"Azerbaid\u017eanas Iranui grasina ker\u0161tu &#8211; Delfi"},"content":{"rendered":"<p>\u201e\u0160iandien Iranas \u012fvykd\u0117 teroristin\u012f akt\u0105 prie\u0161 Azerbaid\u017eano teritorij\u0105\u201c, \u2013 kalb\u0117damas saugumo tarybos pos\u0117dyje sak\u0117 I. Alijevas.<\/p>\n<p>Azerbaid\u017eano kariuomen\u0117 \u201egavo nurodym\u0105 pasirengti ir imtis atsakom\u0173j\u0173 priemoni\u0173\u201c bei \u201ebuvo paskelbtas pirmasis mobilizacijos lygis, tod\u0117l kariuomen\u0117 turi b\u016bti pasirengusi vykdyti bet kokias operacijas\u201c, \u2013 prid\u016br\u0117 jis.<\/p>\n<p>Iranas neigia dronais atakav\u0119s Azerbaid\u017ean\u0105<\/p>\n<p>Irano generalinis \u0161tabas neigia prane\u0161imus apie dron\u0173 atak\u0105 prie\u0161 Azerbaid\u017ean\u0105. Parei\u0161kime teigiama, kad Iranas gerbia ypa\u010d islamo ir kaimynini\u0173 \u0161ali\u0173 suverenum\u0105. Kartu Generalinis \u0161tabas apkaltino Izrael\u012f, kad \u0161is susij\u0119s su dron\u0173 atakomis ir siekia sutrikdyti abiej\u0173 islamo \u0161ali\u0173 santykius.<\/p>\n<p>Prie\u0161 tai Azerbaid\u017eanas apkaltino Iran\u0105 dronais atakavus autonomin\u012f Nachi\u010devan\u0117s eksklav\u0105 ir pagrasino reaguoti. Gynybos ministerija rengia b\u016btinas atsakom\u0105sias priemones, teigiama prane\u0161ime.<\/p>\n<p>Vienas dronas pataik\u0117 \u012f Nachi\u010devan\u0117s oro uosto terminalo pastat\u0105, o kitas nukrito netoli mokyklos pastato, prane\u0161\u0117 U\u017esienio reikal\u0173 ministerija Baku. Nukent\u0117jo du \u017emon\u0117s, buvo apgadintas oro uosto pastatas.<\/p>\n<p>Nachi\u010devan\u0117s eksklav\u0105as ribojasi su Iranu ir Turkija, j\u012f nuo \u017eemynin\u0117s Azerbaid\u017eano dalies skiria Arm\u0117nija. <\/p>\n","protected":false},"excerpt":{"rendered":"\u201e\u0160iandien Iranas \u012fvykd\u0117 teroristin\u012f akt\u0105 prie\u0161 Azerbaid\u017eano teritorij\u0105\u201c, \u2013 kalb\u0117damas saugumo tarybos pos\u0117dyje sak\u0117 I. Alijevas. Azerbaid\u017eano kariuomen\u0117&hellip;\n","protected":false},"author":2,"featured_media":122688,"comment_status":"","ping_status":"","sticky":false,"template":"","format":"standard","meta":{"footnotes":"","_share_on_mastodon":"0"},"categories":[15],"tags":[25,466,30,31,3346,34,35,24,79,32,33,37,39,36,38,40,23,22,44,28,29,26,27,74,75,76],"class_list":["post-122687","post","type-post","status-publish","format-standard","has-post-thumbnail","category-pasaulis","tag-antrastes","tag-azerbaidzanas","tag-breaking-news","tag-breakingnews","tag-elta-uzsienio-naujiena","tag-featured-news","tag-featurednews","tag-headlines","tag-iranas","tag-latest-news","tag-latestnews","tag-lietuva","tag-lietuviu","tag-lithuania","tag-lithuanian","tag-lt","tag-naujienos","tag-news","tag-pasaulis","tag-populiariausios-naujienos","tag-populiariausiosnaujienos","tag-top-stories","tag-topstories","tag-world","tag-world-news","tag-worldnews"],"share_on_mastodon":{"url":"https:\/\/pubeurope.com\/@lt\/116188179782761928","error":""},"_links":{"self":[{"href":"https:\/\/www.europesays.com\/lt\/wp-json\/wp\/v2\/posts\/122687","targetHints":{"allow":["GET"]}}],"collection":[{"href":"https:\/\/www.europesays.com\/lt\/wp-json\/wp\/v2\/posts"}],"about":[{"href":"https:\/\/www.europesays.com\/lt\/wp-json\/wp\/v2\/types\/post"}],"author":[{"embeddable":true,"href":"https:\/\/www.europesays.com\/lt\/wp-json\/wp\/v2\/users\/2"}],"replies":[{"embeddable":true,"href":"https:\/\/www.europesays.com\/lt\/wp-json\/wp\/v2\/comments?post=122687"}],"version-history":[{"count":0,"href":"https:\/\/www.europesays.com\/lt\/wp-json\/wp\/v2\/posts\/122687\/revisions"}],"wp:featuredmedia":[{"embeddable":true,"href":"https:\/\/www.europesays.com\/lt\/wp-json\/wp\/v2\/media\/122688"}],"wp:attachment":[{"href":"https:\/\/www.europesays.com\/lt\/wp-json\/wp\/v2\/media?parent=122687"}],"wp:term":[{"taxonomy":"category","embeddable":true,"href":"https:\/\/www.europesays.com\/lt\/wp-json\/wp\/v2\/categories?post=122687"},{"taxonomy":"post_tag","embeddable":true,"href":"https:\/\/www.europesays.com\/lt\/wp-json\/wp\/v2\/tags?post=122687"}],"curies":[{"name":"wp","href":"https:\/\/api.w.org\/{rel}","templated":true}]}}