{"id":122738,"date":"2026-03-07T15:00:07","date_gmt":"2026-03-07T15:00:07","guid":{"rendered":"https:\/\/www.europesays.com\/lt\/122738\/"},"modified":"2026-03-07T15:00:07","modified_gmt":"2026-03-07T15:00:07","slug":"girtas-vairuotojas-taranavo-elektromobiliu-ikrovimo-stotele","status":"publish","type":"post","link":"https:\/\/www.europesays.com\/lt\/122738\/","title":{"rendered":"Girtas vairuotojas taranavo elektromobili\u0173 \u012fkrovimo stotel\u0119"},"content":{"rendered":"<p>Vilniaus apskrities pilicija prane\u0161im\u0105 apie avarij\u0105 gavo 10 val. 30 min. <\/p>\n<p>Trak\u0173 rajone, Lentvario seni\u016bnijos Dedeli\u0161ki\u0173 kaimo ribose, Did\u017eiulio gatv\u0117je, automobilis \u201eAudi A4\u201c \u012fva\u017eiavo. \u012f elektromobili\u0173 \u012fkrovimo stotel\u0119. Tuo adresu yra registruota prie magistral\u0117s \u201eVilnius\u2013Kaunas\u2013Klaip\u0117da\u201c \u012fsik\u016brusi degalin\u0117 \u201e<a rel=\"noopener nofollow\" target=\"_blank\" href=\"https:\/\/www.delfi.lt\/temos\/circle-k\" tag-id=\"69165542\">Circle K<\/a>\u201c. Jos darbuotoja patvirtino \u201eDelfi\u201c, kad tokia <a rel=\"noopener nofollow\" target=\"_blank\" href=\"https:\/\/www.delfi.lt\/temos\/avarija\" tag-id=\"40146351\">avarija<\/a> tikrai \u012fvyko.<\/p>\n<p>Ma\u0161in\u0105 vairav\u0119s 40-metis buvo neblaivus. Patikrinus alkoholio matuokliu, jam nustatytas lengvas girtumas (1,2 prom). <\/p>\n<p>Pirminiais duomenimis, \u017emon\u0117s per eismo \u012fvyk\u012f nenukent\u0117jo.<\/p>\n","protected":false},"excerpt":{"rendered":"Vilniaus apskrities pilicija prane\u0161im\u0105 apie avarij\u0105 gavo 10 val. 30 min. Trak\u0173 rajone, Lentvario seni\u016bnijos Dedeli\u0161ki\u0173 kaimo ribose,&hellip;\n","protected":false},"author":2,"featured_media":122739,"comment_status":"","ping_status":"","sticky":false,"template":"","format":"standard","meta":{"footnotes":"","_share_on_mastodon":"0"},"categories":[17],"tags":[155,81,9780,22416,37,39,36,38,40,46],"class_list":["post-122738","post","type-post","status-publish","format-standard","has-post-thumbnail","category-verslas","tag-avarija","tag-business","tag-circle-k","tag-elektromobiliu-ikrovimo-stoteles","tag-lietuva","tag-lietuviu","tag-lithuania","tag-lithuanian","tag-lt","tag-verslas"],"share_on_mastodon":{"url":"https:\/\/pubeurope.com\/@lt\/116188494134045030","error":""},"_links":{"self":[{"href":"https:\/\/www.europesays.com\/lt\/wp-json\/wp\/v2\/posts\/122738","targetHints":{"allow":["GET"]}}],"collection":[{"href":"https:\/\/www.europesays.com\/lt\/wp-json\/wp\/v2\/posts"}],"about":[{"href":"https:\/\/www.europesays.com\/lt\/wp-json\/wp\/v2\/types\/post"}],"author":[{"embeddable":true,"href":"https:\/\/www.europesays.com\/lt\/wp-json\/wp\/v2\/users\/2"}],"replies":[{"embeddable":true,"href":"https:\/\/www.europesays.com\/lt\/wp-json\/wp\/v2\/comments?post=122738"}],"version-history":[{"count":0,"href":"https:\/\/www.europesays.com\/lt\/wp-json\/wp\/v2\/posts\/122738\/revisions"}],"wp:featuredmedia":[{"embeddable":true,"href":"https:\/\/www.europesays.com\/lt\/wp-json\/wp\/v2\/media\/122739"}],"wp:attachment":[{"href":"https:\/\/www.europesays.com\/lt\/wp-json\/wp\/v2\/media?parent=122738"}],"wp:term":[{"taxonomy":"category","embeddable":true,"href":"https:\/\/www.europesays.com\/lt\/wp-json\/wp\/v2\/categories?post=122738"},{"taxonomy":"post_tag","embeddable":true,"href":"https:\/\/www.europesays.com\/lt\/wp-json\/wp\/v2\/tags?post=122738"}],"curies":[{"name":"wp","href":"https:\/\/api.w.org\/{rel}","templated":true}]}}