{"id":122944,"date":"2026-03-07T21:49:12","date_gmt":"2026-03-07T21:49:12","guid":{"rendered":"https:\/\/www.europesays.com\/lt\/122944\/"},"modified":"2026-03-07T21:49:12","modified_gmt":"2026-03-07T21:49:12","slug":"zveriu-pamegtas-kelias-tapo-vairuotoju-siaubu-kaltina-salia-irengta-serykla","status":"publish","type":"post","link":"https:\/\/www.europesays.com\/lt\/122944\/","title":{"rendered":"\u017dv\u0117ri\u0173 pam\u0117gtas kelias tapo vairuotoj\u0173 siaubu: kaltina \u0161alia \u012frengt\u0105 \u0161\u0117rykl\u0105"},"content":{"rendered":"<p>\u017dv\u0117rys priprato vaik\u0161\u010dioti keliu<\/p>\n<p>\u012e \u201eDelfi\u201c redakcij\u0105 kreip\u0117si susir\u016bpin\u0119 \u0160unsk\u0173 miesto ir aplinkini\u0173 kaim\u0173 gyventojai. Anot j\u0173, prie pat valstybinio kelio i\u0161kilusi laukini\u0173 \u017ev\u0117ri\u0173 \u0161\u0117rykla \u012f didel\u012f pavoj\u0173 pastat\u0117 tiek vairuotojus, tiek laukinius gyv\u016bnus.<\/p>\n<p>\u201eMes suprantame, kad \u017ev\u0117rims reikia pagalbos, nes labai sunki \u017eiema buvo, labai daug sniego, ledo, \u0161al\u010dio. Bet yra ir blogoji pus\u0117 \u0161io reikalo\u201c, \u2013 kalba susir\u016bpin\u0119s vietinis gyventojas.<\/p>\n<p>Jis nurodo, kad vis\u0105 \u017eiem\u0105 \u017ev\u0117ri\u0173 \u0161\u0117rimas vyko prakti\u0161kai prie pat valstybinio kelio nr. 2607 Marijampol\u0117 \u2013 \u0160unskai \u2013 Tursu\u010diai. Tokiu b\u016bdu kanopiniai \u017ev\u0117rys buvo pripratinti migruoti tarp lauk\u0173 ir \u0160unsk\u0173 mi\u0161ko, kirsdami keli\u0105 nr. 2607.<\/p>\n<p>\u201e\u0160\u0117ryklos ir bok\u0161teliai \u012frengti atvirose vietose, kad viskas b\u016bt\u0173 labai patogu med\u017eioti, bet \u0161is med\u017eiotoj\u0173 patogumas \u017eymiai padidino \u017ev\u0117ri\u0173 jud\u0117jim\u0105 per keli\u0105. Nors sniegas nutirpo, \u0161altis pasibaig\u0117, bet \u017ev\u0117ri\u0173 jud\u0117jimas nesuma\u017e\u0117jo, nes jie priprato tose vietose gauti maisto. D\u0117l to yra labai nema\u017eai \u017emoni\u0173 su apgadintais automobiliais, nes nepavyksta i\u0161vengti susid\u016brim\u0173 su \u017ev\u0117rimis. Bandant i\u0161vengti susid\u016brimo, tenka nuslysti \u012f griov\u012f. Gerai, jeigu automobilis yra draustas KASKO, tai apgadinimai bus atlyginti, bet ne visi gali tai sau leisti\u201c, \u2013 sako vyras.<\/p>\n<p>Kartais \u0161\u0117rykl\u0173 vietas tenka koreguoti<\/p>\n<p>Kaip teigia S\u016bduvos med\u017eiotoj\u0173 s\u0105jungos atstovas Ram\u016bnas Ma\u017e\u0117tis, \u0161\u0117ryklos \u012fprastai \u012frengiamos tam, kad \u017ev\u0117rims b\u016bt\u0173 suteiktas papildomas maitinimas, arba siekiant juos atitraukti nuo ypating\u0173 ta\u0161k\u0173, kur \u017ev\u0117rys gal\u0117t\u0173 daryti \u017eal\u0105 \u017eem\u0117s \u016bkio pas\u0117liams ar mi\u0161kui. Da\u017eniausiai \u0161\u0117ryklos statomos vadinamuoju \u201ebaltojo bado\u201c metu, kai \u017eiem\u0105 jiems tampa sunkiau susirasti maisto patiems. \u0160\u0117ryklose \u017ev\u0117ris med\u017eioti draud\u017eiama.<\/p>\n<p>    <img decoding=\"async\" src=\"https:\/\/www.europesays.com\/lt\/wp-content\/uploads\/2026\/03\/db2b9ba0-6a8b-11ed-bb03-012eab41d078.jpg\" loading=\"lazy\" alt=\"Pauk\u0161\u010di\u0173 lesykla ir \u017ev\u0117ri\u0173 \u0161\u0117rykla, asociatyvi nuotr.\"\/>    <\/p>\n<p>Jis pastebi, kad kartais \u0161\u0117ryklos painiojamos su viliojimo vietomis, kuri\u0173 paskirtis yra kita. Viliojimo vietos \u012frengiamos med\u017eioklei viliojimo b\u016bdu, kai siekiama suma\u017einti tam tikr\u0173 \u017ev\u0117ri\u0173 populiacij\u0105 ar u\u017ekirsti keli\u0105 j\u0173 daromai \u017ealai. Juose pa\u0161ar\u0173 kiekis b\u016bna apribotas, kad \u017ev\u0117rys tik retkar\u010diais u\u017esukt\u0173 pa\u017ei\u016br\u0117ti ir med\u017eiotojui juos b\u016bt\u0173 lengviau sumed\u017eioti.<\/p>\n<p>Anot jo, \u0161\u0117rykl\u0173 vietas \u012fprastai pasirenka med\u017eiotoj\u0173 b\u016breliai, ta\u010diau tam, kad jos atsirast\u0173, reikalingas \u017eem\u0117s savininko ar valdytojo sutikimas.<\/p>\n<p>\u201e\u017dv\u0117ri\u0173 \u0161\u0117rykla yra biotechnin\u0117 priemon\u0117, skirta pagerinti gyv\u016bno gyvenimo s\u0105lygas, ir med\u017eiotoj\u0173 b\u016breliai gali pasirinkti vietas, kur nor\u0117t\u0173 jas \u012fsirengti. Pagal teis\u0117s aktus, reglamentuojan\u010dius med\u017eiokl\u0119, pirmiausia jie turi susiderinti su \u017eem\u0117s savininku ar valdytoju d\u0117l galimyb\u0117s \u012frengti \u0161\u0117ryklas\u201c, \u2013 sako R. Ma\u017e\u0117tis.<\/p>\n<p>S\u016bduvos med\u017eiotoj\u0173 s\u0105jungos atstovas pastebi, kad kartais numatytos \u0161\u0117rykl\u0173 vietos b\u016bna koreguojamos.<\/p>\n<p>\u201eB\u016bna atvej\u0173, kai parenkamos vietos koreguojamos. B\u016bna, pasikei\u010dia \u016bkininkavimo b\u016bdas mi\u0161ke ar \u017eem\u0117s \u016bkyje, d\u0117l ko \u0161\u0117rykl\u0173 buvimo vieta gali atne\u0161ti daugiau \u017ealos nei naudos. Tokiu atveju jos b\u016bna perkeliamos\u201c, \u2013 teigia jis.<\/p>\n<p>Pakeista \u0161\u0117ryklos vieta nepad\u0117s i\u0161vengti migracijos<\/p>\n<p>Pasak R. Ma\u017e\u0117\u010dio, \u0161\u0117rykl\u0173 vietos gali tur\u0117ti \u012ftakos gyv\u016bn\u0173 migracijai \u2013 ypa\u010d \u0161altuoju met\u0173 laiku.<\/p>\n<p>\u201e\u0160iltuoju periodu, kai gyv\u016bnai gali rasti maisto nat\u016braliai, \u012f tokias vietas vietas jie u\u017esuka \u017eymiai re\u010diau. Retkar\u010diais, i\u0161 \u012fpratimo, vis tiek u\u017esuka pa\u017ei\u016br\u0117ti, kaip \u012f parduotuv\u0119, gal jau atve\u017e\u0117 ka\u017eko. Tai gali ka\u017ekiek padidinti migracij\u0105. Bet \u0161iuo atveju, kelio palei \u0160unskus teritorijoje yra tarpmi\u0161kis. Tarp t\u0173 mi\u0161keli\u0173 vyksta nat\u016brali migracija. Net jei ten neb\u016bt\u0173 tos \u0161\u0117ryklos, gyv\u016bnai vis tiek migruot\u0173. Perk\u0117lus \u0161\u0117rykl\u0105, migracija gal \u0161iek tiek ir pasikeist\u0173, bet tikrai nei\u0161nykt\u0173\u201c, \u2013 teigia R. Ma\u017e\u0117tis.<\/p>\n<p>    <img decoding=\"async\" src=\"https:\/\/www.europesays.com\/lt\/wp-content\/uploads\/2026\/03\/c44b9400-6aac-11ed-86b6-3b1425771606.jpg\" loading=\"lazy\" alt=\"\u0160ern\u0173 \u0161\u0117rykla, asociatyvi nuotr.\"\/>    <\/p>\n<p>Keli\u0173 aptv\u0117rimai \u2013 viena i\u0161 veiksmingiausi\u0173 priemoni\u0173, kuri padidina vairuotoj\u0173 saugum\u0105 d\u0117l \u017ev\u0117ri\u0173 migracijos. Ypa\u010d pla\u010diai \u0161i priemon\u0117 pritaikyta magistraliniuose keliuose. Ta\u010diau R. Ma\u017e\u0117tis pastebi, kad didesnis \u0161ios priemon\u0117s \u012fgyvendinimas, nors ir pad\u0117t\u0173 \u017emon\u0117ms, \u017ev\u0117rims b\u016bt\u0173 kenksmingesnis.<\/p>\n<p>\u201eKai kelias aptveriamas, pastebime, kad \u017ev\u0117rys i\u0161 prad\u017ei\u0173 dar bando eiti ten, kur aptverta, bet paskui susiranda kitus kelius. \u017dmogui tai yra gera saugumo priemon\u0117, bet gyvajai gamtai b\u016bt\u0173 padaryta \u017eala, nes apribojamas \u017ev\u0117ri\u0173 jud\u0117jimas jiems \u012fprastais mar\u0161rutais. \u0160\u0117rykl\u0173 \u012frengimas gali b\u016bti b\u016bdas atitraukti juos nuo keli\u0173, bet nat\u016bralios \u017ev\u0117ri\u0173 migracijos 100 proc. niekada nei\u0161vengsime. J\u0173 jud\u0117jimas vis tiek priklausys nuo sezoni\u0161kumo ir to, koks maistas tuo metu jiems bus geriausiai prieinamas \u2013 ar tai medeliai mi\u0161ke, ar kukur\u016bzai laukuose\u201c, \u2013 teigia R. Ma\u017e\u0117tis.<\/p>\n<p>\u012evertins \u0161\u0117ryklos \u012ftak\u0105 eismo saugumui<\/p>\n<p>\u012e \u0160unsk\u0173 miesto ir aplinkini\u0173 kaim\u0173 gyventoj\u0173 susir\u016bpinim\u0105 sureagavo ir Lietuvos med\u017eiotoj\u0173 ir \u017evej\u0173 draugijos direktorius Laimonas Dauk\u0161a.<\/p>\n<p>\u201eGav\u0119 j\u016bs\u0173 paklausim\u0105 ir \u012fvertin\u0119 jame pateiktas aplinkybes, informuojame, kad kreipimasis t\u0105 pa\u010di\u0105 dien\u0105 buvo persi\u0173stas pagal veiklos teritorij\u0105 ir atsakomyb\u0117s srit\u012f S\u016bduvos med\u017eiotoj\u0173 s\u0105jungai. M\u016bs\u0173 nuomone, svarbu \u012fvertinti reali\u0105 situacij\u0105 vietoje ir nustatyti, ar ji atitinka pateikt\u0105 informacij\u0105\u201c, \u2013 teigia L. Dauk\u0161a.<\/p>\n","protected":false},"excerpt":{"rendered":"\u017dv\u0117rys priprato vaik\u0161\u010dioti keliu \u012e \u201eDelfi\u201c redakcij\u0105 kreip\u0117si susir\u016bpin\u0119 \u0160unsk\u0173 miesto ir aplinkini\u0173 kaim\u0173 gyventojai. Anot j\u0173, prie&hellip;\n","protected":false},"author":2,"featured_media":122945,"comment_status":"","ping_status":"","sticky":false,"template":"","format":"standard","meta":{"footnotes":"","_share_on_mastodon":"0"},"categories":[13],"tags":[25,30,31,34,35,24,32,33,37,39,36,38,40,23,22,28,29,26,27,15405],"class_list":["post-122944","post","type-post","status-publish","format-standard","has-post-thumbnail","category-lietuva","tag-antrastes","tag-breaking-news","tag-breakingnews","tag-featured-news","tag-featurednews","tag-headlines","tag-latest-news","tag-latestnews","tag-lietuva","tag-lietuviu","tag-lithuania","tag-lithuanian","tag-lt","tag-naujienos","tag-news","tag-populiariausios-naujienos","tag-populiariausiosnaujienos","tag-top-stories","tag-topstories","tag-zverys"],"share_on_mastodon":{"url":"https:\/\/pubeurope.com\/@lt\/116190102353163159","error":""},"_links":{"self":[{"href":"https:\/\/www.europesays.com\/lt\/wp-json\/wp\/v2\/posts\/122944","targetHints":{"allow":["GET"]}}],"collection":[{"href":"https:\/\/www.europesays.com\/lt\/wp-json\/wp\/v2\/posts"}],"about":[{"href":"https:\/\/www.europesays.com\/lt\/wp-json\/wp\/v2\/types\/post"}],"author":[{"embeddable":true,"href":"https:\/\/www.europesays.com\/lt\/wp-json\/wp\/v2\/users\/2"}],"replies":[{"embeddable":true,"href":"https:\/\/www.europesays.com\/lt\/wp-json\/wp\/v2\/comments?post=122944"}],"version-history":[{"count":0,"href":"https:\/\/www.europesays.com\/lt\/wp-json\/wp\/v2\/posts\/122944\/revisions"}],"wp:featuredmedia":[{"embeddable":true,"href":"https:\/\/www.europesays.com\/lt\/wp-json\/wp\/v2\/media\/122945"}],"wp:attachment":[{"href":"https:\/\/www.europesays.com\/lt\/wp-json\/wp\/v2\/media?parent=122944"}],"wp:term":[{"taxonomy":"category","embeddable":true,"href":"https:\/\/www.europesays.com\/lt\/wp-json\/wp\/v2\/categories?post=122944"},{"taxonomy":"post_tag","embeddable":true,"href":"https:\/\/www.europesays.com\/lt\/wp-json\/wp\/v2\/tags?post=122944"}],"curies":[{"name":"wp","href":"https:\/\/api.w.org\/{rel}","templated":true}]}}