{"id":122993,"date":"2026-03-07T22:50:42","date_gmt":"2026-03-07T22:50:42","guid":{"rendered":"https:\/\/www.europesays.com\/lt\/122993\/"},"modified":"2026-03-07T22:50:42","modified_gmt":"2026-03-07T22:50:42","slug":"zelenskis-rusai-ruosiasi-pavasario-puolimui","status":"publish","type":"post","link":"https:\/\/www.europesays.com\/lt\/122993\/","title":{"rendered":"Zelenskis: rusai ruo\u0161iasi pavasario puolimui"},"content":{"rendered":"<p>\u201e\u0160iandien lankom\u0117s Donecko regione, m\u016bs\u0173 \u017eem\u0117je ir pas m\u016bs\u0173 karius. 28-ojoje brigadoje, 100-ojoje ir 24-ojoje atskirosiose mechanizuotuose brigadose bei 36-ojoje j\u016br\u0173 p\u0117stinink\u0173 brigadoje. Noriu pad\u0117koti jums visiems \u2013 visiems, kurie gina m\u016bs\u0173 valstyb\u0119! Dru\u017ekivkai, Kramatorskui, Slovianskui ir kitiems m\u016bs\u0173 miestams. Rusai i\u0161 karo nesitraukia, ir \u010dia, Donecko regione, jie ruo\u0161iasi pavasario puolimui. Svarbu, kad m\u016bs\u0173 pozicijos b\u016bt\u0173 stiprios. Svarbu, kad m\u016bs\u0173 brigados b\u016bt\u0173 tinkamai apr\u016bpintos\u201c, \u2013 pabr\u0117\u017e\u0117 V. Zelenskis.<\/p>\n<p>Jis pa\u017eym\u0117jo, kad Ukrainos kariai oriai gina savo pozicijas ir kad Ukraina, jos diplomatai ir jos \u017emon\u0117s toliau darys t\u0105 pat\u012f.<\/p>\n<p>\u201eVisi m\u016bs\u0173 partneriai \u2013 Jungtin\u0117se Valstijose, Europoje ir kitur \u2013 tur\u0117t\u0173 ai\u0161kiai suprasti, kad Putino, Irano re\u017eimo, \u0160iaur\u0117s Kor\u0117jos, Luka\u0161enkos ir kit\u0173 draugyst\u0117 tarnauja tik vienam tikslui: leisti jiems kur tik nori daryti tai, k\u0105 jie padar\u0117 m\u016bs\u0173 Donbasui\u201c, \u2013 pabr\u0117\u017e\u0117 jis.<\/p>\n<p>Kaip anks\u010diau prane\u0161\u0117 \u201eUkrinform\u201c, Generalinio \u0161tabo duomenimis, nuo dienos prad\u017eios Rusijos kariuomen\u0117 56 kartus atakavo Ukrainos gyn\u0117j\u0173 pozicijas. Kar\u0161\u010diausios kryptys teb\u0117ra Kostiantynivka ir Pokrovskas.<\/p>\n","protected":false},"excerpt":{"rendered":"\u201e\u0160iandien lankom\u0117s Donecko regione, m\u016bs\u0173 \u017eem\u0117je ir pas m\u016bs\u0173 karius. 28-ojoje brigadoje, 100-ojoje ir 24-ojoje atskirosiose mechanizuotuose brigadose&hellip;\n","protected":false},"author":2,"featured_media":122994,"comment_status":"","ping_status":"","sticky":false,"template":"","format":"standard","meta":{"footnotes":"","_share_on_mastodon":"0"},"categories":[15],"tags":[25,30,31,9603,3346,34,35,24,32,33,37,39,36,38,40,23,22,44,28,29,26,27,971,74,75,76],"class_list":["post-122993","post","type-post","status-publish","format-standard","has-post-thumbnail","category-pasaulis","tag-antrastes","tag-breaking-news","tag-breakingnews","tag-doneckas","tag-elta-uzsienio-naujiena","tag-featured-news","tag-featurednews","tag-headlines","tag-latest-news","tag-latestnews","tag-lietuva","tag-lietuviu","tag-lithuania","tag-lithuanian","tag-lt","tag-naujienos","tag-news","tag-pasaulis","tag-populiariausios-naujienos","tag-populiariausiosnaujienos","tag-top-stories","tag-topstories","tag-volodymyras-zelenskis","tag-world","tag-world-news","tag-worldnews"],"share_on_mastodon":{"url":"https:\/\/pubeurope.com\/@lt\/116190342217501469","error":""},"_links":{"self":[{"href":"https:\/\/www.europesays.com\/lt\/wp-json\/wp\/v2\/posts\/122993","targetHints":{"allow":["GET"]}}],"collection":[{"href":"https:\/\/www.europesays.com\/lt\/wp-json\/wp\/v2\/posts"}],"about":[{"href":"https:\/\/www.europesays.com\/lt\/wp-json\/wp\/v2\/types\/post"}],"author":[{"embeddable":true,"href":"https:\/\/www.europesays.com\/lt\/wp-json\/wp\/v2\/users\/2"}],"replies":[{"embeddable":true,"href":"https:\/\/www.europesays.com\/lt\/wp-json\/wp\/v2\/comments?post=122993"}],"version-history":[{"count":0,"href":"https:\/\/www.europesays.com\/lt\/wp-json\/wp\/v2\/posts\/122993\/revisions"}],"wp:featuredmedia":[{"embeddable":true,"href":"https:\/\/www.europesays.com\/lt\/wp-json\/wp\/v2\/media\/122994"}],"wp:attachment":[{"href":"https:\/\/www.europesays.com\/lt\/wp-json\/wp\/v2\/media?parent=122993"}],"wp:term":[{"taxonomy":"category","embeddable":true,"href":"https:\/\/www.europesays.com\/lt\/wp-json\/wp\/v2\/categories?post=122993"},{"taxonomy":"post_tag","embeddable":true,"href":"https:\/\/www.europesays.com\/lt\/wp-json\/wp\/v2\/tags?post=122993"}],"curies":[{"name":"wp","href":"https:\/\/api.w.org\/{rel}","templated":true}]}}