{"id":123166,"date":"2026-03-08T07:52:07","date_gmt":"2026-03-08T07:52:07","guid":{"rendered":"https:\/\/www.europesays.com\/lt\/123166\/"},"modified":"2026-03-08T07:52:07","modified_gmt":"2026-03-08T07:52:07","slug":"politologas-marius-parciauskas-didelis-skandalas-kurio-politikai-nelaiko-skandalu-respublika-lt","status":"publish","type":"post","link":"https:\/\/www.europesays.com\/lt\/123166\/","title":{"rendered":"Politologas Marius Par\u010diauskas: Didelis skandalas, kurio politikai nelaiko skandalu &#8211; Respublika.lt"},"content":{"rendered":"<p style=\"text-align: justify;\" class=\"desktop_banner\">\u00a0<\/p>\n<p>Prie\u0161 kelerius metus ministr\u0117 Monika Navickien\u0117 ragino kal\u0117din\u012f laikotarp\u012f vadinti \u0161ventiniu, kad neb\u016bt\u0173 \u012f\u017eeistos kitatiki\u0173 ausys, \u0161iemet socialdemokrat\u0173 vyriausyb\u0117 (URM) pasveikino Lietuvos ir pasaulio musulmonus su \u0161ventuoju Ramadano m\u0117nesiu.<\/p>\n<p>Politologas, atsargos karininkas, Nacionalinio susivienijimo pirmininko pavaduotojas Marius PAR\u010cIAUSKAS sako, kad multikult\u016brin\u0117s valstyb\u0117s id\u0117ja yra tiesiausias tautos kelias neb\u016btin.<\/p>\n<p>&#8211; Gal nereikia steb\u0117tis, kad U\u017esienio reikal\u0173 ministerija pasveikino Lietuvos musulmonus, nors niekada anks\u010diau to nedarydavo? Gal pavasar\u012f rengiamasi sveikinti ir su Budos gimtadieniu, ir su \u0160viesos \u0161vente, &#8211; juk budist\u0173 ir induist\u0173 irgi nema\u017eai gyvena m\u016bs\u0173 \u0161alyje?<\/p>\n<p>&#8211; Suprantu j\u016bs\u0173 ironij\u0105. Sveikinimas sutapo su katalik\u0173 Gav\u0117nios prad\u017eia; \u0161iaip labai retai sutampa, bet \u0161iemet b\u016btent Pelen\u0173 tre\u010diadien\u012f jis buvo pavie\u0161intas. \u012edomu tai, kad Lietuvoje esan\u010dius musulmonus pasveikino b\u016btent U\u017esienio reikal\u0173 ministerija, kurios esmin\u0117 funkcija &#8211; formuoti bei \u012fgyvendinti u\u017esienio politikos kryptis, &#8211; tai pirmas toks atvejis Lietuvoje.<\/p>\n<p>Nenor\u0117\u010diau sakyt, kad \u0161is URM parei\u0161kimas susij\u0119s su vyriausyb\u0117s sprendimu skirti daugiau nei milijon\u0105 eur\u0173 visuomen\u0117s \u0161vietimui, kad ji tapt\u0173 toleranti\u0161kesn\u0117 \u012fvairi\u0173 kult\u016br\u0173 ir imigrant\u0173 at\u017evilgiu, ta\u010diau bendra kryptis ai\u0161ki: bus bandoma peraukl\u0117ti mus, kad b\u016btume svetingesni atvyk\u0117liams.<\/p>\n<p>Toki\u0173 siun\u010diam\u0173 \u017einu\u010di\u0173, kaip URM sveikinimas Ramadano proga, tik daug\u0117s.<\/p>\n<p>&#8211; Argi netur\u0117t\u0173 b\u016bti atvirk\u0161\u010diai: ne lietuviai tur\u0117t\u0173 integruotis \u012f j\u0173 pasaul\u012f, o jie &#8211; \u012f lietuvi\u0161k\u0105?<\/p>\n<p>&#8211; Integracija Lietuvoje visi\u0161kai neveiksminga, ir tai akivaizdu vien valstybin\u0117s kalbos po\u017ei\u016briu. Masin\u0117s imigracijos mastas m\u016bs\u0173 valstybei yra per didelis ir net pranokstantis did\u017eiausio imigracijos bumo i\u0161\u0161\u016bk\u012f Vokietijoje.<\/p>\n<p>2022 metais Lietuva pri\u0117m\u0117 87 t\u016bkst. u\u017esienie\u010di\u0173 &#8211; tai sudar\u0117 apie 3 proc. jos populiacijos. Dalis j\u0173 buvo pab\u0117g\u0117liai i\u0161 Ukrainos, bet ma\u017eiau nei pus\u0117.<\/p>\n<p>Palyginkite: Vokietijoje per migracijos antpl\u016bd\u012f 2015-2016 metais prisi\u0161aukta 1,1- 1,2 mln. imigrant\u0173 armija sudar\u0117 1,4 proc. gyventoj\u0173. Naujausiais duomenimis \u0161iandien Lietuvoje gyvena 219 t\u016bkst. u\u017esienie\u010di\u0173, i\u0161 j\u0173 &#8211; apie 80 t\u016bkst. ukrainie\u010di\u0173 (dalis b\u0117gusi\u0173 nuo karo, dalis darbo migrant\u0173), 50 t\u016bkst. baltarusi\u0173, 13 t\u016bkst. rus\u0173.<\/p>\n<p>Pastaraisiais metais rus\u0173 ir baltarusi\u0173 daug\u0117ja labai ne\u017eymiai, ta\u010diau itin spar\u010diai daug\u0117ja atvyk\u0117li\u0173 i\u0161 Centrin\u0117s Azijos (Kirgizijos, Tad\u017eikistano, Kazachstano, Uzbekistano), i\u0161 kit\u0173 valstybi\u0173 (Pakistano, Irako), kurios da\u017enai siejamos su islamo terorizmu.<\/p>\n<p>Susumavus, gautume apie 50 t\u016bkst. imigrant\u0173 vien i\u0161 Centrin\u0117s Azijos. Nuo 2023-2024 met\u0173, itin suaktyv\u0117jus migracijai i\u0161 musulmoni\u0161k\u0173 \u0161ali\u0173, radosi specifin\u0117s saugumo ir kult\u016brin\u0117s gr\u0117sm\u0117s. Lietuvoje naujieji imigrantai musulmonai labai aktyviai perima vie\u0161\u0105sias erdves.<\/p>\n<p>Pavyzd\u017eiui, Islamo centras Vilniuje veik\u0117 ir anks\u010diau, j\u012f tvark\u0117 senieji Lietuvos musulmonai totoriai, kurie buvo m\u016bs\u0173 visuomen\u0117s dalis nuo Vytauto Did\u017eiojo laik\u0173, bet naujieji musulmonai, skai\u010diumi pranok\u0119 tradicinius musulmonus, jau per\u0117m\u0117 \u0161\u012f centr\u0105 \u012f savo rankas.<\/p>\n<p>Tas pat, matyt, gresia ir Kauno me\u010det\u0117s at\u017evilgiu, d\u0117l kurios nenyksta \u012ftampa tarp tradicini\u0173 ir nauj\u0173j\u0173 musulmon\u0173; pamaldos \u010dia jau vyksta ir arab\u0173 kalba.<\/p>\n<p>Ne paslaptis, kad Vakar\u0173 Europoje b\u016btent me\u010det\u0117s ir aplink jas veikiantys islamo centrai yra tos vietos, kur skleid\u017eiamas islamizmas, verbuojami teroristai ir pan.<\/p>\n<p>&#8211; Kiekvienas sostin\u0117je gyvenantis lietuvis jums paliudys: \u012fsp\u016bdis toks, kad kone kasdien\u0105 svetim\u0161ali\u0173 randasi vis daugiau&#8230;<\/p>\n<p>&#8211; Ne tik Vilniuje imigrant\u0173 labai spar\u010diai daug\u0117ja: kai pa\u017ei\u016bri 2019-2024 met\u0173 statistik\u0105, matai, kad jei Vilniaus apskrityje u\u017esienie\u010di\u0173 padaug\u0117jo 2,5 karto, tai \u0160iauli\u0173 apskrityje &#8211; 2,6 karto.<\/p>\n<p>9 proc. Vilniaus apskrities gyventoj\u0173 sudaro u\u017esienio pilie\u010diai, \u0160iauli\u0173 apskrityje &#8211; 8 proc.<\/p>\n<p>\u012edomu, kad Taurag\u0117s apskrityje yra per 5 proc. u\u017esienio pilie\u010di\u0173, &#8211; per pastaruosius penkerius metus j\u0173 padaug\u0117jo beveik 12 kart\u0173! Atkreipiu d\u0117mes\u012f, kad \u010dia kalbama apie apskritis, bet absoliuti dauguma imigrant\u0173 \u012fsikuria j\u0173 centruose, tad \u010dia imigrant\u0173 procentai tarp vis\u0173 gyventoj\u0173 bus dar didesni.<\/p>\n<p>Did\u017eioji dalis imigrant\u0173 \u012f Lietuv\u0105 yra atvyk\u0119 teis\u0117tai ir b\u016btent m\u016bs\u0173 vyriausyb\u0117s kvietimu, &#8211; veikia daugiau nei 20 mokes\u010di\u0173 mok\u0117toj\u0173 l\u0117\u0161omis i\u0161laikom\u0173 agent\u016br\u0173, kurios ne tik aktyviai verbuoja dirbti Lietuvoje, bet ir padeda susitvarkyti dokumentus.<\/p>\n<p>Seimo nubr\u0117\u017eta kasmetin\u0117 40 t\u016bkst. imigrant\u0173 kvota yra i\u0161naudojama visi\u0161kai, o papildomai dar atvyksta imigrant\u0173 \u0161eimos, kuomet \u012fgauna vadinam\u0105j\u0105 teis\u0119 \u012f \u0161eimos susijungim\u0105.<\/p>\n<p>&#8211; Ir niekas negali paliudyti, kiek j\u0173, kelian\u010di\u0173 gr\u0117sm\u0119 nacionaliniam saugumui, gyvena tarp m\u016bs\u0173?<\/p>\n<p>&#8211; I\u0161 tikr\u0173j\u0173 kiekvienais metais VSD pateikia skai\u010dius apie asmenis, kurie kelia gr\u0117sm\u0119 nacionaliniam saugumui. Vie\u0161ai \u017einomi faktai, kad, prasid\u0117jus Ukrainos puolimui, nema\u017eai jai nelojali\u0173 tuomet \u0161alyje buvusi\u0173 asmen\u0173 teik\u0117 \u017evalgybin\u0119 informacij\u0105 Rusijai.<\/p>\n<p>Tarp j\u0173 buvo ir daug Baltarusijos pilie\u010di\u0173. Esu tikras, kad ir Lietuvoje dabar yra nema\u017eai u\u017esienio pilie\u010di\u0173, kurie esant pana\u0161iai situacijai daryt\u0173 t\u0105 pat\u012f.<\/p>\n<p>Pavyzd\u017eiui, pernai kelian\u010diais gr\u0117sm\u0119 saugumui buvo pripa\u017einta daugiau nei 1700 asmen\u0173, dauguma Baltarusijos pilie\u010diai, u\u017epernai tokiais buvo pripa\u017einta 600 asmen\u0173, dar metais anks\u010diau &#8211; apie pusantro t\u016bkstan\u010dio.<\/p>\n<p>VSD direktorius daugyb\u0119 kart\u0173 \u017einiasklaidai kartojo, kad institucija neturi paj\u0117gum\u0173 patikrinti vis\u0173 \u010dia atvykstan\u010di\u0173 imigrant\u0173, tod\u0117l apie j\u0173 keliam\u0105 gr\u0117sm\u0119 da\u017enai su\u017einoma jiems jau dirbant ir gyvenant Lietuvoje.<\/p>\n<p>Ta\u010diau svarbu \u017einoti, kad deportuojama \u017eymiai ma\u017eiau, negu kasmet pripa\u017e\u012fstama kelian\u010di\u0173 gr\u0117sm\u0119 nacionaliniam saugumui, &#8211; tai rei\u0161kia, kad tas skai\u010dius auga, kaupiasi.<\/p>\n<p>Be to, reikia tur\u0117ti galvoje, kad nem\u0105\u017eta ir tre\u010di\u0173j\u0173 \u0161ali\u0173 pilie\u010di\u0173, neteis\u0117tai gyvenan\u010di\u0173 m\u016bs\u0173 \u0161alyje, gretos.<\/p>\n<p>Pavyzd\u017eiui, jei 2020 metais fiksuota beveik du t\u016bkstan\u010diai nelegal\u0173, tai 2024 metais j\u0173 padaug\u0117jo dvigubai, &#8211; met\u0173 pabaigoje Lietuvoje buvo apie 4500 nelegal\u0173, \u012fskaitant ir tuos, kurie neteis\u0117tai vyko i\u0161 Latvijos per Lietuv\u0105 ir buvo sulaikyti; dabar j\u0173 ai\u0161kiai bus dar daugiau. Ir Lietuva nesugeba daugumos j\u0173 deportuoti.<\/p>\n<p>&#8211; Ir jie, it tos pavasario lytys, yra laisvai plaukiojantys \u0161alyje?<\/p>\n<p>&#8211; \u017dmon\u0117s irgi stebisi, kaip \u010dia yra: \u017einome, kiek j\u0173 yra, bet jie laisvai gali jud\u0117ti ir n\u0117ra deportuojami. Pavyzd\u017eiui, 2024 metais buvo deportuota 201, 2021 metais &#8211; tik 103. Kai prad\u0117jau dom\u0117tis tais klausimais, gavau informacijos ir i\u0161 \u017emoni\u0173, dirban\u010di\u0173 su migracija susijusiose institucijose.<\/p>\n<p>Paprastas pavyzdys: \u0161tai Banglade\u0161o pilietis dirbo Latvijoje, tur\u0117jo laikin\u0105 leidim\u0105 gyventi, bet, nutrauk\u0119s darbo santykius, automati\u0161kai jo neteko ir nusprend\u0117 nelegaliai migruoti po Europ\u0105; buvo sulaikytas prie Lenkijos sienos.<\/p>\n<p>J\u012f sulaik\u0119 m\u016bs\u0173 pasienie\u010diai \u012fpareigojo i\u0161vykti i\u0161 Lietuvos \u012f jo kilm\u0117s \u0161al\u012f per tam tikr\u0105 laik\u0105, paai\u0161kin\u0119, kad prie\u0161ingu atveju bus sprend\u017eiama d\u0117l jo deportacijos.<\/p>\n<p>Bet k\u0105 tai rei\u0161kia? Tai rei\u0161kia, kad asmuo, neturintis teis\u0117s gyventi ES, nelegaliai keliauja per Lietuv\u0105, o sulaikytas v\u0117l paleid\u017eiamas laisvai klajoti.<\/p>\n<p>Tur\u0117kime galvoje, kad sulaikoma tik dalis nelegal\u0173, o kokia dalis yra klajojanti po Lietuv\u0105 ir per Lietuv\u0105, galima tiktai sp\u0117lioti. Mes nesusitvarkome su \u0161ita problema. Ne veltui Lenkija sustiprino sienos kontrol\u0119 &#8211; esame nelegalaus tranzito \u0161alis.<\/p>\n<p>&#8211; J\u016bs\u0173 nuomone, tai \u012fstatymo spraga ar vald\u017eios valios tr\u016bkumas?<\/p>\n<p>&#8211; Svarbiausias \u010dia yra paj\u0117gum\u0173 klausimas, nes kelerius metus nei VSD, nei Migracijos departamentui, nei pasienie\u010diams i\u0161 esm\u0117s finansavimas nebuvo keliamas arba keliamas labai ma\u017eai, nors j\u0173 darbo kr\u016bvis i\u0161augo kartais.<\/p>\n<p>Pareig\u016bnai atsitiktiniu b\u016bdu patikrina tik labai menk\u0105 dal\u012f atvykstan\u010di\u0173 migrant\u0173. Na, o jau pripa\u017einus asmen\u012f gr\u0117sme arba kuomet tiesiog baigiasi jo leidimas laikinai gyventi Lietuvoje, i\u0161si\u0173sti j\u012f i\u0161 \u0161alies yra labai sunku ir, kaip matome, i\u0161siun\u010diama ma\u017eai.<\/p>\n<p>Beje, gr\u0117sm\u0117 nacionaliniam ir vie\u0161ajam saugumui yra vienintel\u0117 aplinkyb\u0117 atimti laikin\u0105 leidim\u0105 gyventi m\u016bs\u0173 \u0161alyje.<\/p>\n<p>Net u\u017esienie\u010di\u0173 nusikaltimai, u\u017e kuriuos numatyta baud\u017eiamoji atsakomyb\u0117 (seksualiniai nusikaltimai, vagyst\u0117s, sveikatos sutrikdymai) pagal Lietuvos \u012fstatymus n\u0117ra pagrindas i\u0161si\u0173sti juos i\u0161 \u0161alies.<\/p>\n<p>Seimo narys Vytautas Sinica yra \u012fregistrav\u0119s si\u016blym\u0105, kad deportuoti imigrantus b\u016bt\u0173 galima u\u017e visus ty\u010dinius nusikaltimus, kurie \u012fvardinti Baud\u017eiamajame kodekse.<\/p>\n<p>&#8211; Savo paskyroje pasidalij\u0119s informacija, kad imigrantai Lietuvoje labiau link\u0119 nusikalsti nei vietiniai, sulauk\u0117te LRT puolimo. Teko ai\u0161kintis?<\/p>\n<p>&#8211; Lietuvos kal\u0117jim\u0173 tarnyba paskelb\u0117 informacij\u0105 apie asmenis, kurie yra suimti, tai yra, laikinai sulaikyti ir laukia teismo sprendimo, kitaip sakant, j\u0173 kalt\u0117 dar n\u0117ra \u012frodyta.<\/p>\n<p>Tai jeigu Lietuvoje \u0161iuo metu yra apie 8 proc. u\u017esienio pilie\u010di\u0173, tai b\u016btent toje statistikoje matyti, kad tarp suimt\u0173j\u0173 j\u0173 yra 15 proc. Vadinasi, imigrant\u0173 procentas tarp suimt\u0173j\u0173 beveik dvigubai didesnis nei apskritai visuomen\u0117je.<\/p>\n<p>LRT fakt\u0173 tikrintojai klaus\u0117, kod\u0117l nelyginau t\u0173, kuri\u0173 kalt\u0117 jau \u012frodyta. Bet pagal \u0161\u012f kriterij\u0173 kol kas ne\u012fmanoma to padaryti, nes masin\u0117 migracija prasid\u0117jo vos prie\u0161 kelerius metus, o teisminiai procesai su apeliacijomis trunka gana ilgai, tad palyginti nuteistuosius pagal pilietyb\u0119 gal\u0117sim po koki\u0173 10 met\u0173.<\/p>\n<p>Dabar palyginau tai, k\u0105 buvo \u012fmanoma palyginti \u0161iandien, ir ta statistika ned\u017eiuginanti. I\u0161 Vakar\u0173 Europos pavyzd\u017ei\u0173 matome, kad, augant imigrant\u0173 skai\u010diui, stipriai i\u0161auga ir nusikalstamumas.<\/p>\n<p>&#8211; Kaip manote, kuo gali atsiliepti Lietuvai Ispanijos ketinimas legalizuoti pus\u0119 milijono nelegal\u0173, kuri\u0173 daugiausia kil\u0119 i\u0161 islami\u0161ko Maroko?<\/p>\n<p>&#8211; Ispanija vis d\u0117lto yra NATO ir ES valstyb\u0117, m\u016bs\u0173 s\u0105junginink\u0117, tad \u0161ios \u0161alies demografinio veido keitimasis savaime mums aktualus, &#8211; globaliame pasaulyje viskas yra susij\u0119.<\/p>\n<p>\u017dinoma, tiesiogin\u0117s gr\u0117sm\u0117s, kad Lietuv\u0105 u\u017epl\u016bs naujieji Ispanijos pilie\u010diai, kol kas n\u0117ra, ta\u010diau toks sprendimas kelia daug klausim\u0173, aktuali\u0173 ne tik Ispanijai: pavyzd\u017eiui, koki\u0105 motyvacij\u0105 tapti lojaliais pilie\u010diais turi imigrantai, ar jie eit\u0173 kariauti u\u017e juos pri\u0117musi\u0105 valstyb\u0119 karo atveju ar \u012fsigaliojus NATO 5 straipsniui?<\/p>\n<p>Tai galioja ne tik Ispanijai, bet ir, pavyzd\u017eiui, Vokietijai, kuriai jau \u0161iandien sunkiai sekasi rinkti savanorius brigadai Lietuvoje.<\/p>\n<p>Kel\u010diau klausim\u0105, ar Europa su tokiu pilietyb\u0119 \u012fgijusi\u0173 u\u017esienie\u010di\u0173 skai\u010diumi apskritai gal\u0117s mobilizuoti \u017eymi\u0105 savo pilie\u010di\u0173 dal\u012f?<\/p>\n<p>&#8211; Koki\u0105 i\u0161vad\u0105 apie Lietuvos krypt\u012f jums suponuoja \u0161iuo metu vykdoma vidaus ir u\u017esienio politika, kas yra jos prioritetas: multikult\u016brin\u0117 valstyb\u0117 ar lietuvi\u0161ka?<\/p>\n<p>&#8211; Akivaizdu, kad ne lietuvi\u0161ka Lietuva. Turb\u016bt nema\u017ea dali valdan\u010di\u0173j\u0173 savaimine vertybe laiko kult\u016br\u0173 \u012fvairov\u0119, be kita ko, pasitelkdami ekonominius bei demografinius argumentus.<\/p>\n<p>Tai trumparegi\u0161kas po\u017ei\u016bris, nes kiek teko analizuot \u0161iuo at\u017evilgiu Vakar\u0173 Europ\u0105, \u0160iaur\u0117s Europ\u0105, pavyzd\u017eiui, \u0160vedij\u0105, matyti, kad jau antros kartos migrantai gimdo tiek pat vaik\u0173, kiek vietiniai, ar ne\u017eymiai daugiau.<\/p>\n<p>Vadinasi, demografinis argumentas pakelia gimstamum\u0105 tik labai trumpam, ta\u010diau ilgam kei\u010dia kult\u016brin\u0119 aplink\u0105. Kaimyn\u0173 lenk\u0173 patirtis rodo, kad ekonomika gali spar\u010diai kilti ir be migrant\u0173 bumo &#8211; Lenkija yra patekusi \u012f pasaulio did\u017eiausi\u0173 ekonomik\u0173 dvide\u0161imtuk\u0105.<\/p>\n<p>Lietuvos verslas reikalauja darbo j\u0117gos i\u0161 u\u017esienio, ta\u010diau pa\u010dioje Lietuvoje yra apie 100 t\u016bkst. trumpalaiki\u0173 bedarbi\u0173, &#8211; \u0161io vidinio resurso dar nesame \u012fdarbin\u0119.<\/p>\n<p>Kitas dalykas &#8211; gr\u012f\u017etantys emigrantai, kuri\u0173 integracijos mechanizmo iki \u0161iol nesame suk\u016br\u0119, neretai apsisuk\u0119 gr\u012f\u017eta \u012f tas \u0161alis, \u012f kurias buvo emigrav\u0119. Jeigu d\u0117mesys, skiriamas u\u017esienie\u010di\u0173 verbavimui, b\u016bt\u0173 nukreiptas sav\u0173 emigrant\u0173 susigr\u0105\u017einimui ir trumpalaiki\u0173 bedarbi\u0173 \u012fdarbinimui, manau, b\u016bt\u0173 galima pasiekti t\u0173 pa\u010di\u0173 rezultat\u0173, tik su lietuviais.<\/p>\n<p>&#8211; Savo kalboje Luki\u0161ki\u0173 aik\u0161t\u0117je Vasario 16-osios proga citavote Jono Basanavi\u010diaus raginim\u0105 \u201eVienyb\u0117s, vyru\u010diai&#8221;. Kas, j\u016bs\u0173 manymu, gal\u0117t\u0173 vienyti daugiataut\u0117s valstyb\u0117s pilie\u010dius?<\/p>\n<p>&#8211; Vienyb\u0117 atsiranda i\u0161 bendros istorijos, bendros kult\u016bros, papro\u010di\u0173, i\u0161 kult\u016brini\u0173 dalyk\u0173, kurie mus padaro tokiais ir i\u0161skiria i\u0161 kit\u0173. M\u016bs\u0173 istorija n\u0117ra est\u0173, vokie\u010di\u0173, ispan\u0173 ir pana\u0161iai. Taip per am\u017eius toji skirtis buvo ir turi b\u016bti, nes ji vienija t\u0105 etnos\u0105, kuris gyvena toje vietoje.<\/p>\n<p>Kai valstyb\u0117 tampa multikult\u016brine, jos socialinis audinys sutr\u016bkin\u0117ja. Multikult\u016brin\u0117s valstyb\u0117s id\u0117ja yra tiesiausias tautos kelias neb\u016btin. Jeigu dabar lietuviai n\u0117ra vieningi, tai, stipriai praskiedus Lietuv\u0105, apie vienyb\u0119 apskritai bus sunku kalb\u0117ti, &#8211; tai matom Vokietijoje ar Did\u017eiojoje Britanijoje, kur vienyb\u0117 labai sunkiai pasiekiama.<\/p>\n<p>Apskritai, Lietuva yra atsid\u016brusi egzistencin\u0117s gr\u0117sm\u0117s akivaizdoje d\u0117l nesuvaldomos migracijos ir d\u0117l Rusijos imperini\u0173 plan\u0173, bet politikai, u\u017euot sutelk\u0119 d\u0117mes\u012f \u0161ioms fundamentalioms problemoms, \u017eaid\u017eia vidaus karus.<\/p>\n<p>Vieni kelia sumai\u0161t\u012f d\u0117l LRT, imituodami pavoj\u0173 \u017eod\u017eio laisvei, kiti pasiduoda provokacijai ir \u012fklimpsta abipusi\u0173 kaltinim\u0173 baloje, visiems i\u0161 anksto \u017einant, koks bus finalas, kai tuo tarpu gr\u0117smingi faktai, kurie tur\u0117t\u0173 tapti pagrindine dienotvarke, praleid\u017eiami pro ausis.<\/p>\n<p>Mano nuomone, didesnis skandalas yra keli t\u016bkstan\u010diai asmen\u0173, kelian\u010di\u0173 gr\u0117sm\u0119 nacionaliniam saugumui, kurie iki \u0161iol nedeportuoti i\u0161 \u0161alies, bei ordos niekaip neintegruojam\u0173 imigrant\u0173, d\u0117l ko Vilniuje da\u017enai susikalb\u0117ti pavyksta tik rusi\u0161kai arba angli\u0161kai.<\/p>\n","protected":false},"excerpt":{"rendered":"\u00a0 Prie\u0161 kelerius metus ministr\u0117 Monika Navickien\u0117 ragino kal\u0117din\u012f laikotarp\u012f vadinti \u0161ventiniu, kad neb\u016bt\u0173 \u012f\u017eeistos kitatiki\u0173 ausys, \u0161iemet&hellip;\n","protected":false},"author":2,"featured_media":123167,"comment_status":"","ping_status":"","sticky":false,"template":"","format":"standard","meta":{"footnotes":"","_share_on_mastodon":"0"},"categories":[15],"tags":[25,30,31,34,35,24,3746,1343,32,33,37,39,36,38,40,4233,23,22469,22,22468,44,28,29,22470,5393,1341,3838,26,27,9149,74,75,76],"class_list":["post-123166","post","type-post","status-publish","format-standard","has-post-thumbnail","category-pasaulis","tag-antrastes","tag-breaking-news","tag-breakingnews","tag-featured-news","tag-featurednews","tag-headlines","tag-imigrantai","tag-integracija","tag-latest-news","tag-latestnews","tag-lietuva","tag-lietuviu","tag-lithuania","tag-lithuanian","tag-lt","tag-musulmonai","tag-naujienos","tag-navickiene","tag-news","tag-parciauskas","tag-pasaulis","tag-populiariausios-naujienos","tag-populiariausiosnaujienos","tag-ramadanas","tag-saugumas","tag-sinica","tag-skandalas","tag-top-stories","tag-topstories","tag-vsd","tag-world","tag-world-news","tag-worldnews"],"share_on_mastodon":{"url":"","error":"Validation failed: Text character limit of 500 exceeded"},"_links":{"self":[{"href":"https:\/\/www.europesays.com\/lt\/wp-json\/wp\/v2\/posts\/123166","targetHints":{"allow":["GET"]}}],"collection":[{"href":"https:\/\/www.europesays.com\/lt\/wp-json\/wp\/v2\/posts"}],"about":[{"href":"https:\/\/www.europesays.com\/lt\/wp-json\/wp\/v2\/types\/post"}],"author":[{"embeddable":true,"href":"https:\/\/www.europesays.com\/lt\/wp-json\/wp\/v2\/users\/2"}],"replies":[{"embeddable":true,"href":"https:\/\/www.europesays.com\/lt\/wp-json\/wp\/v2\/comments?post=123166"}],"version-history":[{"count":0,"href":"https:\/\/www.europesays.com\/lt\/wp-json\/wp\/v2\/posts\/123166\/revisions"}],"wp:featuredmedia":[{"embeddable":true,"href":"https:\/\/www.europesays.com\/lt\/wp-json\/wp\/v2\/media\/123167"}],"wp:attachment":[{"href":"https:\/\/www.europesays.com\/lt\/wp-json\/wp\/v2\/media?parent=123166"}],"wp:term":[{"taxonomy":"category","embeddable":true,"href":"https:\/\/www.europesays.com\/lt\/wp-json\/wp\/v2\/categories?post=123166"},{"taxonomy":"post_tag","embeddable":true,"href":"https:\/\/www.europesays.com\/lt\/wp-json\/wp\/v2\/tags?post=123166"}],"curies":[{"name":"wp","href":"https:\/\/api.w.org\/{rel}","templated":true}]}}