{"id":12321,"date":"2025-10-07T14:07:09","date_gmt":"2025-10-07T14:07:09","guid":{"rendered":"https:\/\/www.europesays.com\/lt\/12321\/"},"modified":"2025-10-07T14:07:09","modified_gmt":"2025-10-07T14:07:09","slug":"vokietijoje-peiliu-sunkiai-suzalota-neseniai-isrinkta-mere","status":"publish","type":"post","link":"https:\/\/www.europesays.com\/lt\/12321\/","title":{"rendered":"Vokietijoje peiliu sunkiai su\u017ealota neseniai i\u0161rinkta mer\u0117"},"content":{"rendered":"<p>Centro kair\u0117s Socialdemokrat\u0173 partijos (SPD) atstov\u0117 Iris Stalzer per i\u0161puol\u012f patyr\u0117 daugybines durtines \u017eaizdas, antradien\u012f agent\u016brai dpa prane\u0161\u0117 saugumo \u0161altiniai. Vokietijos kancleris <a rel=\"noopener nofollow\" target=\"_blank\" href=\"https:\/\/www.delfi.lt\/temos\/friedrichas-merzas\" tag-id=\"79796047\">Friedrichas Merzas<\/a> \u0161\u012f \u012fvyk\u012f pavadino siaubingu.<\/p>\n<p>\u201eBaiminam\u0117s d\u0117l jos gyvyb\u0117s\u201c, \u2013 sak\u0117 F. Merzas platformoje \u201eX\u201c.<\/p>\n<p>57 met\u0173 I. Stalzer rugs\u0117jo 28 dien\u0105 per vietos vald\u017eios rinkimus \u0160iaur\u0117s Reino-Vestfalijos \u017eem\u0117je laim\u0117jo antr\u0105j\u012f mero rinkim\u0173 tur\u0105 Herdek\u0117s mieste netoli Dortmundo.<\/p>\n<p>I\u0161puolis prie\u0161 j\u0105 \u012fvykdytas apie vidurdien\u012f netoli jos nam\u0173, prane\u0161\u0117 visuomeninis transliuotojas WDR.<\/p>\n<p>I\u0161puolio detal\u0117s ar \u012ftariamas motyvas kol kas ne\u017einomi, nes vietos policija neatsiliep\u0117 \u012f \u017eurnalist\u0173 skambu\u010dius ir nepaskelb\u0117 jokio parei\u0161kimo.<\/p>\n<p>Berlyne SPD parlamentin\u0117s frakcijos vadovas Matthias Mierschas sak\u0117, kad \u201eprie\u0161 kelias minutes Herdek\u0117je buvo peiliu subadyta naujai i\u0161rinkta mer\u0117 Iris Stalzer\u201c.<\/p>\n<p>\u201eM\u016bs\u0173 mintys su ja ir tikim\u0117s, kad ji i\u0161gyvens \u0161\u012f bais\u0173 nusikaltim\u0105&#8230; \u0160iuo metu negalime komentuoti aplinkybi\u0173, ta\u010diau esame daugiau nei giliai nuli\u016bdinti\u201c, \u2013 sak\u0117 jis.<\/p>\n<p>Pasak dienra\u0161\u010dio \u201eBild\u201c, I. Stalzer sunkiai su\u017eeist\u0105 jos bute rado s\u016bnus.<\/p>\n","protected":false},"excerpt":{"rendered":"Centro kair\u0117s Socialdemokrat\u0173 partijos (SPD) atstov\u0117 Iris Stalzer per i\u0161puol\u012f patyr\u0117 daugybines durtines \u017eaizdas, antradien\u012f agent\u016brai dpa prane\u0161\u0117&hellip;\n","protected":false},"author":2,"featured_media":12322,"comment_status":"","ping_status":"","sticky":false,"template":"","format":"standard","meta":{"footnotes":""},"categories":[15],"tags":[25,30,31,3346,34,35,1727,24,32,33,37,39,36,38,40,23,22,44,28,29,26,27,320,74,75,76],"class_list":{"0":"post-12321","1":"post","2":"type-post","3":"status-publish","4":"format-standard","5":"has-post-thumbnail","7":"category-pasaulis","8":"tag-antrastes","9":"tag-breaking-news","10":"tag-breakingnews","11":"tag-elta-uzsienio-naujiena","12":"tag-featured-news","13":"tag-featurednews","14":"tag-friedrichas-merzas","15":"tag-headlines","16":"tag-latest-news","17":"tag-latestnews","18":"tag-lietuva","19":"tag-lietuviu","20":"tag-lithuania","21":"tag-lithuanian","22":"tag-lt","23":"tag-naujienos","24":"tag-news","25":"tag-pasaulis","26":"tag-populiariausios-naujienos","27":"tag-populiariausiosnaujienos","28":"tag-top-stories","29":"tag-topstories","30":"tag-vokietija","31":"tag-world","32":"tag-world-news","33":"tag-worldnews"},"share_on_mastodon":{"url":"","error":""},"_links":{"self":[{"href":"https:\/\/www.europesays.com\/lt\/wp-json\/wp\/v2\/posts\/12321","targetHints":{"allow":["GET"]}}],"collection":[{"href":"https:\/\/www.europesays.com\/lt\/wp-json\/wp\/v2\/posts"}],"about":[{"href":"https:\/\/www.europesays.com\/lt\/wp-json\/wp\/v2\/types\/post"}],"author":[{"embeddable":true,"href":"https:\/\/www.europesays.com\/lt\/wp-json\/wp\/v2\/users\/2"}],"replies":[{"embeddable":true,"href":"https:\/\/www.europesays.com\/lt\/wp-json\/wp\/v2\/comments?post=12321"}],"version-history":[{"count":0,"href":"https:\/\/www.europesays.com\/lt\/wp-json\/wp\/v2\/posts\/12321\/revisions"}],"wp:featuredmedia":[{"embeddable":true,"href":"https:\/\/www.europesays.com\/lt\/wp-json\/wp\/v2\/media\/12322"}],"wp:attachment":[{"href":"https:\/\/www.europesays.com\/lt\/wp-json\/wp\/v2\/media?parent=12321"}],"wp:term":[{"taxonomy":"category","embeddable":true,"href":"https:\/\/www.europesays.com\/lt\/wp-json\/wp\/v2\/categories?post=12321"},{"taxonomy":"post_tag","embeddable":true,"href":"https:\/\/www.europesays.com\/lt\/wp-json\/wp\/v2\/tags?post=12321"}],"curies":[{"name":"wp","href":"https:\/\/api.w.org\/{rel}","templated":true}]}}