{"id":123505,"date":"2026-03-08T15:35:08","date_gmt":"2026-03-08T15:35:08","guid":{"rendered":"https:\/\/www.europesays.com\/lt\/123505\/"},"modified":"2026-03-08T15:35:08","modified_gmt":"2026-03-08T15:35:08","slug":"turkija-sprendzia-del-naikintuvu-f-16-dislokavimo-kipre","status":"publish","type":"post","link":"https:\/\/www.europesays.com\/lt\/123505\/","title":{"rendered":"Turkija sprend\u017eia d\u0117l naikintuv\u0173 F-16 dislokavimo Kipre"},"content":{"rendered":"<p>Apie tai, kad ruo\u0161iamas specialus planas siekiant sustiprinti saugum\u0105 rytiniame Vidur\u017eemio j\u016bros regione, vakar, kovo 7 d., prane\u0161\u0117 naujien\u0173 agent\u016bra \u201eReuters\u201c.<\/p>\n<p>Kaip \u017eurnalistams sak\u0117 \u0161altinis i\u0161 Turkijos gynybos ministerijos, Ankara svarsto galimyb\u0119 \u012fkurti Kipro saloje nuolatin\u0119 arba laikin\u0105 karin\u0117s aviacijos baz\u0119. \u0160is \u017eingsnis \u2013 tai vienas i\u0161 punkt\u0173, \u012ftraukt\u0173 \u012f etapais vykdom\u0105 plan\u0105, kurio tikslas \u2013 u\u017etikrinti nepriklausoma pasiskelbusios \u0160iaur\u0117s Kipro Turk\u0173 Respublikos saugum\u0105.<\/p>\n<p>Klausim\u0105 d\u0117l orlaivi\u0173 F-16 dislokavimo imta svarstyti atsi\u017evelgiant \u012f augant\u012f konflikt\u0173 mast\u0105 Vidur\u017eemio j\u016bros regione, d\u0117l kurio Ankara jau\u010dia b\u016btinyb\u0119 persvarstyti savo gynybos strategij\u0105.<\/p>\n<p>Dabar iniciatyva yra svarstoma gynybos ministerijoje.<\/p>\n<p>Jei b\u016bt\u0173 nuspr\u0119sta sprendim\u0105 \u012fgyvendinti ir Kipre atsirast\u0173 Turkijos naikintuv\u0173, j\u0117g\u0173 pusiausvyr\u0105 regione gali i\u0161 esm\u0117s pakisti. Bet koks reaktyvini\u0173 orlaivi\u0173 dislokavimas, be jokios abejon\u0117s, daro tiesiogin\u0119 \u012ftak\u0105 NATO ir Vidur\u017eemio j\u016bros regiono \u0161ali\u0173 saugumo situacijai.<\/p>\n","protected":false},"excerpt":{"rendered":"Apie tai, kad ruo\u0161iamas specialus planas siekiant sustiprinti saugum\u0105 rytiniame Vidur\u017eemio j\u016bros regione, vakar, kovo 7 d., prane\u0161\u0117&hellip;\n","protected":false},"author":2,"featured_media":123506,"comment_status":"","ping_status":"","sticky":false,"template":"","format":"standard","meta":{"footnotes":"","_share_on_mastodon":"0"},"categories":[15],"tags":[25,30,31,20006,34,35,24,10379,32,33,37,39,36,38,40,23,22,44,28,29,26,27,1853,74,75,76],"class_list":["post-123505","post","type-post","status-publish","format-standard","has-post-thumbnail","category-pasaulis","tag-antrastes","tag-breaking-news","tag-breakingnews","tag-f-16","tag-featured-news","tag-featurednews","tag-headlines","tag-kipras","tag-latest-news","tag-latestnews","tag-lietuva","tag-lietuviu","tag-lithuania","tag-lithuanian","tag-lt","tag-naujienos","tag-news","tag-pasaulis","tag-populiariausios-naujienos","tag-populiariausiosnaujienos","tag-top-stories","tag-topstories","tag-turkija","tag-world","tag-world-news","tag-worldnews"],"share_on_mastodon":{"url":"https:\/\/pubeurope.com\/@lt\/116194294005963686","error":""},"_links":{"self":[{"href":"https:\/\/www.europesays.com\/lt\/wp-json\/wp\/v2\/posts\/123505","targetHints":{"allow":["GET"]}}],"collection":[{"href":"https:\/\/www.europesays.com\/lt\/wp-json\/wp\/v2\/posts"}],"about":[{"href":"https:\/\/www.europesays.com\/lt\/wp-json\/wp\/v2\/types\/post"}],"author":[{"embeddable":true,"href":"https:\/\/www.europesays.com\/lt\/wp-json\/wp\/v2\/users\/2"}],"replies":[{"embeddable":true,"href":"https:\/\/www.europesays.com\/lt\/wp-json\/wp\/v2\/comments?post=123505"}],"version-history":[{"count":0,"href":"https:\/\/www.europesays.com\/lt\/wp-json\/wp\/v2\/posts\/123505\/revisions"}],"wp:featuredmedia":[{"embeddable":true,"href":"https:\/\/www.europesays.com\/lt\/wp-json\/wp\/v2\/media\/123506"}],"wp:attachment":[{"href":"https:\/\/www.europesays.com\/lt\/wp-json\/wp\/v2\/media?parent=123505"}],"wp:term":[{"taxonomy":"category","embeddable":true,"href":"https:\/\/www.europesays.com\/lt\/wp-json\/wp\/v2\/categories?post=123505"},{"taxonomy":"post_tag","embeddable":true,"href":"https:\/\/www.europesays.com\/lt\/wp-json\/wp\/v2\/tags?post=123505"}],"curies":[{"name":"wp","href":"https:\/\/api.w.org\/{rel}","templated":true}]}}