{"id":124954,"date":"2026-03-10T10:47:11","date_gmt":"2026-03-10T10:47:11","guid":{"rendered":"https:\/\/www.europesays.com\/lt\/124954\/"},"modified":"2026-03-10T10:47:11","modified_gmt":"2026-03-10T10:47:11","slug":"silutes-rajone-pirmieji-potvynio-zenklai-vanduo-jau-semia-kelius","status":"publish","type":"post","link":"https:\/\/www.europesays.com\/lt\/124954\/","title":{"rendered":"\u0160ilut\u0117s rajone \u2013 pirmieji potvynio \u017eenklai: vanduo jau semia kelius"},"content":{"rendered":"<p>Pirmoji \u0160ilut\u0117s rajone i\u0161tvino Leit\u0117s up\u0117. Negana to, vanduo paskandino ne tik mi\u0161kel\u012f, bet ir keli\u0105 \u012f Palei\u010dius. \u017demesn\u0117s ma\u0161inos nerizikuoja atsidurti vandenyje ir u\u017epilti varikl\u012f, tad vairuotojai apsidairo ir gr\u012f\u017eta atgal.<\/p>\n<p>Vanduo vis kyla, o iki stichinio lygio liko vos \u0161e\u0161i centimetrai.<\/p>\n<p>\u201eTai yra pirmosios kreg\u017ed\u0117s, kurios prana\u0161auja apie potvyn\u012f. Stebime klimatines s\u0105lygas ir matome, kad artimiausiomis dienomis ir naktimis bus at\u0161il\u0119s oras. Tai dar labiau paskatins potvyn\u012f\u201c, \u2013 teig\u0117 \u0160ilut\u0117s savivaldyb\u0117s administracijos direktorius Andrius Jurkus.<\/p>\n<p>\u0160ilut\u0117s rajone jau u\u017elietos trij\u0173 keli\u0173 atkarpos.<\/p>\n<p>\u201eVandens lygis \u012fvairus. Yra tarp 20\u201330 centimetr\u0173, ta\u010diau \u0161ie keliai n\u0117ra pagrindiniai. Susisiekimas kitais keliais su gyvenviet\u0117mis yra galimas\u201c, \u2013 sak\u0117 A. Jurkus.<\/p>\n<p>       <img decoding=\"async\" src=\"https:\/\/www.europesays.com\/lt\/wp-content\/uploads\/2026\/03\/69956b64-b004-4e23-aca2-5fddf90f87ef.jpg\" loading=\"lazy\" alt=\"Potvynis\"\/>      <\/p>\n<p>Per potvynius ken\u010dian\u010dio \u017dalgiri\u0173 kaimo gyventojai r\u016bpinasi ir gyvuliais. Juos gena \u012f auk\u0161tesnes vietas bei auk\u0161\u010diau krauna pa\u0161arus.<\/p>\n<p>\u201eGali atsikelti ir jau rasti vanden\u012f \u2013 taip ne syk\u012f yra buv\u0119. Ne\u017einai, kaip bus. Jei prie Nemuno ant pos\u016bkio neu\u017esiki\u0161 ledai, gal nebus didelio potvynio, bet jei u\u017esiki\u0161 \u2013 tai gausime\u201c, \u2013 tvirtino \u017dalgiri\u0173 kaimo gyventoja Irina Kaletkien\u0117.<\/p>\n<p>Prie Atmatos gyvenantis Tadas Tumosa pasakojo, jos ap\u017ei\u016bri ir bites \u2013 aviliai pakelti auk\u0161\u010diau.<\/p>\n<p>\u201eDabar paleidome \u012f laisv\u0119, tegul skraido ir valosi. Vienais metais buvo ber\u017eyne, tad ryte jos plaukiojo, tuomet \u0117jome gaudyti i\u0161 vandens\u201c, \u2013 pasakojo pa\u0161nekovas.<\/p>\n<p>Vyras sak\u0117, kad vanduo pama\u017eu ateina.<\/p>\n<p>\u201ePagrindas \u2013 mi\u0161kas, nes ten beveik visi \u017emon\u0117s ken\u010dia. Jau dabar per Voryt\u0119 vanduo eina \u012f mi\u0161k\u0105 \u2013 ten visi bebr\u0173 pylimai i\u0161griau\u017eti. \u0160iek tiek vanduo pakyla ir teka \u012f mi\u0161k\u0105, tad dar gal savait\u0119 i\u0161gyvensime\u201c, \u2013 komentavo T. Tumosa.<\/p>\n<p>Anot vietos gyventoj\u0173, vandens vis daug\u0117s orams \u0161ylant. Tiesa, \u0160ilut\u0117s vald\u017eia tikino, kad potvyniui jau pasirengta. Be to, viliasi sulaukti sraigtasparnio, jei staiga \u017emon\u0117ms reik\u0117s pad\u0117ti nelaim\u0117je.<\/p>\n<p>\u201eLedai \u0161iuo metu nejuda, tad tiek Atmatoje, tiek Skirvyt\u0117je yra apie 20 centimetr\u0173 ledo lygis. Jis pama\u017eu tirpsta, pakrant\u0117se darosi proper\u0161os, tad laukiame led\u0173 pajud\u0117jimo. Many\u010diau, potvynis tur\u0117t\u0173 b\u016bti didesnis, nei kiekvienais metais, bet ka\u017eko katastrofinio tikrai nesitikime\u201c, \u2013 nesl\u0117p\u0117 A. Jurkus.<\/p>\n<p>Ta\u010diau \u012f Atmatos up\u0117 \u017evelgiantys \u0161iluti\u0161kiai yra optimisti\u0161ki.<\/p>\n<p>\u201eSvarbiausia \u0160y\u0161a laisva, kanalai. Matomai, \u0161iemet nebuvo \u012f\u0161alusi \u017eem\u0117\u201c, \u2013 tikino moteris.<\/p>\n<p>\u201eSu laiku tur\u0117t\u0173 b\u016bti potvyn\u0117lis, bet ne toks didelis, kaip visi prognozuoja. Kaip bus \u2013 gamta parodys\u201c, \u2013 teig\u0117 vietos gyventojas.<\/p>\n","protected":false},"excerpt":{"rendered":"Pirmoji \u0160ilut\u0117s rajone i\u0161tvino Leit\u0117s up\u0117. Negana to, vanduo paskandino ne tik mi\u0161kel\u012f, bet ir keli\u0105 \u012f Palei\u010dius.&hellip;\n","protected":false},"author":2,"featured_media":124955,"comment_status":"","ping_status":"","sticky":false,"template":"","format":"standard","meta":{"footnotes":"","_share_on_mastodon":"0"},"categories":[13],"tags":[25,30,31,34,35,24,32,33,37,39,36,38,40,23,22,22662,28,29,3468,22663,26,27],"class_list":["post-124954","post","type-post","status-publish","format-standard","has-post-thumbnail","category-lietuva","tag-antrastes","tag-breaking-news","tag-breakingnews","tag-featured-news","tag-featurednews","tag-headlines","tag-latest-news","tag-latestnews","tag-lietuva","tag-lietuviu","tag-lithuania","tag-lithuanian","tag-lt","tag-naujienos","tag-news","tag-pamarys","tag-populiariausios-naujienos","tag-populiariausiosnaujienos","tag-potvyniai","tag-silute-rusne","tag-top-stories","tag-topstories"],"share_on_mastodon":{"url":"https:\/\/pubeurope.com\/@lt\/116204486190795596","error":""},"_links":{"self":[{"href":"https:\/\/www.europesays.com\/lt\/wp-json\/wp\/v2\/posts\/124954","targetHints":{"allow":["GET"]}}],"collection":[{"href":"https:\/\/www.europesays.com\/lt\/wp-json\/wp\/v2\/posts"}],"about":[{"href":"https:\/\/www.europesays.com\/lt\/wp-json\/wp\/v2\/types\/post"}],"author":[{"embeddable":true,"href":"https:\/\/www.europesays.com\/lt\/wp-json\/wp\/v2\/users\/2"}],"replies":[{"embeddable":true,"href":"https:\/\/www.europesays.com\/lt\/wp-json\/wp\/v2\/comments?post=124954"}],"version-history":[{"count":0,"href":"https:\/\/www.europesays.com\/lt\/wp-json\/wp\/v2\/posts\/124954\/revisions"}],"wp:featuredmedia":[{"embeddable":true,"href":"https:\/\/www.europesays.com\/lt\/wp-json\/wp\/v2\/media\/124955"}],"wp:attachment":[{"href":"https:\/\/www.europesays.com\/lt\/wp-json\/wp\/v2\/media?parent=124954"}],"wp:term":[{"taxonomy":"category","embeddable":true,"href":"https:\/\/www.europesays.com\/lt\/wp-json\/wp\/v2\/categories?post=124954"},{"taxonomy":"post_tag","embeddable":true,"href":"https:\/\/www.europesays.com\/lt\/wp-json\/wp\/v2\/tags?post=124954"}],"curies":[{"name":"wp","href":"https:\/\/api.w.org\/{rel}","templated":true}]}}