{"id":125251,"date":"2026-03-10T16:01:29","date_gmt":"2026-03-10T16:01:29","guid":{"rendered":"https:\/\/www.europesays.com\/lt\/125251\/"},"modified":"2026-03-10T16:01:29","modified_gmt":"2026-03-10T16:01:29","slug":"panevezio-savivaldybes-butas-parduotas-uz-399-eurus-rankoves-pasiraitojo-prokurorai-respublika-lt","status":"publish","type":"post","link":"https:\/\/www.europesays.com\/lt\/125251\/","title":{"rendered":"Panev\u0117\u017eio savivaldyb\u0117s butas parduotas u\u017e 399 eurus \u2013 rankoves pasiraitojo prokurorai &#8211; Respublika.lt"},"content":{"rendered":"<p><img loading=\"lazy\" decoding=\"async\" src=\"https:\/\/www.respublika.lt\/lt\/naujienos\/lietuva\/kitos-lietuvos-zinios\/panevezio-savivaldybes-butas-parduotas-uz-399-eurus---rankoves-pasiraitojo-prokurorai\/images\/ico_camera_white.gif\" class=\"camera\" width=\"22\" height=\"15\" alt=\"nuotr.\" style=\"position:relative; top:-2px; right:2px;\"\/> 1 nuotr.<\/p>\n<p>Asociatyvi freepik.com nuotr.<\/p>\n<p>Tokio buto rinkos vert\u0117 siekia apie 40 t\u016bkst. eur\u0173. Savivaldyb\u0117 ai\u0161kina, kad \u012fvyko \u201e\u017emogi\u0161ka klaida&#8221;.<\/p>\n<p style=\"text-align: justify;\" class=\"desktop_banner\">\u00a0<\/p>\n<p>Panev\u0117\u017eio apygardos prokurat\u016bra antradien\u012f paskelb\u0117, kad inicijuotas vie\u0161ojo intereso gynimo tyrimas d\u0117l galimai padaryt\u0173 pa\u017eeidim\u0173 ir \u017ealos parduodant Panev\u0117\u017eio savivaldybei priklausius\u012f but\u0105.<\/p>\n<p>\u0160iomis dienomis \u017einiasklaidoje nuskamb\u0117jo stebinanti \u017einia, kad 2022 m. trij\u0173 kambari\u0173 butas daugiabutyje tremtini\u0173 \u0161eimai buvo parduotas u\u017e 399 eurus. Prie\u0161 tai \u0161eima j\u012f nuomojosi. Tokio buto rinkos vert\u0117 siekia apie 40 t\u016bkst. eur\u0173.<\/p>\n<p>Savivaldyb\u0117 ai\u0161kina, kad \u012fvyko \u201e\u017emogi\u0161ka klaida&#8221; &#8211; u\u017e b\u016bsto pardavim\u0105 atsakinga administracijos darbuotoja vadovavosi senu, jau nebegaliojan\u010diu Vyriausyb\u0117s nutarimu. Klaidos, kaip atrodo, nepasteb\u0117jo nei kiti atsakingi darbuotojai, nei sprendimui pritarusi taryba. Viskas paai\u0161k\u0117jo po audito.<\/p>\n<p>Anot LNK, darbuotoja i\u0161\u0117jo \u012f pensij\u0105, o savivaldybei nepavyko i\u0161 jos prisiteisti apie 9000 eur\u0173 kompensacijos.<\/p>\n<p>\u201eI\u0161 vie\u0161ojoje erdv\u0117je pateiktos informacijos galima daryti pagr\u012fst\u0105 i\u0161vad\u0105, kad parduodant auk\u0161\u010diau min\u0117t\u0105 but\u0105 galimai buvo padaryta materialin\u0117 \u017eala Panev\u0117\u017eio savivaldybei. Atsi\u017evelgiant \u012f tai, tikslinga atlikti tyrim\u0105, siekiant \u012fvertinti, ar buto pardavimas ir jo vert\u0117s nustatymas atitiko tuo metu galiojusius \u012fstatymus bei kitus teis\u0117s aktus&#8221;, &#8211; ra\u0161oma Panev\u0117\u017eio apygardos prokurat\u016bros vyriausiojo prokuroro Donato Skrebi\u0161kio tarnybiniame prane\u0161ime.<\/p>\n<p>\u00a0<\/p>\n<p>Patiko straipsnis? Leisk mums apie tai su\u017einoti. Nepamir\u0161k pasidalinti Facebook! <\/p>\n<p><img loading=\"lazy\" decoding=\"async\" class=\"p2_social_circle_icon\" src=\"https:\/\/www.respublika.lt\/images\/thumbs_up.svg\" width=\"21\" height=\"22\" alt=\"L\"\/><\/p>\n<p><img loading=\"lazy\" decoding=\"async\" class=\"p2_social_circle_icon\" src=\"https:\/\/www.respublika.lt\/images\/facebook.svg\" alt=\"F\" width=\"22\" height=\"22\" style=\"filter: invert(37%) sepia(55%) saturate(2351%) hue-rotate(187deg) brightness(102%) contrast(106%);\"\/><\/p>\n<p>&#13;<br \/>\n\tNesutinkate &#8211; diskutuokime!<br \/>&#13;<br \/>\n\tNepykite komentatoriai, bet komentarai su keiksma\u017eod\u017eiais bus \u0161alinami automati\u0161kai, be atsipra\u0161ymo.\n    <\/p>\n<p>&#13;<br \/>\n              Respublika.lt pasilieka teis\u0119 pa\u0161alinti nekult\u016bringus, keiksma\u017eod\u017eiais pagardintus, su tema nesusijusius, kito asmens vardu pasira\u0161ytus, \u012fstatymus pa\u017eeid\u017eian\u010dius, \u0161lam\u0161t\u0105 reklamuojan\u010dius ar nusikalsti kurstan\u010dius komentarus. Jei kurstysite smurt\u0105, rasin\u0119, tautin\u0119, religin\u0119 ar kitokio pob\u016bd\u017eio neapykant\u0105, \u017evirbliu i\u0161skrid\u0119 j\u016bs\u0173 \u017eod\u017eiai gr\u012f\u017edami gali virsti ton\u0105 sverian\u010diu jau\u010diu &#8211; specialiosioms Lietuvos tarnyboms pareikalavus suteiksime j\u016bs\u0173 duomenis.\n            <\/p>\n","protected":false},"excerpt":{"rendered":"1 nuotr. Asociatyvi freepik.com nuotr. Tokio buto rinkos vert\u0117 siekia apie 40 t\u016bkst. eur\u0173. Savivaldyb\u0117 ai\u0161kina, kad \u012fvyko&hellip;\n","protected":false},"author":2,"featured_media":125252,"comment_status":"","ping_status":"","sticky":false,"template":"","format":"standard","meta":{"footnotes":"","_share_on_mastodon":"0"},"categories":[13],"tags":[25,30,31,8326,34,35,24,32,33,37,39,36,38,40,23,22,600,227,28,29,1821,26,27],"class_list":["post-125251","post","type-post","status-publish","format-standard","has-post-thumbnail","category-lietuva","tag-antrastes","tag-breaking-news","tag-breakingnews","tag-butas","tag-featured-news","tag-featurednews","tag-headlines","tag-latest-news","tag-latestnews","tag-lietuva","tag-lietuviu","tag-lithuania","tag-lithuanian","tag-lt","tag-naujienos","tag-news","tag-panevezys","tag-pardavimas","tag-populiariausios-naujienos","tag-populiariausiosnaujienos","tag-savivaldybe","tag-top-stories","tag-topstories"],"share_on_mastodon":{"url":"https:\/\/pubeurope.com\/@lt\/116205720973933948","error":""},"_links":{"self":[{"href":"https:\/\/www.europesays.com\/lt\/wp-json\/wp\/v2\/posts\/125251","targetHints":{"allow":["GET"]}}],"collection":[{"href":"https:\/\/www.europesays.com\/lt\/wp-json\/wp\/v2\/posts"}],"about":[{"href":"https:\/\/www.europesays.com\/lt\/wp-json\/wp\/v2\/types\/post"}],"author":[{"embeddable":true,"href":"https:\/\/www.europesays.com\/lt\/wp-json\/wp\/v2\/users\/2"}],"replies":[{"embeddable":true,"href":"https:\/\/www.europesays.com\/lt\/wp-json\/wp\/v2\/comments?post=125251"}],"version-history":[{"count":0,"href":"https:\/\/www.europesays.com\/lt\/wp-json\/wp\/v2\/posts\/125251\/revisions"}],"wp:featuredmedia":[{"embeddable":true,"href":"https:\/\/www.europesays.com\/lt\/wp-json\/wp\/v2\/media\/125252"}],"wp:attachment":[{"href":"https:\/\/www.europesays.com\/lt\/wp-json\/wp\/v2\/media?parent=125251"}],"wp:term":[{"taxonomy":"category","embeddable":true,"href":"https:\/\/www.europesays.com\/lt\/wp-json\/wp\/v2\/categories?post=125251"},{"taxonomy":"post_tag","embeddable":true,"href":"https:\/\/www.europesays.com\/lt\/wp-json\/wp\/v2\/tags?post=125251"}],"curies":[{"name":"wp","href":"https:\/\/api.w.org\/{rel}","templated":true}]}}