{"id":125421,"date":"2026-03-10T20:05:11","date_gmt":"2026-03-10T20:05:11","guid":{"rendered":"https:\/\/www.europesays.com\/lt\/125421\/"},"modified":"2026-03-10T20:05:11","modified_gmt":"2026-03-10T20:05:11","slug":"algis-krupavicius-atgal-i-2022-m-ar-ruginienes-vyriausybe-bus-raitelis-be-galvos-kaip-ir-simonytes-respublika-lt","status":"publish","type":"post","link":"https:\/\/www.europesays.com\/lt\/125421\/","title":{"rendered":"Algis KRUPAVI\u010cIUS: Atgal \u012f 2022 m. &#8211; ar Ruginien\u0117s vyriausyb\u0117 bus raitelis be galvos kaip ir \u0160imonyt\u0117s? &#8211; Respublika.lt"},"content":{"rendered":"<p><img loading=\"lazy\" decoding=\"async\" src=\"https:\/\/www.respublika.lt\/lt\/naujienos\/nuomones_ir_komentarai\/isklausyk-respublika\/algis-krupavicius-atgal-i-2022-m---ar-ruginienes-vyriausybe-bus-raitelis-be-galvos-kaip-ir-simonytes\/images\/ico_camera_white.gif\" class=\"camera\" width=\"22\" height=\"15\" alt=\"nuotr.\" style=\"position:relative; top:-2px; right:2px;\"\/> 1 nuotr.<\/p>\n<p>Algis Krupavi\u010dius. Asmeninio archyvo nuotr.<\/p>\n<p style=\"text-align: justify;\" class=\"desktop_banner\">\u00a0<\/p>\n<p>2022 m. tuometin\u0117s premjer\u0117s Ingridos \u0160imonyt\u0117s vyriausyb\u0117 elg\u0117si kaip raitelis be galvos, arba kaip politinis strutis ki\u0161o galv\u0105 \u012f sm\u0117l\u012f, kad nematyt\u0173 kas vyksta.<\/p>\n<p>Tokio \u201eefektyvaus&#8221; darbo rezultatas &#8211; daugiau nei 20 proc. pasiekusi bendra infliacija ir dar labiau i\u0161brang\u0119 maisto produktai. Nors vald\u017eia \u012fsukusi infliacijos karusel\u0119 gal\u0117jo laisvai lieti infliacinius eurus&#8230;<\/p>\n<p>Ar ir \u0161\u012f kart\u0105 vald\u017eia bus be galvos, o sk\u0119stan\u010di\u0173j\u0173 gelb\u0117jimas liks pa\u010di\u0173 sk\u0119stan\u010di\u0173j\u0173 reikalas?<\/p>\n<p>Jei turime proting\u0105 Lietuvos Respublikos vyriausyb\u0119, tai ji turi prad\u0117ti galvoti kaip eiliniams \u017emon\u0117ms amortizuoti besivystan\u010dios energetini\u0173 i\u0161tekli\u0173 kriz\u0117s poveik\u012f.<\/p>\n<p>Pasikartosiu. \u0160iandien dar ar ne 2022 m., bet jie gali ateiti itin greitai. Tad atoveiksmio scenarijus, o ir konkre\u010dius \u017eingsnius reikia numatyti i\u0161 anksto.<\/p>\n<p>Ai\u0161ku, \u0161i\u0105 Pandoros skryni\u0105, nutraukdamas kar\u0105 Irane, gal\u0117t\u0173 u\u017edaryti j\u0105 atidar\u0119s JAV prezidentas Donalas Trampas, Bet po\u017eymi\u0173 tam nematyti. Prie\u0161ingai, kol kas einama eskalacijos keliu.<\/p>\n<p>Tad pasaulio \u0161alys, bent kur\u012f laik\u0105, i\u0161ei\u010di\u0173 ie\u0161kos po vien\u0105 ir joki\u0173 bendr\u0173 veiksm\u0173 nesiims. Juolab kad tarptautinius santykius nuolat valdo anarchija ir \u0161\u012f kart\u0105 tikrai nebus kitaip.<\/p>\n<p>Ir \u010dia skirtumai tarp valstybi\u0173 dar labiau i\u0161ry\u0161k\u0117s. Nepaisant Irano naftos svarbos, Kinijos BVP augimo tempas yra 4,5 &#8211; 5 proc., o \u0161ios \u0161alies ind\u0117lis \u012f pasaulin\u012f ekonomikos augim\u0105 kasmet siekia apie 30 proc.<\/p>\n<p>Indija ie\u0161ko savo keli\u0173 ir v\u0117l nusprend\u0117 importuoti daugiau i\u0161tekli\u0173 i\u0161 Rusijos, o ma\u017edaug 8 proc. siekiantis jos BVP augimas leid\u017eia tur\u0117ti manevro laisv\u0119.<\/p>\n<p>Tuo pat metu Europa tapo vienu labiausiai pa\u017eeid\u017eiam\u0173 pasaulio region\u0173. Ne vienos Europos \u0161alies ekonomika ir taip stagnuoja.<\/p>\n<p>Antai, eurozonoje BVP augimo tempai siekia vos 0,2 proc., o numatomas metinis augimas &#8211; tik 1,2 proc., kai nedarbas Senajame Pasaulyje siekia daugiau nei 6 proc.<\/p>\n<p>Did\u017eiausi\u0173 ES ekonomik\u0173 &#8211; Pranc\u016bzijos, Vokietijos ir Italijos &#8211; rodikliai itin pana\u0161\u016bs \u012f eurozonos ar net kiek \u017eemesni. Energetini\u0173 i\u0161tekli\u0173 kain\u0173 kriz\u0117 jau esamas prastas tendencijas \u010dia tik sustiprins, tod\u0117l Europos konkurencingumas globaliame kontekste ir toliau ma\u017e\u0117s.<\/p>\n<p>Ar dar \u012fmanoma i\u0161vysti \u0161vies\u0105 tunelio gale? \u0160iokias tokias i\u0161eitis pavykt\u0173 rasti, jeigu sugeb\u0117tume kiek nors mokytis i\u0161 buvusi\u0173 patir\u010di\u0173. Jei ne savo, tai bent kit\u0173. Ir geriausia mokytis i\u0161 paskutin\u0117s 2022 m. energijos kain\u0173 kriz\u0117s.<\/p>\n<p>2022 m. ne viena Europos \u0161alis rado b\u016bd\u0173 kaip su\u0161velninti energijos kain\u0173 augim\u0105 gyventojams ir verslui.<\/p>\n<p>Tuomet ES \u0161alys nacionaliniame lygmenyje kaip atsak\u0105 \u012f kain\u0173 kriz\u0119 naudojo kelis pagrindinius instrumentus: bendr\u0105 pajam\u0173 didinim\u0105 (Pranc\u016bzija, Slovakija, Ispanija ir Suomija), energijos kain\u0173 augimo apribojimus (Pranc\u016bzija, \u0160vedija ir kitos \u0161alys), tiesiogines subsidijas pirmiausia ma\u017eas pajamas gaunan\u010dioms grup\u0117ms (pavyzd\u017eiui, Malta \u012fved\u0117 200 eur\u0173 finansin\u0119 param\u0105 pensininkams ir socialines i\u0161mokas gaunantiems asmenims, Portugalija, ma\u017eas ir vidutines pajamas gaunantiems asmenims paskyr\u0117 kas m\u0117nesin\u0119 125 eur\u0173 i\u0161mok\u0105), nuolaidas degalams (Pranc\u016bzija, Ispanija, kur valstyb\u0117s deng\u0117 tam tikr\u0105 degal\u0173 kainos dal\u012f) ir mokes\u010di\u0173 suma\u017einim\u0105 (Ispanija, Vokietija, Nyderlandai).<\/p>\n<p>Europos valstyb\u0117s i\u0161leido milijardus eur\u0173, kad apsaugot\u0173 nam\u0173 \u016bkius ir \u012fmones nuo energijos kain\u0173 \u0161oko, derindamos trumpalaik\u012f kain\u0173 slopinim\u0105 su fiskalin\u0117mis priemon\u0117mis, taip siekiant i\u0161laikyti rinkos konkurencingum\u0105.<\/p>\n<p>Svarbu pabr\u0117\u017eti, jog ne vienoje \u0161alyje buvo pritaikytos net kelios priemon\u0117s. Koks rezultatas?<\/p>\n<p>Pranc\u016bzijoje, kur buvo panaudota daug kriz\u0117s slopinimo priemoni\u0173, 2022 m. infliacija siek\u0117 kiek daugiau negu 6 proc., kai Lietuvoje ji vir\u0161ijo 24 proc.<\/p>\n<p>Tad I.\u0160imonyt\u0117s vyriausyb\u0117s neveikimo vaisiai buvo kart\u016bs, o pagrindin\u0119 kriz\u0117s na\u0161t\u0105 tur\u0117jo tempti eiliniai \u0161alies gyventojai.<\/p>\n<p>Ar tur\u0117sime 2022 m. energijos kain\u0173 kriz\u0119 2.0? Ar v\u0117l vyriausyb\u0117 bandys tradici\u0161kai atsikalbin\u0117ti ir ai\u0161kinti, kad nieko negalime padaryti, nes \u010dia veikia \u201eJos didenyb\u0117 rinka&#8221;?<\/p>\n<p>Klausimai visai neretoriniai, nes tokie argumentai yra tik figos lapelis vald\u017eios negalvojimui ir negeb\u0117jimui veikti. Bet gal bent \u0161\u012f kart\u0105 \u012f t\u0105 pa\u010di\u0105 neveikimo up\u0119 ne\u012fbrisime.<\/p>\n<p>Kitaip v\u0117l sulauksime naujos didesn\u0117s ar ma\u017eesn\u0117s kain\u0173 pasiutpolk\u0117s.<\/p>\n","protected":false},"excerpt":{"rendered":"1 nuotr. Algis Krupavi\u010dius. Asmeninio archyvo nuotr. \u00a0 2022 m. tuometin\u0117s premjer\u0117s Ingridos \u0160imonyt\u0117s vyriausyb\u0117 elg\u0117si kaip raitelis&hellip;\n","protected":false},"author":2,"featured_media":125422,"comment_status":"","ping_status":"","sticky":false,"template":"","format":"standard","meta":{"footnotes":"","_share_on_mastodon":"0"},"categories":[6],"tags":[25,30,31,34,35,24,79,815,3653,32,33,37,39,36,38,40,1786,23,22,28,29,412,3683,26,27,557],"class_list":["post-125421","post","type-post","status-publish","format-standard","has-post-thumbnail","category-antrastes","tag-antrastes","tag-breaking-news","tag-breakingnews","tag-featured-news","tag-featurednews","tag-headlines","tag-iranas","tag-karas","tag-krupavicius","tag-latest-news","tag-latestnews","tag-lietuva","tag-lietuviu","tag-lithuania","tag-lithuanian","tag-lt","tag-nafta","tag-naujienos","tag-news","tag-populiariausios-naujienos","tag-populiariausiosnaujienos","tag-ruginiene","tag-simonyte","tag-top-stories","tag-topstories","tag-vyriausybe"],"share_on_mastodon":{"url":"https:\/\/pubeurope.com\/@lt\/116206680325793329","error":""},"_links":{"self":[{"href":"https:\/\/www.europesays.com\/lt\/wp-json\/wp\/v2\/posts\/125421","targetHints":{"allow":["GET"]}}],"collection":[{"href":"https:\/\/www.europesays.com\/lt\/wp-json\/wp\/v2\/posts"}],"about":[{"href":"https:\/\/www.europesays.com\/lt\/wp-json\/wp\/v2\/types\/post"}],"author":[{"embeddable":true,"href":"https:\/\/www.europesays.com\/lt\/wp-json\/wp\/v2\/users\/2"}],"replies":[{"embeddable":true,"href":"https:\/\/www.europesays.com\/lt\/wp-json\/wp\/v2\/comments?post=125421"}],"version-history":[{"count":0,"href":"https:\/\/www.europesays.com\/lt\/wp-json\/wp\/v2\/posts\/125421\/revisions"}],"wp:featuredmedia":[{"embeddable":true,"href":"https:\/\/www.europesays.com\/lt\/wp-json\/wp\/v2\/media\/125422"}],"wp:attachment":[{"href":"https:\/\/www.europesays.com\/lt\/wp-json\/wp\/v2\/media?parent=125421"}],"wp:term":[{"taxonomy":"category","embeddable":true,"href":"https:\/\/www.europesays.com\/lt\/wp-json\/wp\/v2\/categories?post=125421"},{"taxonomy":"post_tag","embeddable":true,"href":"https:\/\/www.europesays.com\/lt\/wp-json\/wp\/v2\/tags?post=125421"}],"curies":[{"name":"wp","href":"https:\/\/api.w.org\/{rel}","templated":true}]}}