{"id":12597,"date":"2025-10-07T22:33:19","date_gmt":"2025-10-07T22:33:19","guid":{"rendered":"https:\/\/www.europesays.com\/lt\/12597\/"},"modified":"2025-10-07T22:33:19","modified_gmt":"2025-10-07T22:33:19","slug":"kas-butu-jeigu-gyventojams-tektu-staigiai-evakuotis-vilnieciai-tai-patyre-savo-kailiu-delfi","status":"publish","type":"post","link":"https:\/\/www.europesays.com\/lt\/12597\/","title":{"rendered":"Kas b\u016bt\u0173, jeigu gyventojams tekt\u0173 staigiai evakuotis: vilnie\u010diai tai patyr\u0117 savo kailiu &#8211; Delfi"},"content":{"rendered":"<ol>\n<li><a href=\"https:\/\/news.google.com\/rss\/articles\/CBMiygFBVV95cUxOYjFJNzBiMnFrRExVMjAtZUpBa2lCeXNhWlFHTW9SbnlSVlhpR3M4NHhPRTZqN1hrTkozYkgzODkxSE5CalNNSEx5ZlRLd25PSGZGdy01aEpGV0xIbXdrNzR2b1dUdmd3WUtoM1doWFIwV2tlR3U2aEpLZzdPbHEyMWhjbURjT3U0LU9DeFZGTGxtNVFSZjJnS0NocXdyMmk1WmZaTFQ3eDBwbEFjaVlDZnphZHZyVWFYUWtQVjBMbnI4VnBibkN3bi1n?oc=5\" target=\"_blank\" rel=\"nofollow noopener\">Kas b\u016bt\u0173, jeigu gyventojams tekt\u0173 staigiai evakuotis: vilnie\u010diai tai patyr\u0117 savo kailiu<\/a>&nbsp;&nbsp;Delfi<\/li>\n<li><a href=\"https:\/\/news.google.com\/rss\/articles\/CBMiswFBVV95cUxPZHY1ZnVsdU1WaWs0dUFLcnZ2bU1hWFF1dGQ3MU1QWHNVWWQ3WkdGRi1NV29TQzBONG5rV3p6VG1FanphckZIMFZ4OGsxWFBXaktDOVNVek5jVkVNTGQ0amlzZ0pLU0RtSUxJT09UNUpRTzN3dldUcU9zblEwaFA0Z2hweVVPTkpCdjZxUG8yd0hDNWtNNmtocHh2c0VqblBod1VZTmlFeVBMVGt6UHJhU0tibw?oc=5\" target=\"_blank\" rel=\"nofollow noopener\">Lietuvoje kauk\u0117 sirenos, sostin\u0117je imituota vandenviet\u0117s ataka<\/a>&nbsp;&nbsp;Delfi<\/li>\n<li><a href=\"https:\/\/news.google.com\/rss\/articles\/CBMisgFBVV95cUxPQ196NnBMbFlfeHR1VW9TRnJBNUJtcUt2T2FWMWVRRE1PUUJ6RS15MlJFMUpSTU1mb1ExWVRHZ1ZfXzV1TzJJb2dPYWN6UlBsNGZXdkVhTk82eE1weW5GMkt2MFJEek12aG5HbUhaWTZxbDZzVk5nZTBLeDdpZWlPdlYyM0ZFSjBiY013eVdCNzZuT0FBME5mYUFNMXl0Uld0X2VpVkFwSFFaN1lJdm9GS1Vn?oc=5\" target=\"_blank\" rel=\"nofollow noopener\">Evakuacijos i\u0161 sostin\u0117s repeticija: be streso, bet su klaustukais<\/a>&nbsp;&nbsp;LRT<\/li>\n<li><a href=\"https:\/\/news.google.com\/rss\/articles\/CBMiiAFBVV95cUxOQzJCMTdvZUxQcFV2UG9SdEpTdHZtSXhhWm1hU0RLSnpRTV9ONTlNcVFBeVdNVWhqNERPUEduSk41dlNHVFJlTWtHWTFZYVFfQ25Wak9Hamw5azNOd2tDMi05RUJsMFRDajlfOTc4ekc5YU9iN2JUUll6TEVTS3hFZHJqN2N2RXBV?oc=5\" target=\"_blank\" rel=\"nofollow noopener\">Kaune \u2013 persp\u0117jimo siren\u0173 gausmas<\/a>&nbsp;&nbsp;Kas vyksta Kaune<\/li>\n<li><a href=\"https:\/\/news.google.com\/rss\/articles\/CBMi-wFBVV95cUxPc1pEc1ZhVzh1ZVVReV8zZGh1TlZmaVRRX3FYWlJCWnZUSDRzWXNlNkRqZFJwU1c1Smo3ZF9QejRCaTJlVzF0dTQ0VzJ2LUNFaXBKV0JfNVgtSmRCNllDVU52dnpxaWR3NU96SUNoS3FmcWNxeHJlVHFNVEk1MmpvX1RsaklucjZsR1FjZlhZek9YblM1eGx4ZWtHYjVQWFVlazZYNmQ1TE5xM05WT3lhZmlRM1ZEQUdpYi1BS201eENCLVI4TkJIbzVMdXZKZTJMa08xaHJGbS1mVjh6RDIzcU5YR0I0emRyT0M0MjhaOW1GTk5BbUpjM2tzbw?oc=5\" target=\"_blank\" rel=\"nofollow noopener\">Lietuvoje \u2013 did\u017eiausios mobilizacijos pratybos: u\u017efiksavo gyventoj\u0173 evakuacij\u0105 i\u0161 Vilniaus \u012f Kaun\u0105<\/a>&nbsp;&nbsp;Lrytas<\/li>\n<\/ol>\n","protected":false},"excerpt":{"rendered":"Kas b\u016bt\u0173, jeigu gyventojams tekt\u0173 staigiai evakuotis: vilnie\u010diai tai patyr\u0117 savo kailiu&nbsp;&nbsp;Delfi Lietuvoje kauk\u0117 sirenos, sostin\u0117je imituota vandenviet\u0117s&hellip;\n","protected":false},"author":2,"featured_media":12598,"comment_status":"","ping_status":"","sticky":false,"template":"","format":"standard","meta":{"footnotes":""},"categories":[13],"tags":[25,30,31,787,34,35,24,32,33,37,39,36,38,40,23,22,28,29,26,27,4590],"class_list":{"0":"post-12597","1":"post","2":"type-post","3":"status-publish","4":"format-standard","5":"has-post-thumbnail","7":"category-lietuva","8":"tag-antrastes","9":"tag-breaking-news","10":"tag-breakingnews","11":"tag-evakuacija","12":"tag-featured-news","13":"tag-featurednews","14":"tag-headlines","15":"tag-latest-news","16":"tag-latestnews","17":"tag-lietuva","18":"tag-lietuviu","19":"tag-lithuania","20":"tag-lithuanian","21":"tag-lt","22":"tag-naujienos","23":"tag-news","24":"tag-populiariausios-naujienos","25":"tag-populiariausiosnaujienos","26":"tag-top-stories","27":"tag-topstories","28":"tag-vycio-skliautas"},"share_on_mastodon":{"url":"","error":""},"_links":{"self":[{"href":"https:\/\/www.europesays.com\/lt\/wp-json\/wp\/v2\/posts\/12597","targetHints":{"allow":["GET"]}}],"collection":[{"href":"https:\/\/www.europesays.com\/lt\/wp-json\/wp\/v2\/posts"}],"about":[{"href":"https:\/\/www.europesays.com\/lt\/wp-json\/wp\/v2\/types\/post"}],"author":[{"embeddable":true,"href":"https:\/\/www.europesays.com\/lt\/wp-json\/wp\/v2\/users\/2"}],"replies":[{"embeddable":true,"href":"https:\/\/www.europesays.com\/lt\/wp-json\/wp\/v2\/comments?post=12597"}],"version-history":[{"count":0,"href":"https:\/\/www.europesays.com\/lt\/wp-json\/wp\/v2\/posts\/12597\/revisions"}],"wp:featuredmedia":[{"embeddable":true,"href":"https:\/\/www.europesays.com\/lt\/wp-json\/wp\/v2\/media\/12598"}],"wp:attachment":[{"href":"https:\/\/www.europesays.com\/lt\/wp-json\/wp\/v2\/media?parent=12597"}],"wp:term":[{"taxonomy":"category","embeddable":true,"href":"https:\/\/www.europesays.com\/lt\/wp-json\/wp\/v2\/categories?post=12597"},{"taxonomy":"post_tag","embeddable":true,"href":"https:\/\/www.europesays.com\/lt\/wp-json\/wp\/v2\/tags?post=12597"}],"curies":[{"name":"wp","href":"https:\/\/api.w.org\/{rel}","templated":true}]}}