{"id":126650,"date":"2026-03-12T09:16:30","date_gmt":"2026-03-12T09:16:30","guid":{"rendered":"https:\/\/www.europesays.com\/lt\/126650\/"},"modified":"2026-03-12T09:16:30","modified_gmt":"2026-03-12T09:16:30","slug":"subaru-pristato-atnaujinta-visiskai-elektrini-solterra-automobilio-modeli","status":"publish","type":"post","link":"https:\/\/www.europesays.com\/lt\/126650\/","title":{"rendered":"\u201eSubaru\u201c pristato atnaujint\u0105 visi\u0161kai elektrin\u012f \u201eSolterra\u201c automobilio model\u012f"},"content":{"rendered":"<p>\u201eSubaru\u201c Lietuvoje pristato atnaujint\u0105 visi\u0161kai elektrin\u0119 \u201eSolterra\u201c. \u201eSubaru\u201c Lietuvoje pristato atnaujint\u0105 \u201eSolterra\u201c \u2013 visi\u0161kai elektrin\u012f SUV model\u012f su nuolatine vis\u0173 varan\u010di\u0173j\u0173 rat\u0173 sistema ir iki 511 km nuva\u017eiuojamu atstumu pagal WLTP ir penki\u0173 \u017evaig\u017edu\u010di\u0173 \u201eEuro NCAP\u201c saugos \u012fvertinim\u0105.<\/p>\n<p>Nuo 2026 modelio met\u0173 jam taip pat taikoma iki 10 met\u0173 garantija pagal \u201eSubaru Safe\u201c program\u0105. Kaip vienas i\u0161 trij\u0173 2026 metais debiutuojan\u010di\u0173 elektromobili\u0173, \u201eSolterra\u201c \u017eymi svarb\u0173 \u017eingsn\u012f \u201eSubaru\u201c elektrifikacijos kelyje. Modelis jau prieinamas bandomiesiems va\u017eiavimams \u201eSubaru\u201c atstovyb\u0117se Lietuvoje.<\/p>\n<p>2026 metais \u201eSubaru\u201c ple\u010dia elektrini\u0173 modeli\u0173 asortiment\u0105 pristatydama tris naujus elektromobilius. Kiekvienas j\u0173 i\u0161laiko esmines mark\u0117s vertybes: saugum\u0105, stabilum\u0105 ir vis\u0173 varan\u010di\u0173j\u0173 rat\u0173 technologij\u0105, kartu pasi\u016blydamas modern\u0173 elektrin\u012f na\u0161um\u0105. <\/p>\n<p>Pra\u0117jus trejiems metams nuo debiuto, \u201eSolterra\u201c sugr\u012f\u017eta atnaujinta versija su pagerintais dinaminiais rodikliais, efektyvumu ir atnaujintu dizainu. Modelis sukurtas taip, kad u\u017etikrint\u0173 komfort\u0105 kasdien\u0117se kelion\u0117se ir stabilum\u0105 sud\u0117tingesn\u0117mis s\u0105lygomis.<\/p>\n<p><img loading=\"lazy\" decoding=\"async\" width=\"1024\" height=\"683\" src=\"https:\/\/www.europesays.com\/lt\/wp-content\/uploads\/2026\/03\/Subaru_Soltera_Are_251211_1499_LR-1024x683.jpg\" alt=\"\u201eSubaru Solterra\u201c automobilis. Gamintojo nuotr.\"\/><\/p>\n<p>\u201eSubaru Solterra\u201c automobilis. Gamintojo nuotr.<\/p>\n<p>Pagrindin\u0117s naujosios \u201eSolterra\u201c savyb\u0117s:<\/p>\n<ul class=\"wp-block-list\">\n<li>Du elektros varikliai, kuri\u0173 bendra galia siekia 252 kW 343 AG<\/li>\n<li>0\u2013100 km per valand\u0105 per 5,1 sekund\u0117s<\/li>\n<li>73,1 kWh talpos baterija, leid\u017eianti nuva\u017eiuoti iki 511 km pagal WLTP<\/li>\n<li>Greitasis nuolatin\u0117s srov\u0117s \u012fkrovimas nuo 10 iki 80 procent\u0173 per ma\u017edaug 28 minutes<\/li>\n<li>Nuolatin\u0117 vis\u0173 varan\u010di\u0173j\u0173 rat\u0173 sistema<\/li>\n<li>Vilkimo galia iki 1,5 tonos<\/li>\n<li>Atnaujintas i\u0161or\u0117s dizainas ir perprojektuotas salonas<\/li>\n<li>14 coli\u0173 informacin\u0117s ir pramogin\u0117s sistemos ekranas bei i\u0161pl\u0117stos kamer\u0173 funkcijos<\/li>\n<\/ul>\n<p>Dviej\u0173 elektros varikli\u0173 sistema, padidinta pro\u0161vaisa ir nuolatin\u0117 vis\u0173 varan\u010di\u0173j\u0173 rat\u0173 technologija leid\u017eia \u201eSolterra\u201c i\u0161laikyti markei b\u016bding\u0105 prava\u017eum\u0105 ir stabilum\u0105. Elektrifikacija \u010dia papildo, o ne pakei\u010dia pagrindines \u201eSubaru\u201c savybes.\n                    <\/p>\n<p>Penkios \u017evaig\u017edut\u0117s \u201eEuro NCAP\u201c<\/p>\n<p><img loading=\"lazy\" decoding=\"async\" width=\"1024\" height=\"683\" src=\"https:\/\/www.europesays.com\/lt\/wp-content\/uploads\/2026\/03\/Subaru_Soltera_Are_251210_148704_LR-1024x683.jpg\" alt=\"\u201eSubaru Solterra\u201c automobilis. Gamintojo nuotr.\"\/><\/p>\n<p>\u201eSubaru Solterra\u201c automobilis. Gamintojo nuotr.<\/p>\n<p>2025 met\u0173 \u201eEuro NCAP\u201c bandymuose \u201eSolterra\u201c \u012fvertinta auk\u0161\u010diausiu penki\u0173 \u017evaig\u017edu\u010di\u0173 \u012fvertinimu. Modelis pasiek\u0117 auk\u0161\u010diausi\u0173 rezultat\u0173 suaugusi\u0173 keleivi\u0173, vaik\u0173 ir pa\u017eeid\u017eiam\u0173 eismo dalyvi\u0173 apsaugos bei pagalbini\u0173 vairavimo sistem\u0173 kategorijose. Tai dar kart\u0105 patvirtina nuosekl\u0173 \u201eSubaru\u201c po\u017ei\u016br\u012f \u012f saugum\u0105 ir siek\u012f suderinti elektrifikacij\u0105 su auk\u0161\u010diausiais apsaugos standartais.<\/p>\n<p>Iki 10 met\u0173 garantija su \u201eSubaru Safe\u201c<\/p>\n<p>Nuo 2026 modelio met\u0173 \u201eSolterra\u201c taikoma \u201eSubaru Safe\u201c programa. Tai aptarnavimo metu aktyvuojama garantija, galiojanti iki 10 met\u0173 arba 200 000 km ridos. Garantija automati\u0161kai prat\u0119siama atlikus technin\u0119 prie\u017ei\u016br\u0105 \u012fgaliotame \u201eSubaru\u201c servise ir suteikia ilgalaik\u012f u\u017etikrintum\u0105 elektromobilio savininkams.<\/p>\n<p>\u201eSolterra\u201c sujungia nuolatin\u0119 vis\u0173 varan\u010di\u0173j\u0173 rat\u0173 sistem\u0105, auk\u0161t\u0105 saugumo lyg\u012f ir gausi\u0105 standartin\u0119 \u012frang\u0105 jau bazin\u0117je komplektacijoje. Modelis visi\u0161kai elektrinis. Pradin\u0117 kaina Lietuvoje nuo 43 900 eur\u0173.\n                    <\/p>\n<p>\u201eSolterra\u201c jau galima i\u0161bandyti<\/p>\n<p>Naujoji \u201eSubaru Solterra\u201c, visi\u0161kai elektrinis SUV modelis, kuriame dera na\u0161umas, saugumas ir prava\u017eumas su dideliu nuva\u017eiuojamu atstumu bei pa\u017eangiomis technologijomis, jau galima i\u0161bandyti \u201eSubaru\u201c atstovyb\u0117se visoje Lietuvoje.\n<\/p>\n<p>\n\t\t\t\tKaip vertinate \u0161\u012f \u012fra\u0161\u0105?\n\t\t\t<\/p>\n","protected":false},"excerpt":{"rendered":"\u201eSubaru\u201c Lietuvoje pristato atnaujint\u0105 visi\u0161kai elektrin\u0119 \u201eSolterra\u201c. \u201eSubaru\u201c Lietuvoje pristato atnaujint\u0105 \u201eSolterra\u201c \u2013 visi\u0161kai elektrin\u012f SUV model\u012f su&hellip;\n","protected":false},"author":2,"featured_media":126651,"comment_status":"","ping_status":"","sticky":false,"template":"","format":"standard","meta":{"footnotes":"","_share_on_mastodon":"0"},"categories":[17],"tags":[6920,2006,81,1971,37,39,36,38,40,46],"class_list":["post-126650","post","type-post","status-publish","format-standard","has-post-thumbnail","category-verslas","tag-subaru","tag-automobiliai","tag-business","tag-elektromobiliai","tag-lietuva","tag-lietuviu","tag-lithuania","tag-lithuanian","tag-lt","tag-verslas"],"share_on_mastodon":{"url":"https:\/\/pubeurope.com\/@lt\/116215452988945069","error":""},"_links":{"self":[{"href":"https:\/\/www.europesays.com\/lt\/wp-json\/wp\/v2\/posts\/126650","targetHints":{"allow":["GET"]}}],"collection":[{"href":"https:\/\/www.europesays.com\/lt\/wp-json\/wp\/v2\/posts"}],"about":[{"href":"https:\/\/www.europesays.com\/lt\/wp-json\/wp\/v2\/types\/post"}],"author":[{"embeddable":true,"href":"https:\/\/www.europesays.com\/lt\/wp-json\/wp\/v2\/users\/2"}],"replies":[{"embeddable":true,"href":"https:\/\/www.europesays.com\/lt\/wp-json\/wp\/v2\/comments?post=126650"}],"version-history":[{"count":0,"href":"https:\/\/www.europesays.com\/lt\/wp-json\/wp\/v2\/posts\/126650\/revisions"}],"wp:featuredmedia":[{"embeddable":true,"href":"https:\/\/www.europesays.com\/lt\/wp-json\/wp\/v2\/media\/126651"}],"wp:attachment":[{"href":"https:\/\/www.europesays.com\/lt\/wp-json\/wp\/v2\/media?parent=126650"}],"wp:term":[{"taxonomy":"category","embeddable":true,"href":"https:\/\/www.europesays.com\/lt\/wp-json\/wp\/v2\/categories?post=126650"},{"taxonomy":"post_tag","embeddable":true,"href":"https:\/\/www.europesays.com\/lt\/wp-json\/wp\/v2\/tags?post=126650"}],"curies":[{"name":"wp","href":"https:\/\/api.w.org\/{rel}","templated":true}]}}