{"id":127066,"date":"2026-03-12T16:50:09","date_gmt":"2026-03-12T16:50:09","guid":{"rendered":"https:\/\/www.europesays.com\/lt\/127066\/"},"modified":"2026-03-12T16:50:09","modified_gmt":"2026-03-12T16:50:09","slug":"kaunieciai-sunerimo-del-kaukusios-pavojaus-sirenos","status":"publish","type":"post","link":"https:\/\/www.europesays.com\/lt\/127066\/","title":{"rendered":"Kaunie\u010diai sunerimo d\u0117l kaukusios pavojaus sirenos"},"content":{"rendered":"<p>Ketvirtadienio popiet\u0119 kaunie\u010diai sunerimo d\u0117l kaukusios <a href=\"https:\/\/kaunas.kasvyksta.lt\/pavojaus-sirenos\" title=\"Pavojaus sirenos\" rel=\"nofollow noopener\" target=\"_blank\">pavojaus sirenos<\/a>.<\/p>\n<p>\u201eKaune gird\u0117jome garso \u012fsp\u0117jam\u0105sias sirenas, ta\u010diau niekas negavome jokio prane\u0161imo. Gal turite kokios informacijos d\u0117l \u0161io \u012fvykio?\u201c \u2013 ketvirtadienio popiet\u0119 teiravosi skaitytoja.<\/p>\n<p>\u201eEiguli\u0173 mikrorajone gird\u0117jome sirenas, niekas nieko nera\u0161o, gal \u017einote kas nutik\u0119?\u201c \u2013 teiravosi dar viena skaitytoja.<\/p>\n<p>Ketvirtadien\u012f portal\u0105 \u201eKas vyksta Kaune\u201c pasiek\u0117 ne viena de\u0161imtis pana\u0161i\u0173 kaunie\u010di\u0173 \u017einu\u010di\u0173.<\/p>\n<p>Anot gyventoj\u0173, <a href=\"https:\/\/kaunas.kasvyksta.lt\/sirena\" title=\"Sirena\" rel=\"nofollow noopener\" target=\"_blank\">sirena<\/a> kauk\u0117 apie 2 min., j\u0173 gausmas prasid\u0117jo apie 14.30 val. ir labiausiai buvo girdimas Kalnie\u010di\u0173, Ukmerg\u0117s gatv\u0117se.<\/p>\n<p>Tiesa, apie galim\u0105 siren\u0173 gausm\u0105 buvo galima matyti i\u0161 skaitytoj\u0173 paie\u0161kos, portalo \u201eKas vyksta Kaune\u201c sistemoje prad\u0117ta ie\u0161koti rakta\u017eod\u017eio \u201ePavojaus sirenos\u201c.<\/p>\n<p>Kaip portal\u0105 \u201eKas vyksta Kaune\u201c patikino Kauno prie\u0161gaisrin\u0117s gelb\u0117jimo valdybos atstov\u0117 Egl\u0117 Ruchajien\u0117, Prie\u0161gaisrin\u0117s apsaugos ir gelb\u0117jimo departamentas nevykd\u0117 jokio planinio siren\u0173 patikrinimo.<\/p>\n<p>V\u0117liau su portalu susisiekusi specialist\u0117 teig\u0117, kad Kauno prie\u0161gaisrin\u0117s gelb\u0117jimo valdybos Civilin\u0117s saugos skyrius buvo informuotas apie galim\u0105 sirenos patikrinim\u0105, kur\u012f tur\u0117jo vykdyti Kauno miesto savivaldyb\u0117s specialistai.<\/p>\n<p>\u201eM\u016bs\u0173 specialist\u0173 \u017einiomis buvo atliekamas Savanori\u0173 prospekte esan\u010dios sirenos techninis patikrinimas, kurio metu 10 s. \u012fjungiamas sirenos garsas. Tai tikriausiai t\u0105 gars\u0105 ir gird\u0117jo \u017emon\u0117s\u201c, \u2013 ai\u0161kino informacij\u0105 patikslinusi E. Ruchajien\u0117.<\/p>\n<p>Anot jos, d\u0117l tokio trumpo sirenos patikrinimo \u017emon\u0117s papildomai neb\u016bna \u012fsp\u0117jami, o \u0161iuos darbus atlieka savivaldyb\u0117s specialistai.<\/p>\n<p>Planuojama, kad siren\u0173 patikrinimas nacionaliniu mastu, kur\u012f vykdys Prie\u0161gaisrin\u0117s apsaugos ir gelb\u0117jimo departamentas, vyks baland\u017eio prad\u017eioje \u2013 data dar bus patikslinta.<\/p>\n<p>D\u0117l vykdyt\u0173 kaunie\u010dius i\u0161g\u0105sdinusi\u0173 darb\u0173 portalas \u201eKas vyksta Kaune\u201c kreip\u0117si \u012f Kauno miesto savivaldyb\u0119, gav\u0119 papildomos informacijos, publikacij\u0105 papildysime.<\/p>\n","protected":false},"excerpt":{"rendered":"Ketvirtadienio popiet\u0119 kaunie\u010diai sunerimo d\u0117l kaukusios pavojaus sirenos. \u201eKaune gird\u0117jome garso \u012fsp\u0117jam\u0105sias sirenas, ta\u010diau niekas negavome jokio prane\u0161imo.&hellip;\n","protected":false},"author":2,"featured_media":127067,"comment_status":"","ping_status":"","sticky":false,"template":"","format":"standard","meta":{"footnotes":"","_share_on_mastodon":"0"},"categories":[13],"tags":[25,30,31,34,35,24,20020,32,33,37,39,36,38,40,23,22,22950,22951,28,29,22952,26,27],"class_list":["post-127066","post","type-post","status-publish","format-standard","has-post-thumbnail","category-lietuva","tag-antrastes","tag-breaking-news","tag-breakingnews","tag-featured-news","tag-featurednews","tag-headlines","tag-kauno-miestas","tag-latest-news","tag-latestnews","tag-lietuva","tag-lietuviu","tag-lithuania","tag-lithuanian","tag-lt","tag-naujienos","tag-news","tag-pavojaus-sirenos","tag-perspejimo-sirenos","tag-populiariausios-naujienos","tag-populiariausiosnaujienos","tag-sirena","tag-top-stories","tag-topstories"],"share_on_mastodon":{"url":"https:\/\/pubeurope.com\/@lt\/116217238185907193","error":""},"_links":{"self":[{"href":"https:\/\/www.europesays.com\/lt\/wp-json\/wp\/v2\/posts\/127066","targetHints":{"allow":["GET"]}}],"collection":[{"href":"https:\/\/www.europesays.com\/lt\/wp-json\/wp\/v2\/posts"}],"about":[{"href":"https:\/\/www.europesays.com\/lt\/wp-json\/wp\/v2\/types\/post"}],"author":[{"embeddable":true,"href":"https:\/\/www.europesays.com\/lt\/wp-json\/wp\/v2\/users\/2"}],"replies":[{"embeddable":true,"href":"https:\/\/www.europesays.com\/lt\/wp-json\/wp\/v2\/comments?post=127066"}],"version-history":[{"count":0,"href":"https:\/\/www.europesays.com\/lt\/wp-json\/wp\/v2\/posts\/127066\/revisions"}],"wp:featuredmedia":[{"embeddable":true,"href":"https:\/\/www.europesays.com\/lt\/wp-json\/wp\/v2\/media\/127067"}],"wp:attachment":[{"href":"https:\/\/www.europesays.com\/lt\/wp-json\/wp\/v2\/media?parent=127066"}],"wp:term":[{"taxonomy":"category","embeddable":true,"href":"https:\/\/www.europesays.com\/lt\/wp-json\/wp\/v2\/categories?post=127066"},{"taxonomy":"post_tag","embeddable":true,"href":"https:\/\/www.europesays.com\/lt\/wp-json\/wp\/v2\/tags?post=127066"}],"curies":[{"name":"wp","href":"https:\/\/api.w.org\/{rel}","templated":true}]}}