{"id":127087,"date":"2026-03-12T17:27:11","date_gmt":"2026-03-12T17:27:11","guid":{"rendered":"https:\/\/www.europesays.com\/lt\/127087\/"},"modified":"2026-03-12T17:27:11","modified_gmt":"2026-03-12T17:27:11","slug":"kompensaciju-uz-musu-pinigus-pareikalavo-apie-1000-zydu-respublika-lt","status":"publish","type":"post","link":"https:\/\/www.europesays.com\/lt\/127087\/","title":{"rendered":"Kompensacij\u0173 u\u017e m\u016bs\u0173 pinigus pareikalavo apie 1000 \u017eyd\u0173 &#8211; Respublika.lt"},"content":{"rendered":"<p style=\"text-align: justify;\" class=\"desktop_banner\">\u00a0<\/p>\n<p>Apie tai, ir ne tik &#8211; \u201eVakaro \u017eini\u0173&#8221; pokalbis su Lietuvos \u017eyd\u0173 bendruomen\u0117s pirmininke Faina Kukliansky.<\/p>\n<p>2022 m. priimtu \u012fstatymu nuspr\u0119sta, kad skiriama dar 37 mln. eur\u0173 kompensacijoms u\u017e nusavint\u0105 \u017eyd\u0173 turt\u0105. Ta\u010diau \u0161\u012fkart jau nebe u\u017e bendruomenin\u012f, kaip numatyta 2011 m. priimtame \u012fstatyme, bet u\u017e privat\u0173.<\/p>\n<p>Kompensacija susidaro i\u0161 dviej\u0173 dali\u0173 &#8211; viena dalis tos kompensacijos skiriama asmenims, kurie negal\u0117jo kreiptis d\u0117l nuosavyb\u0117s teis\u0117s atk\u016brimo ir kuriems numatyta simbolin\u0117 finansin\u0117 kompensacija.<\/p>\n<p>Likusi dalis &#8211; nuo 27 mln. iki 32 mln. eur\u0173 &#8211; skirta V\u0161\u012e \u201eGeros valios kompensacijos u\u017e \u017eyd\u0173 religini\u0173 bendruomeni\u0173 nekilnojam\u0105j\u012f turt\u0105 disponavimo fondas&#8221; ir naudojama bendroms \u017eyd\u0173 bendruomen\u0117s reikm\u0117ms.<\/p>\n<p>T\u0105kart I.\u0160imonyt\u0117 paai\u0161kino, kad n\u0117ra galimybi\u0173 nustatyti prie\u0161 daugiau nei pus\u0119 am\u017eiaus nusavinto turto vert\u0117s, tod\u0117l visi \u012fp\u0117diniai, kuri\u0173 pra\u0161ymai bus patenkinti, gaus vienod\u0105 sum\u0105 u\u017e vien\u0105 reikalavim\u0105. Toki\u0173 reikalavim\u0173, I.\u0160imonyt\u0117s teigimu, gali b\u016bti apie t\u016bkstant\u012f, tad viena kompensacija, priklausomai nuo j\u0173 skai\u010diaus, apie 20 t\u016bkst. eur\u0173: visa skirta suma padalinta \u012f lygias dalis kiekvienam reikalautojui.<\/p>\n<p>Nukent\u0117j\u0119 asmenys ar j\u0173 paveld\u0117tojai individualius pra\u0161ymus ir turimus juos pagrind\u017eian\u010dius dokumentus fondui tur\u0117jo pateikti iki 2023 m. gruod\u017eio 31 d.<\/p>\n<p>\u201eVakaro \u017einios&#8221; primena, kad 2011 m. Seimas pri\u0117m\u0117 Geros valios kompensacijos u\u017e \u017eyd\u0173 religini\u0173 bendruomeni\u0173 nekilnojam\u0105j\u012f turt\u0105 \u012fstatym\u0105, \u012fsigaliojus\u012f t\u0173 met\u0173 gruod\u012f. \u012estatyme numatyta, kad fondui i\u0161 viso iki 2023 m. kovo 1 d. turi b\u016bti i\u0161mok\u0117ti 128 mln. lit\u0173 (pagal \u012fstatymo pri\u0117mimo metu galiojus\u012f kurs\u0105 tai b\u016bt\u0173 37 mln. eur\u0173).<\/p>\n<p>\u0160iame \u012fstatyme nustatytos kompensacijos i\u0161mok\u0117jimo tikslu laikomas i\u0161lik\u0119s \u017eyd\u0173 religini\u0173 bendruomeni\u0173 nekilnojamasis turtas (i\u0161skyrus \u017eem\u0119), kuris buvo neteis\u0117tai nusavintas totalitarini\u0173 re\u017eim\u0173 okupacij\u0173 laikotarpiu. Remiantis \u0161iuo \u012fstatymu, kasmet fondui i\u0161 valstyb\u0117s biud\u017eeto buvo pervedama po ma\u017edaug 3,5 mln. eur\u0173.<\/p>\n<p>&#8211; Kiek i\u0161 viso \u017eyd\u0173 kreip\u0117si d\u0117l kompensacij\u0173 pagal 2022 m. priimt\u0105 \u012fstatym\u0105?\u00a0&#8211; \u201eVakaro \u017einios&#8221; pasiteiravo Fainos KUKLIANSKY.<\/p>\n<p>&#8211; Kreip\u0117si apie 1000 \u017emoni\u0173. Nedaug, nes \u017emon\u0117s turi mad\u0105 mirti. Beveik vis\u0173 pra\u0161ymai buvo patenkinti. Tiesa, buvo toki\u0173, kurie netur\u0117jo pakankamai teisi\u0173 \u012f nuosavyb\u0119, \u012f kuri\u0105 pretendavo, tai j\u0173 pra\u0161ymai nebuvo patenkinti. O i\u0161 viso ar tos kompensacijos yra gerai? Sunku pasakyti.<\/p>\n<p>Palyginti su tuo, kas i\u0161 \u017emoni\u0173 buvo atimta, tai kompensacijos tikrai n\u0117ra adekva\u010dios. Bet tai yra simbolin\u0117 restitucija. O simbolin\u0117 restitucija ir rei\u0161kia tai, kad n\u0117ra viskas gr\u0105\u017einta, kas buvo nusavinta. \u017dmon\u0117s \u012fvairiai reagavo. Vieni d\u0117kojo, kiti nor\u0117jo daugiau gauti.<\/p>\n<p>&#8211; O gal\u0117jo d\u0117l kompensacij\u0173 kreiptis ir turto paveld\u0117tojai, ar tik tikrieji savininkai?<\/p>\n<p>&#8211; Gal\u0117jo, bet j\u0173 interesas visai kitoks. Viena yra kreiptis d\u0117l kompensacijos u\u017e nusavint\u0105 nam\u0105, kuriame u\u017eaugau ir gyvenau, kita &#8211; u\u017e nam\u0105, apie kur\u012f man tepasakojo t\u0117velis ar mamyt\u0117. Kai kurie \u017emon\u0117s d\u0117l to net nepra\u0161\u0117 kompensacij\u0173, nes reik\u0117jo pildyti daugyb\u0119 popieri\u0173, o turi ir taip kuo u\u017esiimti. O kompensacijos tik simboli\u0161kos.<\/p>\n<p>&#8211; Kokio dyd\u017eio?<\/p>\n<p>&#8211; 20 t\u016bkst. eur\u0173.<\/p>\n<p>&#8211; Tai kiek i\u0161 viso i\u0161 t\u0173 37 mln. eur\u0173 i\u0161 viso i\u0161dalinta kompensacijoms?<\/p>\n<p>&#8211; Taigi skai\u010diuokite. Jei kreip\u0117si t\u016bkstantis ir gavo po 20 t\u016bkst. eur\u0173, tai i\u0161 viso i\u0161mok\u0117ta apie 20 mln. eur\u0173?<\/p>\n<p>&#8211; Tai visi gavo vienodas sumas nepriklausomai nuo buvusio turto vert\u0117s?<\/p>\n<p>&#8211; Vienodas, nes paskai\u010diuoti turto vert\u0117s ne\u012fmanoma, nes daug jo net nei\u0161liko.<\/p>\n<p>&#8211; O likusieji 17 mln. eur\u0173 naudojami \u017eyd\u0173 bendruomen\u0117s reikm\u0117ms?<\/p>\n<p>&#8211; Ne tik \u017eyd\u0173 bendruomen\u0117s reikm\u0117ms. \u017dyd\u0173 bendruomen\u0117 i\u0161 \u0161it\u0173 pinig\u0173 tur\u0117jo nusipirkti pastat\u0105 sostin\u0117s Pylimo gatv\u0117je, nes valstyb\u0117 jo negr\u0105\u017eino. T\u0105 pastat\u0105 turime remontuoti, taisyti vis\u0105 \u0161ildymo sistem\u0105.<\/p>\n<p>Ta\u010diau kadangi tai brangu, nutar\u0117me statyti nauj\u0105 pastat\u0105, kuris b\u016bt\u0173 \u0161iltas, patogus, o turim\u0105 i\u0161nuomoti. \u017dyd\u0173 bendruomen\u0117 daug k\u0105 valstybei ir gr\u0105\u017eina. Visoje Lietuvoje vykstan\u010dios edukacijos, \u017eyd\u0173 kapini\u0173 tvarkymas, \u017eyd\u0173 \u017eudyni\u0173 viet\u0173 tvarkymas tur\u0117t\u0173 b\u016bti u\u017e valstyb\u0117s pinigus. Bet daug kas vyksta u\u017e m\u016bs\u0173 pinigus.<\/p>\n<p>&#8211; O kur i\u0161leisti tie 37 mln. eur\u0173, skirt\u0173 pagal 2011 m. priimt\u0105 \u012fstatym\u0105?<\/p>\n<p>&#8211; Tie pinigai buvo skirti bendruomen\u0117s reikm\u0117ms, nes Lietuvoje, kaip ir visame pasaulyje, palaikomos \u017eyd\u0173 bendruomen\u0117s. Ne visi pinigai buvo i\u0161naudoti, dalis pad\u0117ta \u012f bankus ateities kartoms, nes kiekvien\u0105 dien\u0105 pinig\u0173 mums, matyt, neduos.<\/p>\n<p>&#8211; I.\u0160imonyt\u0117 akcentavo, kad kompensacijos sumos yra galutin\u0117s, ateityje negali b\u016bti kei\u010diamos ir rei\u0161kiamos pretenzijos d\u0117l j\u0173. Tai nebekelsite nauj\u0173 reikalavim\u0173, nauj\u0173 kompensacij\u0173?<\/p>\n<p>&#8211; I\u0161 kur a\u0161 \u017einau? Asmeni\u0161kai a\u0161 nereikalausiu. O ko reikalaus kiti asmenys ar organizacijos, a\u0161 negaliu numatyti. Kartoju: simbolin\u0117 kompensacija bus \u012fvykdyta, valstyb\u0117 parod\u0117 savo ger\u0105 vali\u0105 ir patenkino nukent\u0117jusi\u0173j\u0173 nuo okupacini\u0173 re\u017eim\u0173 poreikius tiek, kiek gal\u0117jo. Kas bus toliau &#8211; ne\u017einau.<\/p>\n<p>&#8211; Jau seniai vyksta diskusijos, kam turi b\u016bti pritaikyti Vilniaus sporto r\u016bmai. Kaip galvojate j\u016bs, nes \u017eydai ten jau nori \u017eyd\u0173 memorialo?<\/p>\n<p>&#8211; Koks skirtumas, k\u0105 galvoju a\u0161, nes vis tiek niekas nevyksta. Pos\u0117d\u017eiavom, pos\u0117d\u017eiavom, nusprend\u0117me viena, bet kas bus toliau &#8211; ne\u017einau, nes man\u0119s niekas neinformavo.<\/p>\n<p>Ta\u010diau jei tai priklausyt\u0173 nuo man\u0119s, dal\u012f pastato skir\u010diau buvusioms \u017eyd\u0173 kapin\u0117ms \u012fam\u017einti, dal\u012f &#8211; pirmajam S\u0105j\u016bd\u017eio suva\u017eiavimui ir tiems \u017emon\u0117ms, kurie \u017euvo kovodami u\u017e Nepriklausomyb\u0119 ir buvo pa\u0161arvoti tenai. Bet k\u0105 nuspr\u0119s tie, kurie sprend\u017eia, \u017eino tik jie.<\/p>\n<p>&#8211; Ir dar vienas klausimas \u201ei\u0161 kitos operos&#8221;. Kaip vertinate Izraelio ir JAV veiksmus prie\u0161 Iran\u0105? Ar pritariate, kad kariniai sm\u016bgiai buvo b\u016btini?<\/p>\n<p>&#8211; A\u0161 tikrai nesu tas \u017emogus, kuris gal\u0117t\u0173 pritarti ar nepritarti, juolab kad ne\u017einau visos situacijos. \u017dinau tik i\u0161 toki\u0173 \u017eurnalist\u0173 kaip j\u016bs, \u017einau tik tai, kas paskelbta vie\u0161ai.<\/p>\n<p>Ta\u010diau jei prasid\u0117jo ka\u017ekokie JAV ir Izraelio veiksmai, rei\u0161kia, buvo reikalas. Kas gi be reikalo nori karo ir \u017emoni\u0173 \u017e\u016b\u010di\u0173? Matyt, kitos i\u0161eities nebuvo. Bet ne man\u0119s klausti reikia, nes a\u0161 su kariniais reikalais nieko bendro neturiu.<\/p>\n","protected":false},"excerpt":{"rendered":"\u00a0 Apie tai, ir ne tik &#8211; \u201eVakaro \u017eini\u0173&#8221; pokalbis su Lietuvos \u017eyd\u0173 bendruomen\u0117s pirmininke Faina Kukliansky. 2022&hellip;\n","protected":false},"author":2,"featured_media":127088,"comment_status":"","ping_status":"","sticky":false,"template":"","format":"standard","meta":{"footnotes":"","_share_on_mastodon":"0"},"categories":[13],"tags":[25,30,31,34,35,6067,24,79,553,223,5361,3567,32,33,37,39,36,38,40,23,22,28,29,12361,3683,18021,26,27,1453],"class_list":["post-127087","post","type-post","status-publish","format-standard","has-post-thumbnail","category-lietuva","tag-antrastes","tag-breaking-news","tag-breakingnews","tag-featured-news","tag-featurednews","tag-fondas","tag-headlines","tag-iranas","tag-izraelis","tag-jav","tag-kompensacijos","tag-kukliansky","tag-latest-news","tag-latestnews","tag-lietuva","tag-lietuviu","tag-lithuania","tag-lithuanian","tag-lt","tag-naujienos","tag-news","tag-populiariausios-naujienos","tag-populiariausiosnaujienos","tag-rumai","tag-simonyte","tag-sporto","tag-top-stories","tag-topstories","tag-zydai"],"share_on_mastodon":{"url":"https:\/\/pubeurope.com\/@lt\/116217383748725660","error":""},"_links":{"self":[{"href":"https:\/\/www.europesays.com\/lt\/wp-json\/wp\/v2\/posts\/127087","targetHints":{"allow":["GET"]}}],"collection":[{"href":"https:\/\/www.europesays.com\/lt\/wp-json\/wp\/v2\/posts"}],"about":[{"href":"https:\/\/www.europesays.com\/lt\/wp-json\/wp\/v2\/types\/post"}],"author":[{"embeddable":true,"href":"https:\/\/www.europesays.com\/lt\/wp-json\/wp\/v2\/users\/2"}],"replies":[{"embeddable":true,"href":"https:\/\/www.europesays.com\/lt\/wp-json\/wp\/v2\/comments?post=127087"}],"version-history":[{"count":0,"href":"https:\/\/www.europesays.com\/lt\/wp-json\/wp\/v2\/posts\/127087\/revisions"}],"wp:featuredmedia":[{"embeddable":true,"href":"https:\/\/www.europesays.com\/lt\/wp-json\/wp\/v2\/media\/127088"}],"wp:attachment":[{"href":"https:\/\/www.europesays.com\/lt\/wp-json\/wp\/v2\/media?parent=127087"}],"wp:term":[{"taxonomy":"category","embeddable":true,"href":"https:\/\/www.europesays.com\/lt\/wp-json\/wp\/v2\/categories?post=127087"},{"taxonomy":"post_tag","embeddable":true,"href":"https:\/\/www.europesays.com\/lt\/wp-json\/wp\/v2\/tags?post=127087"}],"curies":[{"name":"wp","href":"https:\/\/api.w.org\/{rel}","templated":true}]}}