{"id":127645,"date":"2026-03-13T10:04:08","date_gmt":"2026-03-13T10:04:08","guid":{"rendered":"https:\/\/www.europesays.com\/lt\/127645\/"},"modified":"2026-03-13T10:04:08","modified_gmt":"2026-03-13T10:04:08","slug":"simonas-bartkus-palieka-lietuvos-oro-uostu-vadovo-pareigas","status":"publish","type":"post","link":"https:\/\/www.europesays.com\/lt\/127645\/","title":{"rendered":"Simonas Bartkus palieka Lietuvos oro uost\u0173 vadovo pareigas"},"content":{"rendered":"<p>Tarptautinis konkursas LTOU generalinio direktoriaus pareigoms u\u017eimti skelbiamas po to, kai \u0161ali\u0173 susitarimu i\u0161 pareig\u0173 pasitraukia dabartinis vadovas Simonas Bartkus. <\/p>\n<p>Paskutin\u0117 S. Bartkaus darbo LTOU diena yra liepos 3 d. <\/p>\n<p>Per \u0161\u012f laikotarp\u012f tiek LTOU valdyba, tiek dabartinis generalinis direktorius S. Bartkus daugiausia d\u0117mesio skirs skland\u017eiam ir tvariam vadovo pareig\u0173 perdavimui naujai paskirtam generaliniam direktoriui.<\/p>\n<p>Socialiniame tinkle \u201eFacebook\u201c S. Bartkus taip pat prane\u0161\u0117 apie \u0161\u012f sprendim\u0105. <\/p>\n<p>\u201eAr buvo klaid\u0173? \u017dinoma. Ar visk\u0105 padariau taip, kaip nor\u0117jau? Ne. Ar dary\u010diau v\u0117l? Taip.<\/p>\n<p>Bendrov\u0117s valdyba ir a\u0161 matome, kad tolesniam LTOU raidos etapui reikia kito vadovo. O man reikia pasiruo\u0161ti pakilimui i\u0161 kito tako\u201c, \u2013 ra\u0161\u0117 jis. <\/p>\n<p>\u017diniasklaidai i\u0161platintame prane\u0161ime LTOU valdybos pirmininkas Gediminas Almantas d\u0117koja S. Bartkui ir teigia: \u201eValdybai sutelkus d\u0117mes\u012f \u012f kit\u0105 bendrov\u0117s strategijos \u012fgyvendinimo etap\u0105, skelbiamas tarptautinis konkursas LTOU generalinio direktoriaus pareigoms u\u017eimti. <\/p>\n<p>Vadovaudamiesi vizija Lietuvoje pl\u0117toti pasaulinio lygio oro uost\u0173 infrastrukt\u016br\u0105 ir keleivi\u0173 patirt\u012f, tikim\u0117s pritraukti stipri\u0173 kandidat\u0173, turin\u010di\u0173 tarptautin\u0117s patirties, kurie gal\u0117t\u0173 kelti kartel\u0119 t\u0119sdami Lietuvos oro uost\u0173 tinklo augim\u0105, u\u017etikrindami tvari\u0105 veikl\u0105, stiprindami \u0161alies susisiekim\u0105 ir \u012fgyvendindami planuojamus infrastrukt\u016bros pl\u0117tros projektus\u201c<\/p>\n<p>\u201eVadovavimas Lietuvos oro uostams man nepaprastai \u012fdomus veiklos etapas ir prasminga profesin\u0117 patirtis. Per trejus metus vadovaujant organizacijai keleivi\u0173 srautas i\u0161augo iki rekordinio lygio ir tapome did\u017eiausia rinka Baltijos \u0161alyse, \u012f Lietuv\u0105 \u012f\u017eeng\u0117 5 naujos aviakompanijos, Vilniaus ir Kauno oro uostuose atidaryti naujai pastatyti ir i\u0161pl\u0117sti keleivi\u0173 terminalai, o keleivi\u0173 pasitenkinimo rodiklis NPS pasiek\u0117 lyderiaujan\u010di\u0173 Europos oro uost\u0173 lyg\u012f. <\/p>\n<p>Esu d\u0117kingas visai organizacijos komandai ir partneriams u\u017e bendr\u0105 darb\u0105, pasitik\u0117jim\u0105 ir kartu pasiektus rezultatus. Tarptautinis konkursas naujam vadovui atrinkti yra svarbus \u017eingsnis organizacijai, leid\u017eiantis pritraukti stipriausius kandidatus ir u\u017etikrinti, kad Lietuvos oro uostai nuosekliai \u012fgyvendint\u0173 savo augimo ir pl\u0117tros planus, u\u017etikrinant skland\u0173 darb\u0173 perdavim\u0105 naujajam generaliniam direktoriui\u201c, \u2013 prane\u0161ime cituojamas S. Bartkus.<\/p>\n<p>Kaip ra\u0161oma prane\u0161ime, b\u016bsimam vadovui keliamas tarptautin\u0117s patirties kriterijus ir strateginiai tikslai \u2013 u\u017etikrinti nuosekl\u0173 bendrov\u0117s augim\u0105, stiprinti \u0161alies tarptautin\u012f pasiekiamum\u0105 ple\u010diant skryd\u017ei\u0173 kryptis ir partnerystes su avialinijomis, u\u017etikrinti tvari\u0105 oro uost\u0173 veikl\u0105, didinti keleivi\u0173 srautus bei pl\u0117toti moderni\u0105, efektyvi\u0105 ir tvari\u0105 oro uost\u0173 infrastrukt\u016br\u0105 \u012fgyvendinant itin ambicing\u0105 investicij\u0173 program\u0105. <\/p>\n<p>LTOU generalin\u012f direktori\u0173 skiria bendrov\u0117s valdyba.<\/p>\n<p>AB Lietuvos oro uostai valdo tris tarptautinius \u0161alies oro uostus Vilniuje, Kaune ir Palangoje. Bendrov\u0117 yra suk\u016brusi beveik 800 darbo viet\u0173.<\/p>\n","protected":false},"excerpt":{"rendered":"Tarptautinis konkursas LTOU generalinio direktoriaus pareigoms u\u017eimti skelbiamas po to, kai \u0161ali\u0173 susitarimu i\u0161 pareig\u0173 pasitraukia dabartinis vadovas&hellip;\n","protected":false},"author":2,"featured_media":127646,"comment_status":"","ping_status":"","sticky":false,"template":"","format":"standard","meta":{"footnotes":"","_share_on_mastodon":"0"},"categories":[13],"tags":[25,30,31,34,35,24,32,33,37,39,5796,36,38,40,23,22,28,29,12323,26,27],"class_list":["post-127645","post","type-post","status-publish","format-standard","has-post-thumbnail","category-lietuva","tag-antrastes","tag-breaking-news","tag-breakingnews","tag-featured-news","tag-featurednews","tag-headlines","tag-latest-news","tag-latestnews","tag-lietuva","tag-lietuviu","tag-lietuvos-oro-uostai","tag-lithuania","tag-lithuanian","tag-lt","tag-naujienos","tag-news","tag-populiariausios-naujienos","tag-populiariausiosnaujienos","tag-simonas-bartkus","tag-top-stories","tag-topstories"],"share_on_mastodon":{"url":"https:\/\/pubeurope.com\/@lt\/116221304052847883","error":""},"_links":{"self":[{"href":"https:\/\/www.europesays.com\/lt\/wp-json\/wp\/v2\/posts\/127645","targetHints":{"allow":["GET"]}}],"collection":[{"href":"https:\/\/www.europesays.com\/lt\/wp-json\/wp\/v2\/posts"}],"about":[{"href":"https:\/\/www.europesays.com\/lt\/wp-json\/wp\/v2\/types\/post"}],"author":[{"embeddable":true,"href":"https:\/\/www.europesays.com\/lt\/wp-json\/wp\/v2\/users\/2"}],"replies":[{"embeddable":true,"href":"https:\/\/www.europesays.com\/lt\/wp-json\/wp\/v2\/comments?post=127645"}],"version-history":[{"count":0,"href":"https:\/\/www.europesays.com\/lt\/wp-json\/wp\/v2\/posts\/127645\/revisions"}],"wp:featuredmedia":[{"embeddable":true,"href":"https:\/\/www.europesays.com\/lt\/wp-json\/wp\/v2\/media\/127646"}],"wp:attachment":[{"href":"https:\/\/www.europesays.com\/lt\/wp-json\/wp\/v2\/media?parent=127645"}],"wp:term":[{"taxonomy":"category","embeddable":true,"href":"https:\/\/www.europesays.com\/lt\/wp-json\/wp\/v2\/categories?post=127645"},{"taxonomy":"post_tag","embeddable":true,"href":"https:\/\/www.europesays.com\/lt\/wp-json\/wp\/v2\/tags?post=127645"}],"curies":[{"name":"wp","href":"https:\/\/api.w.org\/{rel}","templated":true}]}}