{"id":127765,"date":"2026-03-13T12:10:07","date_gmt":"2026-03-13T12:10:07","guid":{"rendered":"https:\/\/www.europesays.com\/lt\/127765\/"},"modified":"2026-03-13T12:10:07","modified_gmt":"2026-03-13T12:10:07","slug":"lietuvos-3x3-rinktine-patiese-pasaulio-cempione-ispanija","status":"publish","type":"post","link":"https:\/\/www.europesays.com\/lt\/127765\/","title":{"rendered":"Lietuvos 3&#215;3 rinktin\u0117 paties\u0117 pasaulio \u010dempion\u0119 Ispanij\u0105"},"content":{"rendered":"<p>Lietuviai pirmame ma\u010de 18:14 pranoko Ispanijos kvartet\u0105. <\/p>\n<p>Kovo 14 d. lietuvi\u0173 A grup\u0117je laukia akistata su serbais ir \u0161eiminink\u0173 Tailando ekipa. <\/p>\n<p>Turnyras vyksta kovo 13-15 dienomis. <\/p>\n<p>B grup\u0117je \u2013 JAV, Nyderland\u0173, Australijos ir Madagaskaro rinktin\u0117s. Po dvi geriausias komandas pateks \u012f var\u017eyb\u0173 pusfinal\u012f, tad turnyre laukia daugiausiai penki ma\u010dai.<\/p>\n<p>Rungtyni\u0173 transliacija: <\/p>\n<p>\u0160iame turnyre, kuris rengiamas tik antr\u0105syk istorijoje, tarpusavyje var\u017eosi pra\u0117jusi\u0173 met\u0173 geriausieji \u2013 \u017eemynini\u0173 \u010dempionat\u0173 bei pasaulio pirmenybi\u0173 nugal\u0117tojai, pernyk\u0161\u010diai \u010cempion\u0173 taur\u0117s laim\u0117tojai, pasaulinio reitingo lyderiai bei \u0161eimininkai.<\/p>\n<p>Kaip Europos \u010dempionai \u012f turnyr\u0105 pateko ir Lietuvos krep\u0161ininkai, vadovaujami <a rel=\"noopener nofollow\" target=\"_blank\" href=\"https:\/\/www.delfi.lt\/temos\/dainius-novickas\" data-rel-date-range=\"[]\">Dainiaus Novicko<\/a>. <\/p>\n<p>Pasirengimo stovykloje, kuri vyko VDU Prezidento Valdo Adamkaus sporto centre, d\u0117l vietos ketvertuke konkuravo a\u0161tuoni kandidatai: Ignas Vaitkus (K\u0117daini\u0173 \u201eNev\u0117\u017eis-Paskol\u0173 klubas\u201c), Marijus U\u017eupis, Aurelijus Pukelis (Marijampol\u0117s \u201eS\u016bduva-Mantinga\u201c), Gabrielius \u010celka, Titas Janu\u0161evi\u010dius, Kajus Leliukas (\u0160aki\u0173 \u201eVytis-VDU\u201c), Evaldas D\u017eiaugys ir \u0160ar\u016bnas Vingelis (Raudondvario \u201eHoptrans\u201c).<\/p>\n<p>Pergal\u0117 \u0161iame turnyre neb\u016bt\u0173 tik simbolin\u0117s vert\u0117s. \u010cempion\u0173 taur\u0117s laim\u0117tojai pirmieji u\u017esitikrins viet\u0105 viename i\u0161 olimpin\u0117s atrankos turnyr\u0173 2028-aisiais. <\/p>\n","protected":false},"excerpt":{"rendered":"Lietuviai pirmame ma\u010de 18:14 pranoko Ispanijos kvartet\u0105. Kovo 14 d. lietuvi\u0173 A grup\u0117je laukia akistata su serbais ir&hellip;\n","protected":false},"author":2,"featured_media":127766,"comment_status":"","ping_status":"","sticky":false,"template":"","format":"standard","meta":{"footnotes":"","_share_on_mastodon":"0"},"categories":[19],"tags":[23037,11855,23036,37,39,15320,36,38,40,11854,47,104],"class_list":["post-127765","post","type-post","status-publish","format-standard","has-post-thumbnail","category-sportas","tag-aurelijus-pukelis","tag-evaldas-dziaugys","tag-ignas-vaitkus","tag-lietuva","tag-lietuviu","tag-lietuvos-vyru-3x3-krepsinio-rinktine","tag-lithuania","tag-lithuanian","tag-lt","tag-marijus-uzupis","tag-sportas","tag-sports"],"share_on_mastodon":{"url":"https:\/\/pubeurope.com\/@lt\/116221799457544568","error":""},"_links":{"self":[{"href":"https:\/\/www.europesays.com\/lt\/wp-json\/wp\/v2\/posts\/127765","targetHints":{"allow":["GET"]}}],"collection":[{"href":"https:\/\/www.europesays.com\/lt\/wp-json\/wp\/v2\/posts"}],"about":[{"href":"https:\/\/www.europesays.com\/lt\/wp-json\/wp\/v2\/types\/post"}],"author":[{"embeddable":true,"href":"https:\/\/www.europesays.com\/lt\/wp-json\/wp\/v2\/users\/2"}],"replies":[{"embeddable":true,"href":"https:\/\/www.europesays.com\/lt\/wp-json\/wp\/v2\/comments?post=127765"}],"version-history":[{"count":0,"href":"https:\/\/www.europesays.com\/lt\/wp-json\/wp\/v2\/posts\/127765\/revisions"}],"wp:featuredmedia":[{"embeddable":true,"href":"https:\/\/www.europesays.com\/lt\/wp-json\/wp\/v2\/media\/127766"}],"wp:attachment":[{"href":"https:\/\/www.europesays.com\/lt\/wp-json\/wp\/v2\/media?parent=127765"}],"wp:term":[{"taxonomy":"category","embeddable":true,"href":"https:\/\/www.europesays.com\/lt\/wp-json\/wp\/v2\/categories?post=127765"},{"taxonomy":"post_tag","embeddable":true,"href":"https:\/\/www.europesays.com\/lt\/wp-json\/wp\/v2\/tags?post=127765"}],"curies":[{"name":"wp","href":"https:\/\/api.w.org\/{rel}","templated":true}]}}