{"id":127896,"date":"2026-03-13T15:13:15","date_gmt":"2026-03-13T15:13:15","guid":{"rendered":"https:\/\/www.europesays.com\/lt\/127896\/"},"modified":"2026-03-13T15:13:15","modified_gmt":"2026-03-13T15:13:15","slug":"energetikos-transformacija-lenkijoje-statys-naujas-elektrines-uz-6-mlrd-zlotu","status":"publish","type":"post","link":"https:\/\/www.europesays.com\/lt\/127896\/","title":{"rendered":"Energetikos transformacija Lenkijoje: statys naujas elektrines u\u017e 6 mlrd. zlot\u0173"},"content":{"rendered":"<p>Lenkijos valstybin\u0117 energetikos bendrov\u0117 \u201ePGE\u201c u\u017ebaig\u0117 susitarimus su Vokietijos \u201eSiemens Energy\u201c ir Lenkijos statyb\u0173 \u012fmon\u0117s \u201ePolimex Mostostal\u201c konsorciumu d\u0117l dviej\u0173 dideli\u0173 atviro ciklo dujini\u0173 turbin\u0173 elektrini\u0173 statybos Rybnike ir Gryfine. Bendrov\u0117 prane\u0161\u0117, kad sandori\u0173 vert\u0117 siekia apie 6 mlrd. zlot\u0173, arba 1,6 mlrd. eur\u0173. \u012e \u0161i\u0105 sum\u0105 taip pat \u012ftrauktas 12 met\u0173 trukm\u0117s aptarnavimo susitarimas.<\/p>\n<p>Kiekvienos elektrin\u0117s galia sieks ma\u017edaug po 600 megavat\u0173. \u0160ie \u012frenginiai projektuojami kaip pikin\u0117s apkrovos elektrin\u0117s, kurios pad\u0117s subalansuoti nacionalin\u012f elektros tinkl\u0105 Lenkijai \u012f savo energetikos sistem\u0105 integruojant vis daugiau nepastovi\u0173 atsinaujinan\u010di\u0173 energijos i\u0161tekli\u0173.<\/p>\n<p>Nauji atviro ciklo dujini\u0173 turbin\u0173 blokai bus statomi \u0161alia jau veikian\u010di\u0173 arba \u0161iuo metu statom\u0173 dujini\u0173 elektrini\u0173 Gryfine ir Rybnike. \u201ePGE\u201c teigimu, \u0161ie nauji \u012frenginiai i\u0161mes beveik 50 proc. ma\u017eiau ter\u0161al\u0173 nei senesni 200\u2013300 megavat\u0173 galios anglimi k\u016brenami blokai, kuriuos jie tur\u0117t\u0173 pakeisti.<\/p>\n<p>Pagal projekto grafik\u0105 projektavimo darbai pradedami \u0161\u012f m\u0117nes\u012f, o statybas numatoma prad\u0117ti 2027 met\u0173 viduryje. Abi elektrin\u0117s 2025 met\u0173 pabaigoje u\u017esitikrino 15 met\u0173 trukm\u0117s paj\u0117gum\u0173 rinkos sutartis, o komercin\u0119 veikl\u0105 tur\u0117t\u0173 prad\u0117ti iki 2030 met\u0173. Ilgainiui \u201ePGE\u201c grup\u0117 planuoja i\u0161vystyti beveik 10 gigavat\u0173 bendros galios dujinius paj\u0117gumus.<\/p>\n<p>\u201eMatome nepaprastai ambicing\u0105 investicij\u0173 program\u0105 Lenkijos energetikos sektoriuje \u2013 did\u017eiausi\u0105 m\u016bs\u0173 istorijoje\u201c, \u2013 teig\u0117 valstyb\u0117s turto ministras Wojciechas Balczunas.<\/p>\n<p>\u201eInvesticij\u0173 \u012f branduolin\u0119 energetik\u0105, j\u016brinio v\u0117jo parkus, dujines elektrines, energijos kaupimo sistemas ir skirstomuosius tinklus vert\u0117 jau skai\u010diuojama trilijonais zlot\u0173\u201c, \u2013 sak\u0117 Wojciechas Balczunas.\n                    <\/p>\n<p>\u201ePasira\u0161yti susitarimai d\u0117l dviej\u0173 nauj\u0173 dujini\u0173 blok\u0173 Rybnike ir Gryfine yra teisingos energetikos transformacijos pavyzdys, kai atsi\u017evelgiama \u012f \u017emog\u0173 ir atkuriamas \u0161i\u0173 region\u0173 energetinis potencialas. Tai taip pat yra itin svarbi nacionalinio energetinio saugumo stiprinimo dalis. D\u017eiaugiuosi, kad \u0161iuose projektuose taip stipriai atstovaujamas vietos ind\u0117lis \u2013 100 proc. statybos ir montavimo darb\u0173 abiejose elektrin\u0117se atliks Lenkijos \u012fmon\u0117s\u201c, \u2013 teig\u0117 Wojciechas Balczunas.\n<\/p>\n<p>\n\t\t\t\tKaip vertinate \u0161\u012f \u012fra\u0161\u0105?\n\t\t\t<\/p>\n","protected":false},"excerpt":{"rendered":"Lenkijos valstybin\u0117 energetikos bendrov\u0117 \u201ePGE\u201c u\u017ebaig\u0117 susitarimus su Vokietijos \u201eSiemens Energy\u201c ir Lenkijos statyb\u0173 \u012fmon\u0117s \u201ePolimex Mostostal\u201c konsorciumu&hellip;\n","protected":false},"author":2,"featured_media":127897,"comment_status":"","ping_status":"","sticky":false,"template":"","format":"standard","meta":{"footnotes":"","_share_on_mastodon":"0"},"categories":[17],"tags":[81,1610,140,37,39,36,38,40,23065,46,320],"class_list":["post-127896","post","type-post","status-publish","format-standard","has-post-thumbnail","category-verslas","tag-business","tag-elektrine","tag-lenkija","tag-lietuva","tag-lietuviu","tag-lithuania","tag-lithuanian","tag-lt","tag-pge","tag-verslas","tag-vokietija"],"share_on_mastodon":{"url":"https:\/\/pubeurope.com\/@lt\/116222519062268097","error":""},"_links":{"self":[{"href":"https:\/\/www.europesays.com\/lt\/wp-json\/wp\/v2\/posts\/127896","targetHints":{"allow":["GET"]}}],"collection":[{"href":"https:\/\/www.europesays.com\/lt\/wp-json\/wp\/v2\/posts"}],"about":[{"href":"https:\/\/www.europesays.com\/lt\/wp-json\/wp\/v2\/types\/post"}],"author":[{"embeddable":true,"href":"https:\/\/www.europesays.com\/lt\/wp-json\/wp\/v2\/users\/2"}],"replies":[{"embeddable":true,"href":"https:\/\/www.europesays.com\/lt\/wp-json\/wp\/v2\/comments?post=127896"}],"version-history":[{"count":0,"href":"https:\/\/www.europesays.com\/lt\/wp-json\/wp\/v2\/posts\/127896\/revisions"}],"wp:featuredmedia":[{"embeddable":true,"href":"https:\/\/www.europesays.com\/lt\/wp-json\/wp\/v2\/media\/127897"}],"wp:attachment":[{"href":"https:\/\/www.europesays.com\/lt\/wp-json\/wp\/v2\/media?parent=127896"}],"wp:term":[{"taxonomy":"category","embeddable":true,"href":"https:\/\/www.europesays.com\/lt\/wp-json\/wp\/v2\/categories?post=127896"},{"taxonomy":"post_tag","embeddable":true,"href":"https:\/\/www.europesays.com\/lt\/wp-json\/wp\/v2\/tags?post=127896"}],"curies":[{"name":"wp","href":"https:\/\/api.w.org\/{rel}","templated":true}]}}