{"id":128113,"date":"2026-03-13T19:56:11","date_gmt":"2026-03-13T19:56:11","guid":{"rendered":"https:\/\/www.europesays.com\/lt\/128113\/"},"modified":"2026-03-13T19:56:11","modified_gmt":"2026-03-13T19:56:11","slug":"is-didziosios-britanijos-i-niujorka-zuikiu-atkeliavo-lape","status":"publish","type":"post","link":"https:\/\/www.europesays.com\/lt\/128113\/","title":{"rendered":"I\u0161 Did\u017eiosios Britanijos \u012f Niujork\u0105 \u201ezuikiu\u201c atkeliavo lap\u0117"},"content":{"rendered":"<p>Bronkso zoologijos sodas tre\u010diadien\u012f vakare prane\u0161\u0117, kad gyv\u016bnas, kurio am\u017eius, zoologijos sodo darbuotoj\u0173 nuomone, yra apie dveji metai, ka\u017ekokiu b\u016bdu sugeb\u0117jo patekti \u012f laiv\u0105 Anglijos Sautemptono mieste, o aptiktas buvo, kai atvyko \u012f Niujorko ir Niu D\u017eersio uost\u0105.<\/p>\n<p>Kai veterinarai patvirtins, kad ma\u017edaug penki\u0173 kilogram\u0173 svorio patinas yra sveikas, zoologijos sodo darbuotojai sak\u0117, kad ie\u0161kos \u0161iam gyv\u016bnui ilgalaiki\u0173 nam\u0173, pridurdami, kad netik\u0117tas keleivis jau\u010diasi gerai.<\/p>\n<p>\u201eBronkso zoologijos sodas nuolat bendradarbiauja su pareig\u016bnais, siekdamas pad\u0117ti i\u0161gelb\u0117ti laukinius gyv\u016bnus, kurie nelegaliai gabenami per netoliese esan\u010dius j\u016br\u0173 ir oro uostus\u201c, \u2013 teig\u0117 zoologijos sodas.<\/p>\n<p>Rudosios <a rel=\"noopener nofollow\" target=\"_blank\" href=\"https:\/\/www.delfi.lt\/temos\/lape\" tag-id=\"39816459\">lap\u0117s<\/a> yra vienos i\u0161 labiausiai paplitusi\u0173 m\u0117s\u0117d\u017ei\u0173 \u017einduoli\u0173 pasaulyje, j\u0173 galima rasti Europoje, Azijoje, \u0160iaur\u0117s Amerikoje ir kai kuriose Afrikos srityse.<\/p>\n<p>Moksliniais tyrimais nustatyta, kad Did\u017eiosios Britanijos miestuose gyvena de\u0161imtys t\u016bkstan\u010di\u0173 lapi\u0173, o Britanija yra viena i\u0161 \u0161ali\u0173, turin\u010di\u0173 tankiausi\u0105 lapi\u0173 populiacij\u0105 pasaulyje.<\/p>\n<p>Urbanistinio kra\u0161tovaizd\u017eio dalimi jos tapo dar pra\u0117jusio am\u017eiaus ketvirt\u0105j\u012f de\u0161imtmet\u012f, kai, miestams spar\u010diai ple\u010diantis, \u0117m\u0117 ma\u017e\u0117ti kaim\u0173 teritorij\u0173, kuriose ir yra nat\u016bralus \u0161i\u0173 gyv\u016bn\u0173 arealas.<\/p>\n","protected":false},"excerpt":{"rendered":"Bronkso zoologijos sodas tre\u010diadien\u012f vakare prane\u0161\u0117, kad gyv\u016bnas, kurio am\u017eius, zoologijos sodo darbuotoj\u0173 nuomone, yra apie dveji metai,&hellip;\n","protected":false},"author":2,"featured_media":128114,"comment_status":"","ping_status":"","sticky":false,"template":"","format":"standard","meta":{"footnotes":"","_share_on_mastodon":"0"},"categories":[15],"tags":[25,30,31,34,35,24,13057,32,33,37,39,36,38,40,23,22,44,28,29,26,27,74,75,76],"class_list":["post-128113","post","type-post","status-publish","format-standard","has-post-thumbnail","category-pasaulis","tag-antrastes","tag-breaking-news","tag-breakingnews","tag-featured-news","tag-featurednews","tag-headlines","tag-lape","tag-latest-news","tag-latestnews","tag-lietuva","tag-lietuviu","tag-lithuania","tag-lithuanian","tag-lt","tag-naujienos","tag-news","tag-pasaulis","tag-populiariausios-naujienos","tag-populiariausiosnaujienos","tag-top-stories","tag-topstories","tag-world","tag-world-news","tag-worldnews"],"share_on_mastodon":{"url":"https:\/\/pubeurope.com\/@lt\/116223631877791561","error":""},"_links":{"self":[{"href":"https:\/\/www.europesays.com\/lt\/wp-json\/wp\/v2\/posts\/128113","targetHints":{"allow":["GET"]}}],"collection":[{"href":"https:\/\/www.europesays.com\/lt\/wp-json\/wp\/v2\/posts"}],"about":[{"href":"https:\/\/www.europesays.com\/lt\/wp-json\/wp\/v2\/types\/post"}],"author":[{"embeddable":true,"href":"https:\/\/www.europesays.com\/lt\/wp-json\/wp\/v2\/users\/2"}],"replies":[{"embeddable":true,"href":"https:\/\/www.europesays.com\/lt\/wp-json\/wp\/v2\/comments?post=128113"}],"version-history":[{"count":0,"href":"https:\/\/www.europesays.com\/lt\/wp-json\/wp\/v2\/posts\/128113\/revisions"}],"wp:featuredmedia":[{"embeddable":true,"href":"https:\/\/www.europesays.com\/lt\/wp-json\/wp\/v2\/media\/128114"}],"wp:attachment":[{"href":"https:\/\/www.europesays.com\/lt\/wp-json\/wp\/v2\/media?parent=128113"}],"wp:term":[{"taxonomy":"category","embeddable":true,"href":"https:\/\/www.europesays.com\/lt\/wp-json\/wp\/v2\/categories?post=128113"},{"taxonomy":"post_tag","embeddable":true,"href":"https:\/\/www.europesays.com\/lt\/wp-json\/wp\/v2\/tags?post=128113"}],"curies":[{"name":"wp","href":"https:\/\/api.w.org\/{rel}","templated":true}]}}