{"id":128410,"date":"2026-03-14T08:10:36","date_gmt":"2026-03-14T08:10:36","guid":{"rendered":"https:\/\/www.europesays.com\/lt\/128410\/"},"modified":"2026-03-14T08:10:36","modified_gmt":"2026-03-14T08:10:36","slug":"jav-kariuomene-patvirtino-seseriu-irake-nukritusio-lektuvo-igulos-nariu-zuti-respublika-lt","status":"publish","type":"post","link":"https:\/\/www.europesays.com\/lt\/128410\/","title":{"rendered":"JAV kariuomen\u0117 patvirtino \u0161e\u0161eri\u0173 Irake nukritusio l\u0117ktuvo \u012fgulos nari\u0173 \u017e\u016bt\u012f &#8211; Respublika.lt"},"content":{"rendered":"<p><img loading=\"lazy\" decoding=\"async\" src=\"https:\/\/www.respublika.lt\/lt\/naujienos\/pasaulis\/kitos_pasaulio_naujienos\/jav-kariuomene-patvirtino-keturiu-irake-nukritusio-lektuvo-igulos-nariu-zuti\/images\/ico_camera_white.gif\" class=\"camera\" width=\"22\" height=\"15\" alt=\"nuotr.\" style=\"position:relative; top:-2px; right:2px;\"\/> 1 nuotr.<\/p>\n<p>Vakar\u0173 Irake sudu\u017eus amerikie\u010di\u0173 degal\u0173 papildymo ore l\u0117ktuvui \u201eKC-135\u201c, keturi JAV \u012fgulos nariai \u017euvo. Atvir\u0173 \u0161altini\u0173 nuotrauka<\/p>\n<p style=\"text-align: left;\">Vakar\u0173 Irake sudu\u017eus amerikie\u010di\u0173 degal\u0173 papildymo ore l\u0117ktuvui \u201eKC-135\u201c, \u0161e\u0161i JAV \u012fgulos nariai \u017euvo, penktadien\u012f prane\u0161\u0117 JAV kariuomen\u0117, pridurdama, kad incidentas nebuvo sukeltas \u201eprie\u0161o ugnies\u201c.<\/p>\n<p style=\"text-align: justify;\" class=\"desktop_banner\">\u00a0<\/p>\n<p style=\"text-align: left;\">\u00a0<\/p>\n<p style=\"text-align: left;\">\u201eKeturi i\u0161 \u0161e\u0161i\u0173 l\u0117ktuve buvusi\u0173 \u012fgulos nari\u0173 patvirtinti mirusiais, gelb\u0117jimo operacijos t\u0119siasi\u201c, \u2013 platformoje \u201eX\u201c prane\u0161\u0117 u\u017e amerikie\u010di\u0173 paj\u0117gas Artimuosiuose Rytuose atsakinga JAV Centrin\u0117 vadaviet\u0117 (CENTCOM).<\/p>\n<p style=\"text-align: left;\">Ji prid\u016br\u0117, kad ketvirtadienio avarijos aplinkyb\u0117s tiriamos.<\/p>\n<p style=\"text-align: left;\">\u201eTa\u010diau l\u0117ktuvo praradimas nebuvo susij\u0119s su prie\u0161o ar draugi\u0161ka ugnimi\u201c, \u2013 priduriama CENTCOM prane\u0161ime.<\/p>\n<p style=\"text-align: left;\">Kaip ra\u0161\u0117 ELTA, JAV karin\u0117s paj\u0117gos ketvirtadien\u012f prane\u0161\u0117, kad vakar\u0173 Irake sudu\u017eo amerikie\u010di\u0173 degal\u0173 papildymo ore l\u0117ktuvas \u201eKC-135\u201c, tuo metu kitas \u012f \u0161\u012f incident\u0105 patek\u0119s l\u0117ktuvas s\u0117kmingai nusileido.<\/p>\n<p style=\"text-align: left;\">Ta\u010diau Irano kariuomen\u0117 valstybin\u0117s televizijos transliuotame parei\u0161kime teig\u0117, kad l\u0117ktuv\u0105 raketomis numu\u0161\u0117 jos s\u0105junginink\u0173 grupuot\u0117 Irake, o visi jo \u012fgulos nariai \u017euvo.<\/p>\n<p style=\"text-align: left;\">\u201eKC-135\u201c yra ne ma\u017eiau nei ketvirtas karinis orlaivis, kur\u012f Jungtin\u0117s Valstijos prarado per kar\u0105 Artimuosiuose Rytuose \u2013 dar tris naikintuvus \u201eF-15\u201c vir\u0161 Kuveito numu\u0161\u0117 JAV s\u0105junginink\u0173 paj\u0117gos.<\/p>\n<p style=\"text-align: left;\">Jau daugiau nei 60 met\u0173 eksploatuojam\u0173 orlaivi\u0173 \u201eKC-135\u201c \u012fgul\u0105 paprastai sudaro trys \u017emon\u0117s \u2013 pilotas, antrasis pilotas ir dar vienas \u012fgulos narys, kuris valdo kuro papildymo kitam orlaiviui \u012frang\u0105, ta\u010diau kai kurioms \u0161i\u0173 orlaivi\u0173 misijoms reikalingas navigatorius, be to, orlaivis gali ve\u017eti iki 37 keleivi\u0173, nurodoma Karini\u0173 oro paj\u0117g\u0173 informaciniame lape.<\/p>\n<p style=\"text-align: left;\">Netrukus po to, kai vasario 28 d. prasid\u0117jo \u0161is karas, Kuveito paj\u0117gos per klaid\u0105 numu\u0161\u0117 tris amerikie\u010di\u0173 naikintuvus \u201eF-15E\u201c, ta\u010diau, CENTCOM duomenimis, visi \u0161e\u0161i \u012fgul\u0173 nariai sp\u0117jo katapultuotis.<\/p>\n<p style=\"text-align: left;\">\u0160is incidentas \u012fvyko per m\u016b\u0161\u012f, kuriame dalyvavo \u201eIrano l\u0117ktuvai, balistin\u0117s raketos ir dronai\u201c, tuomet teig\u0117 kariuomen\u0117s vadovyb\u0117.<\/p>\n","protected":false},"excerpt":{"rendered":"1 nuotr. Vakar\u0173 Irake sudu\u017eus amerikie\u010di\u0173 degal\u0173 papildymo ore l\u0117ktuvui \u201eKC-135\u201c, keturi JAV \u012fgulos nariai \u017euvo. Atvir\u0173 \u0161altini\u0173&hellip;\n","protected":false},"author":2,"featured_media":128411,"comment_status":"","ping_status":"","sticky":false,"template":"","format":"standard","meta":{"footnotes":"","_share_on_mastodon":"0"},"categories":[15],"tags":[25,30,31,4404,34,35,24,79,553,223,815,23125,32,33,1144,37,39,36,38,40,23,22,23124,23123,44,28,29,26,27,74,75,76,4341],"class_list":["post-128410","post","type-post","status-publish","format-standard","has-post-thumbnail","category-pasaulis","tag-antrastes","tag-breaking-news","tag-breakingnews","tag-degalu","tag-featured-news","tag-featurednews","tag-headlines","tag-iranas","tag-izraelis","tag-jav","tag-karas","tag-kc-135","tag-latest-news","tag-latestnews","tag-lektuvas","tag-lietuva","tag-lietuviu","tag-lithuania","tag-lithuanian","tag-lt","tag-naujienos","tag-news","tag-ore","tag-papildymo","tag-pasaulis","tag-populiariausios-naujienos","tag-populiariausiosnaujienos","tag-top-stories","tag-topstories","tag-world","tag-world-news","tag-worldnews","tag-zutys"],"share_on_mastodon":{"url":"https:\/\/pubeurope.com\/@lt\/116226518167553319","error":""},"_links":{"self":[{"href":"https:\/\/www.europesays.com\/lt\/wp-json\/wp\/v2\/posts\/128410","targetHints":{"allow":["GET"]}}],"collection":[{"href":"https:\/\/www.europesays.com\/lt\/wp-json\/wp\/v2\/posts"}],"about":[{"href":"https:\/\/www.europesays.com\/lt\/wp-json\/wp\/v2\/types\/post"}],"author":[{"embeddable":true,"href":"https:\/\/www.europesays.com\/lt\/wp-json\/wp\/v2\/users\/2"}],"replies":[{"embeddable":true,"href":"https:\/\/www.europesays.com\/lt\/wp-json\/wp\/v2\/comments?post=128410"}],"version-history":[{"count":0,"href":"https:\/\/www.europesays.com\/lt\/wp-json\/wp\/v2\/posts\/128410\/revisions"}],"wp:featuredmedia":[{"embeddable":true,"href":"https:\/\/www.europesays.com\/lt\/wp-json\/wp\/v2\/media\/128411"}],"wp:attachment":[{"href":"https:\/\/www.europesays.com\/lt\/wp-json\/wp\/v2\/media?parent=128410"}],"wp:term":[{"taxonomy":"category","embeddable":true,"href":"https:\/\/www.europesays.com\/lt\/wp-json\/wp\/v2\/categories?post=128410"},{"taxonomy":"post_tag","embeddable":true,"href":"https:\/\/www.europesays.com\/lt\/wp-json\/wp\/v2\/tags?post=128410"}],"curies":[{"name":"wp","href":"https:\/\/api.w.org\/{rel}","templated":true}]}}