{"id":128509,"date":"2026-03-14T09:43:07","date_gmt":"2026-03-14T09:43:07","guid":{"rendered":"https:\/\/www.europesays.com\/lt\/128509\/"},"modified":"2026-03-14T09:43:07","modified_gmt":"2026-03-14T09:43:07","slug":"lietuvos-3x3-rinktine-tailande-po-dramatiskos-kovos-nusileido-serbams","status":"publish","type":"post","link":"https:\/\/www.europesays.com\/lt\/128509\/","title":{"rendered":"Lietuvos 3&#215;3 rinktin\u0117 Tailande po dramati\u0161kos kovos nusileido serbams"},"content":{"rendered":"<p>Nuo taiklaus tolimo metimo dvikov\u0105 prad\u0117j\u0119 lietuviai v\u0117liau prad\u0117jo strigti, o serbai po trij\u0173 taikli\u0173 tolim\u0173 metim\u0173 i\u0161siver\u017e\u0117 \u012f priek\u012f 11:4. <\/p>\n<p>Lietuviai demonstravo kovingum\u0105 ir nepaisant netaikli\u0173 baud\u0173 metim\u0173 serijos sugeb\u0117jo beveik pavyti var\u017eovus (13:15). Vis d\u0117lto pabaigoje s\u0117km\u0117s pritr\u016bk\u0119 Dainiaus Novicko aukl\u0117tiniai tur\u0117jo pripa\u017einti var\u017eov\u0173 prana\u0161um\u0105 18:20.<\/p>\n<p>Lietuviai pataik\u0117 vos 1 baudos metim\u0105 i\u0161 6.<\/p>\n<p>Lietuvos rinktinei Marijus U\u017eupis peln\u0117 7 ta\u0161kus, Evaldas D\u017eiaugys \u2013 6, Aurelijus Pukelis \u2013 5, Ignas Vaitkus \u2013 0. Serbams 7 ta\u0161kus peln\u0117 Filipas Kalud\u017eerovi\u010dius. <\/p>\n<p>\u0160e\u0161tadien\u012f lietuvi\u0173 A grup\u0117je dar laukia akistata ir \u0161eiminink\u0173 Tailando ekipa (14.30 val.). <\/p>\n<p>Lietuviai pirmame ma\u010de pentkaiden\u012f 18:14 pranoko Ispanijos kvartet\u0105. <\/p>\n<p>Turnyras vyksta kovo 13-15 dienomis. <\/p>\n<p>B grup\u0117je \u2013 JAV, Nyderland\u0173, Australijos ir Madagaskaro rinktin\u0117s. Po dvi geriausias komandas pateks \u012f var\u017eyb\u0173 pusfinal\u012f, tad turnyre laukia daugiausiai penki ma\u010dai.<\/p>\n<p>\u0160iame turnyre, kuris rengiamas tik antr\u0105syk istorijoje, tarpusavyje var\u017eosi pra\u0117jusi\u0173 met\u0173 geriausieji \u2013 \u017eemynini\u0173 \u010dempionat\u0173 bei pasaulio pirmenybi\u0173 nugal\u0117tojai, pernyk\u0161\u010diai \u010cempion\u0173 taur\u0117s laim\u0117tojai, pasaulinio reitingo lyderiai bei \u0161eimininkai.<\/p>\n<p>Kaip Europos \u010dempionai \u012f turnyr\u0105 pateko ir Lietuvos krep\u0161ininkai, vadovaujami <a rel=\"noopener nofollow\" target=\"_blank\" href=\"https:\/\/www.delfi.lt\/temos\/dainius-novickas\" data-rel-date-range=\"[]\">Dainiaus Novicko<\/a>. <\/p>\n<p>Pasirengimo stovykloje, kuri vyko VDU Prezidento Valdo Adamkaus sporto centre, d\u0117l vietos ketvertuke konkuravo a\u0161tuoni kandidatai: Ignas Vaitkus (K\u0117daini\u0173 \u201eNev\u0117\u017eis-Paskol\u0173 klubas\u201c), <a rel=\"noopener nofollow\" target=\"_blank\" href=\"https:\/\/www.delfi.lt\/temos\/marijus-uzupis\" tag-id=\"82571503\">Marijus U\u017eupis<\/a>, <a rel=\"noopener nofollow\" target=\"_blank\" href=\"https:\/\/www.delfi.lt\/temos\/aurelijus-pukelis\" tag-id=\"82571501\">Aurelijus Pukelis<\/a> (Marijampol\u0117s \u201eS\u016bduva-Mantinga\u201c), Gabrielius \u010celka, Titas Janu\u0161evi\u010dius, Kajus Leliukas (\u0160aki\u0173 \u201eVytis-VDU\u201c), <a rel=\"noopener nofollow\" target=\"_blank\" href=\"https:\/\/www.delfi.lt\/temos\/evaldas-dziaugys\" tag-id=\"93533111\">Evaldas D\u017eiaugys<\/a> ir <a rel=\"noopener nofollow\" target=\"_blank\" href=\"https:\/\/www.delfi.lt\/temos\/sarunas-vingelis\" tag-id=\"82571505\">\u0160ar\u016bnas Vingelis<\/a> (Raudondvario \u201eHoptrans\u201c).<\/p>\n<p>Pergal\u0117 \u0161iame turnyre neb\u016bt\u0173 tik simbolin\u0117s vert\u0117s. \u010cempion\u0173 taur\u0117s laim\u0117tojai pirmieji u\u017esitikrins viet\u0105 viename i\u0161 olimpin\u0117s atrankos turnyr\u0173 2028-aisiais. <\/p>\n","protected":false},"excerpt":{"rendered":"Nuo taiklaus tolimo metimo dvikov\u0105 prad\u0117j\u0119 lietuviai v\u0117liau prad\u0117jo strigti, o serbai po trij\u0173 taikli\u0173 tolim\u0173 metim\u0173 i\u0161siver\u017e\u0117&hellip;\n","protected":false},"author":2,"featured_media":128510,"comment_status":"","ping_status":"","sticky":false,"template":"","format":"standard","meta":{"footnotes":"","_share_on_mastodon":"0"},"categories":[19],"tags":[23037,11855,37,39,36,38,40,11854,13868,47,104],"class_list":["post-128509","post","type-post","status-publish","format-standard","has-post-thumbnail","category-sportas","tag-aurelijus-pukelis","tag-evaldas-dziaugys","tag-lietuva","tag-lietuviu","tag-lithuania","tag-lithuanian","tag-lt","tag-marijus-uzupis","tag-sarunas-vingelis","tag-sportas","tag-sports"],"share_on_mastodon":{"url":"https:\/\/pubeurope.com\/@lt\/116226883735286500","error":""},"_links":{"self":[{"href":"https:\/\/www.europesays.com\/lt\/wp-json\/wp\/v2\/posts\/128509","targetHints":{"allow":["GET"]}}],"collection":[{"href":"https:\/\/www.europesays.com\/lt\/wp-json\/wp\/v2\/posts"}],"about":[{"href":"https:\/\/www.europesays.com\/lt\/wp-json\/wp\/v2\/types\/post"}],"author":[{"embeddable":true,"href":"https:\/\/www.europesays.com\/lt\/wp-json\/wp\/v2\/users\/2"}],"replies":[{"embeddable":true,"href":"https:\/\/www.europesays.com\/lt\/wp-json\/wp\/v2\/comments?post=128509"}],"version-history":[{"count":0,"href":"https:\/\/www.europesays.com\/lt\/wp-json\/wp\/v2\/posts\/128509\/revisions"}],"wp:featuredmedia":[{"embeddable":true,"href":"https:\/\/www.europesays.com\/lt\/wp-json\/wp\/v2\/media\/128510"}],"wp:attachment":[{"href":"https:\/\/www.europesays.com\/lt\/wp-json\/wp\/v2\/media?parent=128509"}],"wp:term":[{"taxonomy":"category","embeddable":true,"href":"https:\/\/www.europesays.com\/lt\/wp-json\/wp\/v2\/categories?post=128509"},{"taxonomy":"post_tag","embeddable":true,"href":"https:\/\/www.europesays.com\/lt\/wp-json\/wp\/v2\/tags?post=128509"}],"curies":[{"name":"wp","href":"https:\/\/api.w.org\/{rel}","templated":true}]}}