{"id":128551,"date":"2026-03-14T10:57:11","date_gmt":"2026-03-14T10:57:11","guid":{"rendered":"https:\/\/www.europesays.com\/lt\/128551\/"},"modified":"2026-03-14T10:57:11","modified_gmt":"2026-03-14T10:57:11","slug":"baltijos-tyrimai-ivardinti-patikimiausi-visuomenes-atstovai-partiju-palaikymas-nepakito-respublika-lt","status":"publish","type":"post","link":"https:\/\/www.europesays.com\/lt\/128551\/","title":{"rendered":"\u201eBaltijos tyrimai\u201c: \u012fvardinti patikimiausi visuomen\u0117s atstovai, partij\u0173 palaikymas nepakito &#8211; Respublika.lt"},"content":{"rendered":"<p style=\"text-align: justify;\" class=\"desktop_banner\">\u00a0<\/p>\n<p style=\"text-align: left;\">\u00a0<\/p>\n<p style=\"text-align: left;\">Palankiausiai vertinamas \u2013 V. Adamkus<\/p>\n<p style=\"text-align: left;\">2026 met\u0173 vasario 19 \u2013 kovo 2 dienomis vykusi apklausa parod\u0117, kad 18 met\u0173 ir vyresni Lietuvos gyventojai palankiausiai vertina kadencij\u0105 baigusius prezidentus Vald\u0105 Adamk\u0173 (76 proc.) ir Dali\u0105 Grybauskait\u0119 (57 proc.).<\/p>\n<p style=\"text-align: left;\">Dar septynis visuomen\u0117s veik\u0117jus didesn\u0117 dalis gyventoj\u0173 \u012fvertino labiau palankiai nei nepalankiai: premjer\u0119 Ing\u0105 Ruginien\u0119 (46 proc.), prezident\u0105 Gitan\u0105 Naus\u0117d\u0105 (46 proc.), \u017eurnalist\u0105 Andri\u0173 Tapin\u0105 (45 proc.), u\u017esienio reikal\u0173 ministr\u0105 K\u0119stut\u012f Budr\u012f (42 proc.), Jonavos mer\u0105 ir LSDP laikin\u0105j\u012f pirminink\u0105 Mindaug\u0105 Sinkevi\u010di\u0173 (41 proc.), \u017eurnalist\u0105 Edmund\u0105 Jakilait\u012f (41 proc.) ir Seimo nar\u012f Vali\u0173 \u0104\u017euol\u0105 (40 proc.).\u00a0<\/p>\n<p style=\"text-align: left;\">Europarlamentar\u0105, Lietuvos valstie\u010di\u0173 ir \u017eali\u0173j\u0173 s\u0105jungos (LV\u017dS) pirminink\u0105 Aurelij\u0173 Veryg\u0105 palankiai vertino 39 proc. apklaust\u0173j\u0173, o nepalankiai \u2013 46 proc. Nauj\u0105 partij\u0105 buriant\u012f Seimo nar\u012f Ign\u0105 V\u0117g\u0117l\u0119 palankiai vertino 38 proc. apklaust\u0173j\u0173, o nepalankiai \u2013 44 proc. Seimo pirmininko Juozo Oleko palankus ir nepalankus vertinimai siek\u0117 atitinkamai 35 proc. ir 47 proc., Kauno miesto mero Visvaldo Matijo\u0161ai\u010dio \u2013 atitinkamai 33 proc. ir 49 proc.<\/p>\n<p style=\"text-align: left;\">\u0160i\u0173 met\u0173 vasar\u012f daugiau nei pus\u0117 suaugusi\u0173 \u0161alies gyventoj\u0173 9 politikus \u012fvertino nepalankiai.<\/p>\n<p style=\"text-align: left;\">Tarp j\u0173 \u2013 Gabrieli\u0173 Landsberg\u012f (74 proc. nepalankiai ir 17 proc. palankiai), Vytaut\u0105 Landsberg\u012f (69 proc. nepalankiai ir 19 proc. palankiai), Ingrid\u0105 \u0160imonyt\u0119 (68 proc. nepalankiai ir 23 proc. palankiai), Vilij\u0105 Blinkevi\u010di\u016bt\u0119 (66 proc. nepalankiai ir 20 proc. palankiai), Sauli\u0173 Skvernel\u012f (62 proc. nepalankiai ir 27 proc. palankiai), Agn\u0119 \u0160irinskien\u0119 (58 proc. nepalankiai ir 28 proc. palankiai), Viktorij\u0105 \u010cmilyt\u0119-Nielsen (56 proc. nepalankiai ir 33 proc. palankiai),\u00a0Remigij\u0173 \u017demaitait\u012f (54 proc. nepalankiai ir 33 proc. palankiai) bei Lauryn\u0105 Kas\u010di\u016bn\u0105 (53 proc. nepalankiai ir 34 proc. palankiai).\u00a0 \u00a0<\/p>\n<p style=\"text-align: left;\">Kaip parod\u0117 tyrimas, per pastar\u0105j\u012f m\u0117nes\u012f pager\u0117jo dviej\u0173 politik\u0173 vertinimas: 8 procentiniais punktais padaug\u0117jo gyventoj\u0173, kurie palankiai \u012fvertino I. Ruginien\u0119 (nuo 38 proc. iki 46 proc.) bei 4 procentiniais punktais pager\u0117jo G. Naus\u0117dos vertinimas (nuo 42 proc. iki 46 proc.).<\/p>\n<p style=\"text-align: left;\">Gyventoj\u0173 nuomon\u0117s tyrim\u0105 atlikusios Lietuvos ir Did\u017eiosios Britanijos rinkos ir vie\u0161osios nuomon\u0117s tyrim\u0173 kompanijos \u201eBaltijos tyrimai\u201c vadov\u0117 Rasa Ali\u0161auskien\u0117 teig\u0117, kad I. Ruginien\u0117s vertinimas prakti\u0161kai atsistat\u0117 po ankstesnio smukimo.<\/p>\n<p style=\"text-align: left;\">\u201eTiesiog atsistat\u0117 atgal \u012f teigiam\u0105. O kai kit\u0173 yra irgi ma\u017eiau nei 50 proc. neigiam\u0173 (vertinim\u0173 \u2013 ELTA), tai tiesiog toje politik\u0173 eil\u0117je ji i\u0161kart pakilo auk\u0161\u010diau\u201c, \u2013 ai\u0161kino ji.<\/p>\n<p style=\"text-align: left;\">Anot R. Ali\u0161auskien\u0117s, po pra\u0117jusi\u0173 met\u0173 pabaigoje buvusio kritimo \u0161iek tiek atsistat\u0117 ir G. Naus\u0117dos reitingas.<\/p>\n<p style=\"text-align: left;\">Suma\u017e\u0117jo septyni\u0173 politik\u0173 palankus vertinimas<\/p>\n<p style=\"text-align: left;\">Lyginant su saus\u012f vykusiu tyrimu, labiausiai (17 procentini\u0173 punkt\u0173) suma\u017e\u0117jo palankiai vertinan\u010di\u0173 Demokrat\u0173 s\u0105jungos \u201eVardan Lietuvos\u201c pirminink\u0105 S. Skvernel\u012f (nuo 44 proc. iki 27 proc.).<\/p>\n<p style=\"text-align: left;\">6 procentiniais punktais suma\u017e\u0117jo palankiai vertinan\u010di\u0173 D. Grybauskait\u0119 (nuo 63 proc. iki 57 proc.), o 5 procentiniais punktais pablog\u0117jo V. Adamkaus vertinimas (nuo 81 proc. iki 76 proc.) bei A. Verygos vertinimas (nuo 44 proc. iki 39 proc.).\u00a0<\/p>\n<p style=\"text-align: left;\">R. Ali\u0161auskien\u0117 sak\u0117, kad apklausa vyko tuo metu, kai paai\u0161k\u0117jo, jog S. Skverneliui suteiktas specialiojo liudytojo statusas Valstybin\u0117s augalininkyst\u0117s tarnybos korupcijos byloje, jo namuose ir kabinete Seime atliktos kratos.\u00a0<\/p>\n<p style=\"text-align: left;\">\u201eKaip tik tyrimas ir vyko tuo metu, kai vie\u0161ojoje erdv\u0117je tas klausimas buvo daugiausiai aptarin\u0117jamas. Tai tiesiogiai paveik\u0117 vertinim\u0105\u201c, \u2013 ai\u0161kino ji.\u00a0<\/p>\n<p style=\"text-align: left;\">Pasitik\u0117jimo suma\u017e\u0117jimas 17 procentini\u0173 punkt\u0173, pasak R. Ali\u0161auskien\u0117s, yra pakankamai didelis.\u00a0<\/p>\n<p style=\"text-align: left;\">\u201ePer vien\u0105 m\u0117nes\u012f toks gan \u017eymus pasikeitimas\u201c, \u2013 komentavo \u201eBaltijos tyrim\u0173\u201c vadov\u0117.<\/p>\n<p style=\"text-align: left;\">Per \u0161\u012f laikotarp\u012f 4 procentiniais punktais suma\u017e\u0117jo palankiai vertinan\u010di\u0173 \u0161iuos 3 politikus: T\u0117vyn\u0117s s\u0105jungos \u2013 Lietuvos krik\u0161\u010dioni\u0173 demokrat\u0173 (TS-LKD) pirminink\u0105 L. Kas\u010di\u016bn\u0105 (nuo 38 proc. iki 34 proc.), Kauno mer\u0105 V. Matijo\u0161ait\u012f (nuo 37 proc. iki 33 proc.) bei socialin\u0117s apsaugos ir darbo ministr\u0119 J\u016brat\u0119 Zailskien\u0119 (nuo 25 proc. iki 21 proc.).\u00a0<\/p>\n<p style=\"text-align: left;\">Kit\u0173 politik\u0173 ir visuomen\u0117s veik\u0117j\u0173 vertinimai nuo sausio nepakito.<\/p>\n<p style=\"text-align: left;\">\u012e Seim\u0105 patekt\u0173 \u0161e\u0161ios partijos<\/p>\n<p style=\"text-align: left;\">Partij\u0173 palaikymas per paskutin\u012f m\u0117nes\u012f nepakito.<\/p>\n<p style=\"text-align: left;\">Apklausa parod\u0117, kad, jei artimiausi\u0105 sekmadien\u012f vykt\u0173 Seimo rinkimai, did\u017eiausi\u0105 gyventoj\u0173 palaikym\u0105 tur\u0117t\u0173 valdan\u010dioji LSDP (12,6 proc.) ir opozicin\u0117 TS-LKD (11,3 proc.).<\/p>\n<p style=\"text-align: left;\">U\u017e LV\u017dS vasar\u012f b\u016bt\u0173 balsav\u0119 9,4 proc. apklaust\u0173j\u0173, \u201eNemuno au\u0161r\u0105\u201c \u2013 9,3 proc., Demokrat\u0173 s\u0105jung\u0105 \u201eVardan Lietuvos\u201c \u2013 8,7 proc. Liberal\u0173 s\u0105j\u016bd\u012f \u2013 5,9 proc. apklaust\u0173j\u0173.<\/p>\n<p style=\"text-align: left;\">Lyginant su sausio m\u0117nesiu, labiausiai suma\u017e\u0117jo pasitik\u0117jimas demokratais \u2013 jis buvo ma\u017eesnis 1,2 procentinio punkto.<\/p>\n<p style=\"text-align: left;\">Kitos partijos, kaip parod\u0117 vasar\u012f vykusi apklausa, 5 proc. barjero, reikalingo patekti \u012f Seim\u0105, neper\u017eengt\u0173.<\/p>\n<p style=\"text-align: left;\">U\u017e Darbo partij\u0105 nurod\u0117, kad balsuot\u0173 3,8 proc., u\u017e Lietuvos lenk\u0173 rinkim\u0173 akcij\u0105-Krik\u0161\u010dioni\u0161k\u0173 \u0161eim\u0173 s\u0105jung\u0105 \u2013 2,9 proc., u\u017e Laisv\u0117s partij\u0105 \u2013 2,3 proc. apklaust\u0173j\u0173.\u00a0<\/p>\n<p style=\"text-align: left;\">Kitas partijas palaikyt\u0173 5 proc. apklaust\u0173 gyventoj\u0173. \u00a0 \u00a0<\/p>\n<p style=\"text-align: left;\">Trys i\u0161 de\u0161imties (29 proc.) apklaust\u0173j\u0173 nurod\u0117, kad nedalyvaut\u0173 Seimo rinkimuose arba yra neapsisprend\u0119, u\u017e k\u0105 balsuoti.\u00a0<\/p>\n<p style=\"text-align: left;\">Ai\u0161kindama, kod\u0117l beveik nesikei\u010dia politini\u0173 partij\u0173 reitingas, R. Ali\u0161auskien\u0117 sak\u0117, kad nebuvo ka\u017ekokio veiksmo, kuris kirst\u0173 per pasitik\u0117jim\u0105 viena ar kita politine j\u0117ga.<\/p>\n<p style=\"text-align: left;\">\u201eBeveik kiekvien\u0105 m\u0117nes\u012f vis kokia nors informacija tai apie vien\u0105 partij\u0105, tai apie kit\u0105, partij\u0173 narius, tai prakti\u0161kai tie vertinimai atsiliepia daugiau patiems politikams ir partij\u0173 lyderiams, jeigu tai susij\u0119 su konkre\u010diu lyderiu ar personalijomis. Bet pa\u010diam partij\u0173 palaikymui kaip ir neatsiliepia, nes n\u0117ra ka\u017ekokio veiksmo, kuris labai jau kirst\u0173 per pasitik\u0117jim\u0105 viena ar kita partija. \u0160iaip daugiausiai tie \u017emon\u0117s, kas nusiteik\u0119 gan lojaliai ir stabiliai, link\u0119 u\u017e t\u0105 partij\u0105 balsuoti, bet neb\u016btinai, sakykime, u\u017e jos lyder\u012f ar kit\u0105 politik\u0105\u201c, \u2013 komentavo sociolog\u0117.<\/p>\n<p style=\"text-align: left;\">Apklausa vyko vasario 19 \u2013 kovo 2 dienomis. Tyrimo metu asmeninio interviu b\u016bdu apklausta 1 014\u00a0Lietuvos gyventoj\u0173 (18 met\u0173 ir vyresni\u0173), apklausa vyko 110 atrankos ta\u0161k\u0173. Tyrim\u0173 rezultat\u0173 paklaida \u2013 iki 3,1 proc.\u00a0<\/p>\n","protected":false},"excerpt":{"rendered":"\u00a0 \u00a0 Palankiausiai vertinamas \u2013 V. Adamkus 2026 met\u0173 vasario 19 \u2013 kovo 2 dienomis vykusi apklausa parod\u0117,&hellip;\n","protected":false},"author":2,"featured_media":128552,"comment_status":"","ping_status":"","sticky":false,"template":"","format":"standard","meta":{"footnotes":"","_share_on_mastodon":"0"},"categories":[13],"tags":[4610,7410,25,359,449,30,31,34,35,24,32,33,37,39,36,38,40,23,22,23147,7746,3027,28,29,7089,26,27,450],"class_list":["post-128551","post","type-post","status-publish","format-standard","has-post-thumbnail","category-lietuva","tag-reitingai","tag-alisauskiene","tag-antrastes","tag-apklausa","tag-baltijos","tag-breaking-news","tag-breakingnews","tag-featured-news","tag-featurednews","tag-headlines","tag-latest-news","tag-latestnews","tag-lietuva","tag-lietuviu","tag-lithuania","tag-lithuanian","tag-lt","tag-naujienos","tag-news","tag-nuomones","tag-palankumas","tag-partijos","tag-populiariausios-naujienos","tag-populiariausiosnaujienos","tag-populiarumas","tag-top-stories","tag-topstories","tag-tyrimai"],"share_on_mastodon":{"url":"https:\/\/pubeurope.com\/@lt\/116227174722627329","error":""},"_links":{"self":[{"href":"https:\/\/www.europesays.com\/lt\/wp-json\/wp\/v2\/posts\/128551","targetHints":{"allow":["GET"]}}],"collection":[{"href":"https:\/\/www.europesays.com\/lt\/wp-json\/wp\/v2\/posts"}],"about":[{"href":"https:\/\/www.europesays.com\/lt\/wp-json\/wp\/v2\/types\/post"}],"author":[{"embeddable":true,"href":"https:\/\/www.europesays.com\/lt\/wp-json\/wp\/v2\/users\/2"}],"replies":[{"embeddable":true,"href":"https:\/\/www.europesays.com\/lt\/wp-json\/wp\/v2\/comments?post=128551"}],"version-history":[{"count":0,"href":"https:\/\/www.europesays.com\/lt\/wp-json\/wp\/v2\/posts\/128551\/revisions"}],"wp:featuredmedia":[{"embeddable":true,"href":"https:\/\/www.europesays.com\/lt\/wp-json\/wp\/v2\/media\/128552"}],"wp:attachment":[{"href":"https:\/\/www.europesays.com\/lt\/wp-json\/wp\/v2\/media?parent=128551"}],"wp:term":[{"taxonomy":"category","embeddable":true,"href":"https:\/\/www.europesays.com\/lt\/wp-json\/wp\/v2\/categories?post=128551"},{"taxonomy":"post_tag","embeddable":true,"href":"https:\/\/www.europesays.com\/lt\/wp-json\/wp\/v2\/tags?post=128551"}],"curies":[{"name":"wp","href":"https:\/\/api.w.org\/{rel}","templated":true}]}}