{"id":128662,"date":"2026-03-14T13:36:04","date_gmt":"2026-03-14T13:36:04","guid":{"rendered":"https:\/\/www.europesays.com\/lt\/128662\/"},"modified":"2026-03-14T13:36:04","modified_gmt":"2026-03-14T13:36:04","slug":"violeta-repcenkaite-apie-po-triju-santuoku-ismoktas-pamokas-anksciau-nepastebedavau","status":"publish","type":"post","link":"https:\/\/www.europesays.com\/lt\/128662\/","title":{"rendered":"Violeta Rep\u010denkait\u0117 \u2013 apie po trij\u0173 santuok\u0173 i\u0161moktas pamokas: anks\u010diau nepasteb\u0117davau"},"content":{"rendered":"<p>Pokalbis prasid\u0117s nuo pavasario \u2013 met\u0173 laiko, kuris daugeliui simbolizuoja ne tik gamtos, bet ir vidin\u012f atgimim\u0105, ra\u0161oma spaudos prane\u0161ime. <\/p>\n<p>\u201eA\u0161 manau, kad visi jau\u010diasi nuostabiai at\u0117jus pavasariui, nes tai yra virsmas, vykstantis po \u017eiemos. O \u017eiema daugelio \u017emoni\u0173 gyvenimuose primena s\u0105sting\u012f\u201c, \u2013 laidoje sakys V. Rep\u010denkait\u0117.<\/p>\n<p>Pastarieji m\u0117nesiai Violetos gyvenime buvo kupini veiklos, kelioni\u0173 ir nauj\u0173 patir\u010di\u0173. \u201eMano \u017eiema buvo ypatingai aktyvi, nes ved\u017eiau laid\u0105 \u201eIKI \u0161ef\u0173 kovos. Desertai\u201c ir taip pat daug skraid\u017eiau pirmyn ir atgal \u2013 tai \u012f Malt\u0105, tai \u012f Lietuv\u0105\u201c, \u2013 pasakos ji.<\/p>\n<p>Pastaraisiais metais Violetos gyvenimas pasidalijo tarp dviej\u0173 \u0161ali\u0173 \u2013 Lietuvos ir Maltos. \u0160i Vidur\u017eemio j\u016bros sala tapo svarbia jos gyvenimo dalimi, tod\u0117l \u0161iandien ji da\u017enai keliauja tarp dviej\u0173 nam\u0173. <\/p>\n<p>\u201eJau\u010diuosi taip, tarsi keliau\u010diau i\u0161 nam\u0173 \u012f namus. Ir Maltoje mano namai, ir \u010dia, Lietuvoje\u201c, \u2013 sakys ji.<\/p>\n<p>\u012e Malt\u0105 Violet\u0105 atved\u0117 meil\u0117, nes paskutinis i\u0161 trij\u0173 jos vyr\u0173 buvo maltietis. Ta\u010diau \u0161iandien su \u0161ia \u0161alimi j\u0105 sieja ne tik praeities istorijos, bet ir mylima veikla, kuri\u0105 verslinink\u0117 vykdo jau ne pirmus metus. B\u016btent Maltoje ji aktyviai dirba su moterimis ir organizuoja sav\u0119s pa\u017einimo stovyklas. <\/p>\n<p>Pasak Violetos, \u0161ios stovyklos gim\u0117 i\u0161 labai paprasto, bet \u0161iandien itin svarbaus poreikio \u2013 sustoti ir atsikv\u0117pti. \u201eMoterys \u012f mano stovyklas atvyksta sustoti. Tiesiog atsitraukti nuo savo kasdien\u0117s rutinos ir padovanoti sau sustojim\u0105, kuris yra labai reikalingas\u201c, \u2013 teigs ji.<\/p>\n<p>Pa\u0161nekov\u0117 pabr\u0117\u0161, kad toks atokv\u0117pis yra primygtinai reikalingas kiekvienam \u017emogui, nesvarbu, kokiame gyvenimo etape jis yra. \u201eAr tu b\u016btum s\u0117kminga verslinink\u0117, laiminga mama ar laiminga \u017emona, tau irgi reikia sustojimo. Lygiai tiek pat, kaip \u017emogui, kuris eina per sud\u0117ting\u0105 gyvenimo etap\u0105\u201c, \u2013 kalb\u0117s s\u0105moningumo stovykl\u0173 moterims organizator\u0117.<\/p>\n<p>Stovyklose moterys dalyvauja \u012fvairiose praktikose \u2013 nuo jogos iki sav\u0119s pa\u017einimo paskait\u0173, mokosi atsigr\u0119\u017eti \u012f save ir savo vertybes bei atrasti tobul\u0105 balans\u0105. <\/p>\n<p>\u201eGeriausia, k\u0105 gali padaryti \u0161iandien, tai b\u016bti \u010dia ir dabar. Jogoje, kv\u0117pavimo pratim\u0173 metu ir maisto gamybos ritualuose, tu susikaupi ir dalyvauji sav\u0119s pa\u017einimo kelion\u0117je, kad gal\u0117tum parsine\u0161ti kuo daugiau. Mes stovyklose susitinkam gyventi, i\u0161 tikr\u0173j\u0173 gyventi\u201c, \u2013 pasakos ji.<\/p>\n<p>Paklausta, kas j\u0105 pa\u010di\u0105 skatina nuolat jud\u0117ti pirmyn, ji atsakys labai paprastai. \u201eVisada sakau: kada daugiau, jeigu ne dabar? Man apskritai b\u016bdavo baisu pagalvoti apie tok\u012f dalyk\u0105, kad a\u0161 po 90 met\u0173 saky\u010diau: \u201eVis\u0105 gyvenim\u0105 nor\u0117jau, bet nei\u0161dr\u012fsau\u201c, \u2013 apie mintis, kurios labiausiai skatina jud\u0117ti \u012f priek\u012f, pasakos Violeta.<\/p>\n<p>Interviu metu bus paliestos ir asmeni\u0161kesn\u0117s gyvenimo temos. Laidos ved\u0117jai Kristinai Rimienei pasiteiravus apie tris Violetos santuokas ir su jomis susijusias patirtis, pa\u0161nekov\u0117 kalb\u0117s nuo\u0161ird\u017eiai. Paklausta, ar tokie i\u0161gyvenimai netrukdo v\u0117l \u012fsileisti nauj\u0173 \u017emoni\u0173, siekian\u010di\u0173 u\u017ekariauti jos \u0161ird\u012f, V. Rep\u010denkait\u0117 bus atvira. <\/p>\n<p>\u201eA\u0161 \u017ei\u016briu \u012f vyrus ir matau, visk\u0105 matau. Raudonos v\u0117liavos man mojuoja i\u0161 karto\u201c, \u2013 pripa\u017eins ji. <\/p>\n<p>Pasak Violetos, gyvenimi\u0161ka patirtis leid\u017eia daug grei\u010diau pasteb\u0117ti \u017eenklus, kurie anks\u010diau neb\u016bdavo tokie ry\u0161k\u016bs: \u201eKo a\u0161 nematydavau prie\u0161 de\u0161imt met\u0173, t\u0105 dabar matau i\u0161 karto.\u201c<\/p>\n<p>O \u0161iandien laid\u0173 ved\u0117ja d\u017eiaugiasi pilnatve ir savo gyvenimo ritmu. \u201eDabar esu labai laiminga. Bet ar a\u0161 \u012fsivaizduoju vis\u0105 savo gyvenim\u0105 b\u016bnant vienai? Ne, a\u0161 \u012fsivaizduoju \u0161alia sav\u0119s \u017emog\u0173, kuris eina ta pa\u010dia kryptimi, kaip ir a\u0161. Ta\u010diau \u0161iandien a\u0161 niekur neskubu.\u201c<\/p>\n<p>Pokalbio metu Violeta taip pat dalinsis \u017einiomis apie sud\u0117tingus santyki\u0173 modelius ir tai, kaip atpa\u017einti partner\u012f narciz\u0105: \u201eLabai ai\u0161kiai m\u016bs\u0173 k\u016bnas i\u0161duoda, kad su \u017emogumi mums yra negerai. Tuomet visada \u0161alia \u017emogaus yra jau\u010diama \u012ftampa.\u201c <\/p>\n<p>Pasak pa\u0161nekov\u0117s, tokie signalai da\u017enai pasirodo jau santyki\u0173 prad\u017eioje, ta\u010diau moterys j\u0173 nepastebi arba ignoruoja. \u201eTas \u017emogus vis\u0105 laik\u0105 buvo toks, tiesiog moteris to nesureik\u0161mino\u201c, \u2013 teigs ji. <\/p>\n<p>Anot Violetos, v\u0117liau tokie santykiai gali tapti vis labiau kontroliuojantys. \u201eJeigu vyras nevertina moters, tai jau nebus gerai. Nebent jis pats prad\u0117s labai rimt\u0105 darb\u0105 su savimi\u201c, \u2013 atkreips d\u0117mes\u012f ji. <\/p>\n<p>Ta\u010diau, pasak Violetos, svarbiausia suprasti, kad kiekviena moteris turi pasirinkim\u0105. \u201eNesvarbu, ar tu suk\u016brusi su juo \u0161eim\u0105. Tai n\u0117ra nuosprendis, kad tu turi vis\u0105 gyvenim\u0105 taip gyventi\u201c, \u2013 teigs verslinink\u0117.<\/p>\n<p>Nepaisant vis\u0173 gyvenimo i\u0161bandym\u0173, svarbiausias Violetos gyvenimo elementas \u0161iandien yra jos vaikai: \u201eVaikai yra mano did\u017eiausia vertyb\u0117. Ir mano mama visada labai akcentavo, kad \u0161eima yra pats svarbiausias dalykas.\u201c<\/p>\n<p>Pasak Violetos, ji ir jos sesuo augo jausdamos berib\u0119 t\u0117v\u0173 meil\u0119 ir pagarb\u0105. \u201eMes visada jaut\u0117m\u0117s labai mylimos. Mes visada jaut\u0117m\u0117s, kad m\u016bs\u0173 balsas yra svarbus. Be to, mano t\u0117tis 45 metus atidarin\u0117ja mamai ma\u0161inos dureles. Ir a\u0161 niekada negird\u0117jau, kad jis b\u016bt\u0173 pak\u0117l\u0119s prie\u0161 mam\u0105 bals\u0105\u201c, \u2013 pasakos ji. <\/p>\n<p>Pokalbio metu abi moterys prisimins ir nauj\u0105 Violetos amplua TV laidoje. \u012edomu tai, kad filmavimai neretai vykdavo naktimis, nors \u017ei\u016brovai to n\u0117 nepasteb\u0117davo. O u\u017ekulisiuose netr\u016bkdavo ir smagi\u0173 tradicij\u0173. <\/p>\n<p>\u201e\u0160efas Egidijus prie\u0161 kiekvien\u0105 filmavim\u0105 atne\u0161davo po tort\u0105 ir taip lepindavo vis\u0105 komand\u0105. B\u016bdavo atvej\u0173, kuomet kiti komandos nariai teigdavo, kad \u0161iandien Egidijaus torto nesulauksime, ta\u010diau a\u0161 visada sakydavau, jog tai \u2013 netiesa. Ir mano \u017eod\u017eiai pasitvirtindavo, nes jis niekada nepasirodydavo tu\u0161\u010diomis\u201c, \u2013 su \u0161ypsena prisimins V. Rep\u010denkait\u0117.<\/p>\n<p>Tiesa, ji nesl\u0117ps \u2013 filmuojant paskutin\u0119 laid\u0105 u\u017epl\u016bdo nostalgija. Ta\u010diau, pasak Violetos, gyvenime svarbiausia i\u0161mokti vertinti kiekvien\u0105 moment\u0105. \u201eKaip ir auginant vaikus \u2013 pradedi vertinti net tuos dalykus, kurie ka\u017ekada erzindavo\u201c, \u2013 sakys ji. <\/p>\n<p>\u0160iandien Violeta t\u0119sia savo veiklas: organizuoja stovyklas, dalijasi patirtimi su moterimis, puosel\u0117ja savo versl\u0105 \u201eVioleta shop\u201c. Ir jei gyvenimas v\u0117l pasi\u016blys televizijos projekt\u0173, ji juos priims atvira \u0161irdimi. \u201eJeigu ateis dar viena laida \u012f mano gyvenim\u0105, a\u0161 tikrai jos neatmesiu\u201c, \u2013 dalinsis ji su \u0161ypsena.<\/p>\n<p>Ta\u010diau svarbiausia, kad ir k\u0105 bedaryt\u0173, Violetai yra i\u0161likti savimi. \u201eLabai gera b\u016bti ten, kur tave vertina tok\u012f, koks esi\u201c, \u2013 sakys ji.<\/p>\n<p>O laidoje \u017ei\u016brovai daugiau i\u0161girs ir apie Violetos mam\u0105 Sabin\u0105 Rip\u010denkien\u0119 \u2013 vien\u0105 i\u0161 lietuvi\u0161ko gro\u017eio ir mados kult\u016bros pradininki\u0173 Lietuvoje, kuri iki \u0161iol i\u0161lieka elegancijos simboliu ir tikra mados ikona.<\/p>\n<p>\u201eFloristinis desertas\u201c \u2013 pagarba Lietuvos herojams, pra\u017eydusi 5000 \u017eied\u0173<\/p>\n<p>\u0160io sekmadienio laidoje \u017ei\u016brov\u0173 laukia i\u0161skirtinis \u201eFloristinis desertas\u201c, \u012fkv\u0117ptas jau tradicija tapusio ir daugiau nei 20 met\u0173 vykstan\u010dio TV3 renginio \u2013 \u201eLietuvos garb\u0117s\u201c apdovanojim\u0173. \u0160\u012f kart\u0105 floristinis k\u016brinys bus ne tik dekoracija, bet ir simbolin\u0117 duokl\u0117 \u017emon\u0117ms, kuri\u0173 kasdieniai darbai kuria stipri\u0105 ir viening\u0105 Lietuv\u0105.<\/p>\n<p>Floristikos dizainer\u0117 ir laidos ved\u0117ja K. Rimien\u0117 k\u016br\u0117 pagrindin\u0119 renginio \u201eLietuvos garb\u0117\u201c scen\u0105 puo\u0161ian\u010di\u0105 statul\u0105 \u2013 ypating\u0105 kompozicij\u0105, sudaryt\u0105 i\u0161 penki\u0173 t\u016bkstan\u010di\u0173 kruop\u0161\u010diai rankomis paruo\u0161t\u0173 g\u0117li\u0173 \u017eiedeli\u0173.<\/p>\n<p>\u201e\u0160iais metais m\u016bs\u0173 darbas buvo itin atsakingas, kadangi m\u016bs\u0173 statula viso renginio metu stov\u0117jo pagrindin\u0117je scenoje\u201c, \u2013 pasakos ji. <\/p>\n<p>Ankstesniais metais kompozicija b\u016bdavo kuriama foto sienel\u0117s erdvei, o \u0161\u012fkart floristinis k\u016brinys tapo svarbiausiu renginio scenografiniu akcentu, kuris buvo matomas visos tiesiogin\u0117s transliacijos metu.<\/p>\n<p>Kuriant \u0161\u012f \u012fsp\u016bding\u0105 floristin\u012f meno k\u016brin\u012f buvo pasirinkta itin simboli\u0161ka stilistika. Kompozicijos ornamentai atkartoja lietuvi\u0161ko paveldo motyvus. <\/p>\n<p>\u201eLietuvos garb\u0117s\u201c projekte dominuoja m\u016bs\u0173 lietuvi\u0161ki ra\u0161tai \u2013 Lietuvos paveldas. B\u016btent tie audimo ra\u0161tai, kurie yra i\u0161lik\u0119 m\u016bs\u0173 austin\u0117se juostose\u201c, \u2013 laidos metu pasakos floristikos dizainer\u0117 K. Rimien\u0117.<\/p>\n<p>\u0160i\u0173 met\u0173 \u201eLietuvos garb\u0117s\u201c statulai puo\u0161ti pasirinkta ir ypatinga spalvin\u0117 gama. Jei ankstesniais metais dominavo m\u016bs\u0173 trispalv\u0117s spalvos \u2013 geltona, \u017ealia ir raudona, \u0161\u012fkart nuspr\u0119sta atsigr\u0119\u017eti \u012f subtil\u0173 lietuvi\u0161ko ornamento estetikos pasaul\u012f ir pasirinkti \u017ealias bei baltas chrizantemas.<\/p>\n<p>Ta\u010diau \u0161is \u201eFloristinis desertas\u201c skirtas ne tik estetikai. Jis skirtas asmenims, kuriems dedikuotas ir pats renginys. \u201eLabai d\u017eiaugiuosi, kad m\u016bs\u0173 floristinis k\u016brinys \u0161iandien gali b\u016bti padovanotas ne tik m\u016bs\u0173 laidos \u017ei\u016brovams, bet ir m\u016bs\u0173 Lietuvos herojams\u201c, \u2013 sakys K. Rimien\u0117.<\/p>\n<p>T\u016bkstan\u010diais g\u0117li\u0173 \u017eied\u0173 puo\u0161ta statula simbolizuoja ne tik gro\u017e\u012f, bet ir pagarb\u0105 \u017emogi\u0161kumui. \u201eA\u0161 tikiuosi, kad \u0161is projektas niekada nesibaigs\u201c, \u2013 sakys K. Rimien\u0117.<\/p>\n<p>Laida \u201ePasaulis pagal moteris\u201c \u2013 sekmadieniais, 10 val. per TV3.<\/p>\n","protected":false},"excerpt":{"rendered":"Pokalbis prasid\u0117s nuo pavasario \u2013 met\u0173 laiko, kuris daugeliui simbolizuoja ne tik gamtos, bet ir vidin\u012f atgimim\u0105, ra\u0161oma&hellip;\n","protected":false},"author":2,"featured_media":128663,"comment_status":"","ping_status":"","sticky":false,"template":"","format":"standard","meta":{"footnotes":"","_share_on_mastodon":"0"},"categories":[13],"tags":[25,30,31,34,35,24,32,33,37,39,36,38,40,23,22,28,29,26,27,9961],"class_list":["post-128662","post","type-post","status-publish","format-standard","has-post-thumbnail","category-lietuva","tag-antrastes","tag-breaking-news","tag-breakingnews","tag-featured-news","tag-featurednews","tag-headlines","tag-latest-news","tag-latestnews","tag-lietuva","tag-lietuviu","tag-lithuania","tag-lithuanian","tag-lt","tag-naujienos","tag-news","tag-populiariausios-naujienos","tag-populiariausiosnaujienos","tag-top-stories","tag-topstories","tag-violeta-repcenkaite"],"share_on_mastodon":{"url":"https:\/\/pubeurope.com\/@lt\/116227799979544288","error":""},"_links":{"self":[{"href":"https:\/\/www.europesays.com\/lt\/wp-json\/wp\/v2\/posts\/128662","targetHints":{"allow":["GET"]}}],"collection":[{"href":"https:\/\/www.europesays.com\/lt\/wp-json\/wp\/v2\/posts"}],"about":[{"href":"https:\/\/www.europesays.com\/lt\/wp-json\/wp\/v2\/types\/post"}],"author":[{"embeddable":true,"href":"https:\/\/www.europesays.com\/lt\/wp-json\/wp\/v2\/users\/2"}],"replies":[{"embeddable":true,"href":"https:\/\/www.europesays.com\/lt\/wp-json\/wp\/v2\/comments?post=128662"}],"version-history":[{"count":0,"href":"https:\/\/www.europesays.com\/lt\/wp-json\/wp\/v2\/posts\/128662\/revisions"}],"wp:featuredmedia":[{"embeddable":true,"href":"https:\/\/www.europesays.com\/lt\/wp-json\/wp\/v2\/media\/128663"}],"wp:attachment":[{"href":"https:\/\/www.europesays.com\/lt\/wp-json\/wp\/v2\/media?parent=128662"}],"wp:term":[{"taxonomy":"category","embeddable":true,"href":"https:\/\/www.europesays.com\/lt\/wp-json\/wp\/v2\/categories?post=128662"},{"taxonomy":"post_tag","embeddable":true,"href":"https:\/\/www.europesays.com\/lt\/wp-json\/wp\/v2\/tags?post=128662"}],"curies":[{"name":"wp","href":"https:\/\/api.w.org\/{rel}","templated":true}]}}