{"id":128692,"date":"2026-03-14T14:15:06","date_gmt":"2026-03-14T14:15:06","guid":{"rendered":"https:\/\/www.europesays.com\/lt\/128692\/"},"modified":"2026-03-14T14:15:06","modified_gmt":"2026-03-14T14:15:06","slug":"hamas-paragino-brolius-irane-nutraukti-atakas-pries-kaimynines-valstybes","status":"publish","type":"post","link":"https:\/\/www.europesays.com\/lt\/128692\/","title":{"rendered":"\u201eHamas\u201c paragino \u201ebrolius Irane\u201c nutraukti atakas prie\u0161 kaimynines valstybes"},"content":{"rendered":"<p>Grupuot\u0117 savo parei\u0161kime teig\u0117, kad Teheranas turi teis\u0119 atsakyti \u012f Izraelio ir Jungtini\u0173 Valstij\u0173 atakas, ta\u010diau paragino \u201ebrolius Irane\u201c susilaikyti nuo tolesni\u0173 sm\u016bgi\u0173 kaimynin\u0117ms \u0161alims.<\/p>\n<p>Nuo karo su Iranu prad\u017eios kelios Persijos \u012flankos regiono valstyb\u0117s prane\u0161\u0117 apie Irano raket\u0173 ir dron\u0173 atakas.<\/p>\n<p>\u201eHamas\u201c paragino regiono \u0161alis \u201ebendradarbiauti, kad b\u016bt\u0173 sustabdyta \u0161i agresija ir i\u0161saugoti tarpusavio brolyb\u0117s ry\u0161iai\u201c.<\/p>\n<p>Iranas de\u0161imtme\u010dius finansi\u0161kai ir kariniu po\u017ei\u016briu r\u0117m\u0117 \u201eHamas\u201c. Pastaroji taip pat palaiko glaud\u017eius ry\u0161ius su Kataru.<\/p>\n<p>2023 m. spalio 7 d. \u201eHamas\u201c kovotojai sureng\u0117 beprecedent\u012f i\u0161puol\u012f prie\u0161 Izrael\u012f, per kur\u012f \u017euvo apie 1 200 \u017emoni\u0173 ir dar apie 250 buvo paimti \u012fkaitais. Per v\u0117liau kilus\u012f kar\u0105 Gazos Ruo\u017ee \u017euvo de\u0161imtys t\u016bkstan\u010di\u0173 palestinie\u010di\u0173, o pakrant\u0117s anklave prakti\u0161kai tapo ne\u012fmanoma gyventi.<\/p>\n<p>Prie\u0161 dvi savaites JAV ir Izraelis prad\u0117jo didelio masto puolim\u0105 prie\u0161 Iran\u0105, o konfliktas i\u0161plito \u012f platesn\u012f Artim\u0173j\u0173 Ryt\u0173 region\u0105.<\/p>\n<p>Teheranas atsak\u0117 sm\u016bgiais Izraeliui, taip pat naftos ir gamtini\u0173 duj\u0173 pramon\u0117s objektams Persijos \u012flankos valstyb\u0117se, kurios yra Va\u0161ingtono s\u0105junginink\u0117s.<\/p>\n","protected":false},"excerpt":{"rendered":"Grupuot\u0117 savo parei\u0161kime teig\u0117, kad Teheranas turi teis\u0119 atsakyti \u012f Izraelio ir Jungtini\u0173 Valstij\u0173 atakas, ta\u010diau paragino \u201ebrolius&hellip;\n","protected":false},"author":2,"featured_media":128693,"comment_status":"","ping_status":"","sticky":false,"template":"","format":"standard","meta":{"footnotes":"","_share_on_mastodon":"0"},"categories":[15],"tags":[25,30,31,3346,34,35,805,24,22271,32,33,37,39,36,38,40,23,22,44,28,29,26,27,74,75,76],"class_list":["post-128692","post","type-post","status-publish","format-standard","has-post-thumbnail","category-pasaulis","tag-antrastes","tag-breaking-news","tag-breakingnews","tag-elta-uzsienio-naujiena","tag-featured-news","tag-featurednews","tag-hamas","tag-headlines","tag-irano-karas","tag-latest-news","tag-latestnews","tag-lietuva","tag-lietuviu","tag-lithuania","tag-lithuanian","tag-lt","tag-naujienos","tag-news","tag-pasaulis","tag-populiariausios-naujienos","tag-populiariausiosnaujienos","tag-top-stories","tag-topstories","tag-world","tag-world-news","tag-worldnews"],"share_on_mastodon":{"url":"https:\/\/pubeurope.com\/@lt\/116227953341437706","error":""},"_links":{"self":[{"href":"https:\/\/www.europesays.com\/lt\/wp-json\/wp\/v2\/posts\/128692","targetHints":{"allow":["GET"]}}],"collection":[{"href":"https:\/\/www.europesays.com\/lt\/wp-json\/wp\/v2\/posts"}],"about":[{"href":"https:\/\/www.europesays.com\/lt\/wp-json\/wp\/v2\/types\/post"}],"author":[{"embeddable":true,"href":"https:\/\/www.europesays.com\/lt\/wp-json\/wp\/v2\/users\/2"}],"replies":[{"embeddable":true,"href":"https:\/\/www.europesays.com\/lt\/wp-json\/wp\/v2\/comments?post=128692"}],"version-history":[{"count":0,"href":"https:\/\/www.europesays.com\/lt\/wp-json\/wp\/v2\/posts\/128692\/revisions"}],"wp:featuredmedia":[{"embeddable":true,"href":"https:\/\/www.europesays.com\/lt\/wp-json\/wp\/v2\/media\/128693"}],"wp:attachment":[{"href":"https:\/\/www.europesays.com\/lt\/wp-json\/wp\/v2\/media?parent=128692"}],"wp:term":[{"taxonomy":"category","embeddable":true,"href":"https:\/\/www.europesays.com\/lt\/wp-json\/wp\/v2\/categories?post=128692"},{"taxonomy":"post_tag","embeddable":true,"href":"https:\/\/www.europesays.com\/lt\/wp-json\/wp\/v2\/tags?post=128692"}],"curies":[{"name":"wp","href":"https:\/\/api.w.org\/{rel}","templated":true}]}}