{"id":128855,"date":"2026-03-14T20:11:08","date_gmt":"2026-03-14T20:11:08","guid":{"rendered":"https:\/\/www.europesays.com\/lt\/128855\/"},"modified":"2026-03-14T20:11:08","modified_gmt":"2026-03-14T20:11:08","slug":"protestai-romoje-deginti-trumpo-ir-meloni-atvaizdai","status":"publish","type":"post","link":"https:\/\/www.europesays.com\/lt\/128855\/","title":{"rendered":"Protestai Romoje: deginti Trumpo ir Meloni atvaizdai"},"content":{"rendered":"<p>Eityn\u0117se Italijos sostin\u0117je, kurios i\u0161 prad\u017ei\u0173 buvo surengtos protestuojant prie\u0161 kra\u0161tutin\u0117s de\u0161in\u0117s atstov\u0117s G. Meloni planuojamas teism\u0173 sistemos reformas, d\u0117l kuri\u0173 kit\u0105 savaitgal\u012f vyks referendumas, dalyvavo keletas t\u016bkstan\u010di\u0173 \u017emoni\u0173.<\/p>\n<p>Prie mitinguojan\u010di\u0173j\u0173 prisijung\u0117 ir JAV ir Izraelio karo su Iranu kritikai, o protestuotojai smerk\u0117 artimus G. Meloni ry\u0161ius su JAV prezidentu Donaldu Trumpu, nors Roma \u0161iame konflikte tiesiogiai ir nedalyvauja.<\/p>\n<p>Naujien\u0173 agent\u016bros AFP fotografas pasakojo, kad nedidel\u0117 protesto dalyvi\u0173 grup\u0117 padeg\u0117 plakatus, kuriuose G. Meloni buvo pavaizduota kartu su D. Trumpu.<\/p>\n<p>Minia, kuri\u0105 daugiausia sudar\u0117 profesini\u0173 s\u0105jung\u0173 nariai, kairi\u0173j\u0173 pa\u017ei\u016br\u0173 grupuo\u010di\u0173 nariai ir studentai, ne\u0161\u0117si plakatus su u\u017era\u0161ais \u201eMeloni vyriausybei \u2013 ne\u201c, \u201eKarui \u2013 ne\u201c ir \u201eReferendumui \u2013 ne\u201c, buvo matyti ir keletas Kubos, Irano bei Palestinos v\u0117liav\u0173.<\/p>\n<p>\u201eMeloni save vadina patriote, ta\u010diau tai yra labiausiai keliaklups\u010diaujanti vyriausyb\u0117, labiausiai pataikaujanti JAV interesams per pastaruosius de\u0161imtme\u010dius\u201c, \u2013 naujien\u0173 agent\u016brai AFP sak\u0117 viena i\u0161 protesto dalyvi\u0173.<\/p>\n<p>Kovo 22 ir 23 d. vyksian\u010diame referendume bus balsuojama d\u0117l reformos, kuria siekiama atskirti prokuroro ir teis\u0117jo funkcijas bei pakeisti j\u0173 prie\u017ei\u016bros institucij\u0105.<\/p>\n<p>G. Meloni teigia, kad b\u016btina u\u017etikrinti teis\u0117j\u0173 ne\u0161ali\u0161kum\u0105, ta\u010diau kritikai tai smerkia kaip teism\u0173 sistem\u0105 u\u017e jai nepalankius sprendimus ne kart\u0105 kritikavusios vyriausyb\u0117s ki\u0161im\u0105si.<\/p>\n<p>Kito protestuotojo teigimu, \u0161i reforma yra naujausias \u017eenklas, rodantis, kad protest\u0173 \u012fstatymus sugrie\u017etinusi vyriausyb\u0117 \u201ekrypsta \u012f autoritarizm\u0105\u201c.<\/p>\n<p>ES ir NATO nar\u0117 Italija karo metu nusiunt\u0117 pagalb\u0105 Persijos \u012flankos \u0161alims, kad pad\u0117t\u0173 apsiginti nuo jas puolan\u010dio Irano, ta\u010diau G. Meloni ne kart\u0105 pabr\u0117\u017e\u0117, kad \u0161alis kare nedalyvauja ir nedalyvaus.<\/p>\n","protected":false},"excerpt":{"rendered":"Eityn\u0117se Italijos sostin\u0117je, kurios i\u0161 prad\u017ei\u0173 buvo surengtos protestuojant prie\u0161 kra\u0161tutin\u0117s de\u0161in\u0117s atstov\u0117s G. Meloni planuojamas teism\u0173 sistemos&hellip;\n","protected":false},"author":2,"featured_media":128856,"comment_status":"","ping_status":"","sticky":false,"template":"","format":"standard","meta":{"footnotes":"","_share_on_mastodon":"0"},"categories":[15],"tags":[25,30,31,194,34,35,5836,24,32,33,37,39,36,38,40,23,22,44,28,29,4429,26,27,74,75,76],"class_list":["post-128855","post","type-post","status-publish","format-standard","has-post-thumbnail","category-pasaulis","tag-antrastes","tag-breaking-news","tag-breakingnews","tag-donaldas-trumpas","tag-featured-news","tag-featurednews","tag-giorgia-meloni","tag-headlines","tag-latest-news","tag-latestnews","tag-lietuva","tag-lietuviu","tag-lithuania","tag-lithuanian","tag-lt","tag-naujienos","tag-news","tag-pasaulis","tag-populiariausios-naujienos","tag-populiariausiosnaujienos","tag-roma","tag-top-stories","tag-topstories","tag-world","tag-world-news","tag-worldnews"],"share_on_mastodon":{"url":"https:\/\/pubeurope.com\/@lt\/116229353260464252","error":""},"_links":{"self":[{"href":"https:\/\/www.europesays.com\/lt\/wp-json\/wp\/v2\/posts\/128855","targetHints":{"allow":["GET"]}}],"collection":[{"href":"https:\/\/www.europesays.com\/lt\/wp-json\/wp\/v2\/posts"}],"about":[{"href":"https:\/\/www.europesays.com\/lt\/wp-json\/wp\/v2\/types\/post"}],"author":[{"embeddable":true,"href":"https:\/\/www.europesays.com\/lt\/wp-json\/wp\/v2\/users\/2"}],"replies":[{"embeddable":true,"href":"https:\/\/www.europesays.com\/lt\/wp-json\/wp\/v2\/comments?post=128855"}],"version-history":[{"count":0,"href":"https:\/\/www.europesays.com\/lt\/wp-json\/wp\/v2\/posts\/128855\/revisions"}],"wp:featuredmedia":[{"embeddable":true,"href":"https:\/\/www.europesays.com\/lt\/wp-json\/wp\/v2\/media\/128856"}],"wp:attachment":[{"href":"https:\/\/www.europesays.com\/lt\/wp-json\/wp\/v2\/media?parent=128855"}],"wp:term":[{"taxonomy":"category","embeddable":true,"href":"https:\/\/www.europesays.com\/lt\/wp-json\/wp\/v2\/categories?post=128855"},{"taxonomy":"post_tag","embeddable":true,"href":"https:\/\/www.europesays.com\/lt\/wp-json\/wp\/v2\/tags?post=128855"}],"curies":[{"name":"wp","href":"https:\/\/api.w.org\/{rel}","templated":true}]}}