{"id":129075,"date":"2026-03-15T07:09:36","date_gmt":"2026-03-15T07:09:36","guid":{"rendered":"https:\/\/www.europesays.com\/lt\/129075\/"},"modified":"2026-03-15T07:09:36","modified_gmt":"2026-03-15T07:09:36","slug":"kaune-studijuojanti-lihuei-is-taivano-neisvengia-smalsiu-zvilgsniu","status":"publish","type":"post","link":"https:\/\/www.europesays.com\/lt\/129075\/","title":{"rendered":"Kaune studijuojanti Lihuei i\u0161 Taivano nei\u0161vengia smalsi\u0173 \u017evilgsni\u0173"},"content":{"rendered":"<p>\u012e Lietuv\u0105 Lihuei atvyko studijuoti Strategin\u0117s komunikacijos. I\u0161 prad\u017ei\u0173 main\u0173 <a rel=\"noopener nofollow\" target=\"_blank\" href=\"https:\/\/www.delfi.lt\/temos\/studijos\" tag-id=\"46861557\">studijose<\/a> planavusi pasilikti vien\u0105 semestr\u0105, ji nusprend\u0117 jas prat\u0119sti ir Kaune praleido visus akademinius metus. Per \u0161\u012f laik\u0105 Lihuei ne tik gilinosi \u012f savo studij\u0173 srit\u012f, bet ir pa\u017eino kasdien\u012f gyvenim\u0105 \u0161alyje, apie kuri\u0105 iki tol \u017einojo labai nedaug, ra\u0161oma KTU prane\u0161ime \u017einiasklaidai.<\/p>\n<p>Lietuvi\u0161ki \u017eod\u017eiai tapo \u012fpro\u010diu<\/p>\n<p>Prie\u0161 atvykdama \u012f Lietuv\u0105, Lihuei netur\u0117jo ai\u0161kaus \u0161alies vaizdinio ir i\u0161ankstini\u0173 nuostat\u0173. \u201eTiesiog maniau, kad viskas bus pana\u0161u \u012f kitas Europos \u0161alis\u201c, \u2013 prisimena ji.<\/p>\n<p>Vienas pirm\u0173j\u0173 dalyk\u0173, kuris j\u0105 nustebino, buvo met\u0173 laikai. Taivane nesninga, o pavasaris ir ruduo praeina beveik nepastebimai. Lietuvoje \u017eiema atne\u0161\u0117 tikr\u0105 snieg\u0105 ir tamsesnius rytus. \u201eGreitai pripratau prie\u0161 i\u0161eidama i\u0161 nam\u0173 pasitikrinti or\u0105, kad nuspr\u0119s\u010diau, ar t\u0105 dien\u0105 reik\u0117s \u0161ilt\u0173 bat\u0173\u201c, \u2013 pasakoja Lihuei.<\/p>\n<p>       <img decoding=\"async\" src=\"https:\/\/www.europesays.com\/lt\/wp-content\/uploads\/2026\/03\/a6859385-f59a-436b-86f0-a0dcb7811b14.jpg\" loading=\"lazy\" alt=\"Lihuei Liang\"\/>    <\/p>\n<p>Vasara taip pat buvo kitokia \u2013 ilgi, \u0161vies\u016bs vakarai, renginiai po atviru dangumi, muzika ir ledai \u2013 tokios atmosferos ji nebuvo patyrusi. \u201eNiekada nemaniau, kad oras gali taip stipriai veikti \u017emoni\u0173 kasdienyb\u0119\u201c, \u2013 sako KTU main\u0173 student\u0117 i\u0161 Taivano.<\/p>\n<p>Gyvendama Kaune ji taip pat pajuto, k\u0105 rei\u0161kia b\u016bti labiau pastebimai. Mieste gyvena nedaug azijie\u010di\u0173, tod\u0117l ji kartais pasteb\u0117davo smalsius vaik\u0173 ar vyresni\u0173 \u017emoni\u0173 \u017evilgsnius. I\u0161 prad\u017ei\u0173 tai atrod\u0117 ne\u012fprasta.<\/p>\n<p>\u201eKartais vaikai ar paaugliai prieidavo ir pasakydavo kompliment\u0105, kad esu gra\u017ei. Tai visada buvo labai pagarbu ir nuo\u0161irdu\u201c, \u2013 prisimena ji.<\/p>\n<p>    <img decoding=\"async\" src=\"https:\/\/www.europesays.com\/lt\/wp-content\/uploads\/2026\/03\/7e65a832-5736-48d3-b918-20d0e60b9a58.jpg\" loading=\"lazy\" alt=\"Lihuei Liang\"\/>    <\/p>\n<p>Kasdienis bendravimas Lietuvoje taip pat skyr\u0117si nuo to, prie ko ji buvo pripratusi. \u201eBuvau pasiruo\u0161usi trumpiems, spontani\u0161kiems pokalbiams\u201c, \u2013 sako Lihuei, ta\u010diau netrukus pasteb\u0117jo, kad Lietuvoje \u017emon\u0117s da\u017eniau laikosi atstumo, o kartais net vengia aki\u0173 kontakto.<\/p>\n<p>Vis d\u0117lto, geriau pa\u017einusi vietinius, ji suprato, kad u\u017e sant\u016brumo slypi \u0161iluma ir nuo\u0161irdumas, o tai, kas i\u0161 prad\u017ei\u0173 atrod\u0117 kaip atstumas, buvo tiesiog kitoks bendravimo b\u016bdas.<\/p>\n<p>    <img decoding=\"async\" src=\"https:\/\/www.europesays.com\/lt\/wp-content\/uploads\/2026\/03\/74edf399-8753-4160-b76d-2edb9745eff9.jpg\" loading=\"lazy\" alt=\"Lihuei Liang\"\/>    <\/p>\n<p>Kuo ilgiau Lihuei gyveno Lietuvoje, tuo labiau \u0161alis tapo sava. Net ir ma\u017ei dalykai pasikeit\u0117 \u2013 lietuvi\u0161ki \u017eod\u017eiai, tokie kaip \u201ea\u010di\u016b\u201c, \u201eatsipra\u0161au\u201c, \u201eiki\u201c ar \u201eviso\u201c, pama\u017eu nat\u016braliai \u012fsiliejo \u012f kalb\u0105.<\/p>\n<p>\u201eKart\u0105, skrisdama atgal \u012f Taivan\u0105, beveik automati\u0161kai pasakiau a\u010di\u016b skryd\u017eio palydovei\u201c, \u2013 juokiasi ji.<\/p>\n<p>Diskutavo su lietuviais apie laisv\u0119<\/p>\n<p>\u201eAugdama niekada netur\u0117jau ai\u0161kaus ilgalaikio tikslo ar svajoni\u0173 darbo. Ma\u010diau, kad mano bendraam\u017eiai jau \u017eino, ko siekia, o a\u0161 vis dar ie\u0161kojau savo krypties, ir tai, \u017einoma, k\u0117l\u0117 nerim\u0105\u201c, \u2013 atvirai pasakoja Lihuei.<\/p>\n<p>       <img decoding=\"async\" src=\"https:\/\/www.europesays.com\/lt\/wp-content\/uploads\/2026\/03\/cd6cc9b5-9c25-4d34-a713-bbe5f4819fe9.jpg\" loading=\"lazy\" alt=\"Lihuei Liang\"\/>    <\/p>\n<p>Komunikacija, ra\u0161ymu ir k\u016brybin\u0117mis veiklomis mergina susidom\u0117jo dar mokykloje \u2013 ji redagavo \u017eurnalus, metra\u0161\u010dius ir naujienlai\u0161kius. \u201eTai buvo tokia \u012fprasta veikla, kad net nesusim\u0105s\u010diau apie galimyb\u0119 pasirinkti \u0161\u012f keli\u0105 kaip profesij\u0105\u201c, \u2013 sako ji.<\/p>\n<p>Kadangi Lihuei labiausiai domino ne pats ra\u0161ymas, o galimyb\u0117 suprasti pasaul\u012f giliau, ji pasirinko kult\u016bros ir k\u016brybini\u0173 industrij\u0173 studijas Taivane, o v\u0117liau t\u0119s\u0117 mokslus socialini\u0173 inovacij\u0173 magistrant\u016broje.<\/p>\n<p>Noras studijuoti u\u017esienyje kilo i\u0161 smalsumo \u2013 Europa jau seniai buvo jos svajoni\u0173 s\u0105ra\u0161e. \u201eMan nepakako apie jos istorij\u0105, men\u0105 ir muzik\u0105 tik skaityti vadov\u0117liuose \u2013 b\u016btinai tur\u0117jau visa tai patirti pati\u201c, \u2013 sako ji. Taip mergina atrado studijas KTU.<\/p>\n<p>Lihuei po\u017ei\u016bris \u012f mokym\u0105si visada buvo lydimas smalsumo, o ne siekio tur\u0117ti visus atsakymus. \u201eKuo daugiau i\u0161mokstu, tuo ai\u0161kiau suprantu, kiek ma\u017eai \u017einau\u201c, \u2013 sako ji. \u0160is suvokimas jos neatbaid\u0117 \u2013 prie\u0161ingai, dar labiau paskatino ie\u0161koti, klausti ir gilintis.<\/p>\n<p>\u0160i vidin\u0117 nuostata Lietuvoje virto konkre\u010diu veiksmu. Ji suk\u016br\u0117 projekt\u0105 apie laisv\u0119 \u201eWe Bloom in the Garden of Freedom\u201c (angl. \u201e\u017dydime laisv\u0117s sode\u201c), jungiant\u012f Lietuv\u0105 ir Taivan\u0105 per dialog\u0105 ir men\u0105. G\u0117l\u0117s, kurias \u0161iame projekte Lihuei kviet\u0117 visus pie\u0161ti, tapo laisv\u0117s, augimo ir tarpusavio supratimo simboliu.<\/p>\n<p>    <img decoding=\"async\" src=\"https:\/\/www.europesays.com\/lt\/wp-content\/uploads\/2026\/03\/90428964-0ff6-4c16-9414-950d79f2773f.jpg\" loading=\"lazy\" alt=\"Lihuei Liang\"\/>    <\/p>\n<p>Vienas prasmingiausi\u0173 moment\u0173 \u012fvyko kovo 11-\u0105j\u0105, Lietuvos Nepriklausomyb\u0117s atk\u016brimo dien\u0105. T\u0105dien Lihuei stov\u0117jo gatv\u0117je laikydama Lietuvos ir Taivano v\u0117liavas ir kviet\u0117 praeivius susim\u0105styti apie laisv\u0117s ir demokratijos reik\u0161m\u0119.<\/p>\n<p>\u201eNepaisant to, kad kalb\u0117jome skirtingomis kalbomis, \u017emon\u0117s nusi\u0161ypsodavo, parodydavo nyk\u0161t\u012f \u012f vir\u0161\u0173 ar tiesiog pasisveikindavo\u201c, \u2013 pasakoja KTU main\u0173 student\u0117 Lihuei.<\/p>\n<p>Mokytis \u2013 \u012f Vilni\u0173<\/p>\n<p>Lietuv\u0105 studijoms pasirinko ir britas James`as Iain`as McLean`as. \u012e Lietuv\u0105 James`as pirm\u0105kart atvyko dar studijuodamas lingvistik\u0105 ir kalbas bakalauro pakopoje Jungtin\u0117je Karalyst\u0117je. <\/p>\n<p>    <img decoding=\"async\" src=\"https:\/\/www.europesays.com\/lt\/wp-content\/uploads\/2026\/03\/8b074e57-2b87-4c46-85a4-0c79881c5cc9.jpg\" loading=\"lazy\" alt=\"James`as Iain`as McLean`as\"\/>      <\/p>\n<p>Kad jo \u201eErasmus\u201c main\u0173 \u0161alimi taps Lietuva, kaip pats sako, nusprend\u0117 ne jis, o universitetas \u2013 tre\u010diame kurse visi kalbas studijuojantys studentai yra i\u0161siun\u010diami \u012f skirtingose \u0161alyse vykstan\u010di\u0105 main\u0173 program\u0105. Tuo metu apie Lietuv\u0105 jis \u017einojo nedaug, ta\u010diau teigia \u0161al\u012f pa\u017ein\u0119s laikui b\u0117gant, ra\u0161oma VU prane\u0161ime \u017einiasklaidai.<\/p>\n","protected":false},"excerpt":{"rendered":"\u012e Lietuv\u0105 Lihuei atvyko studijuoti Strategin\u0117s komunikacijos. I\u0161 prad\u017ei\u0173 main\u0173 studijose planavusi pasilikti vien\u0105 semestr\u0105, ji nusprend\u0117 jas&hellip;\n","protected":false},"author":2,"featured_media":129076,"comment_status":"","ping_status":"","sticky":false,"template":"","format":"standard","meta":{"footnotes":"","_share_on_mastodon":"0"},"categories":[13],"tags":[25,30,31,34,35,24,32,33,37,39,36,38,40,23,22,28,29,3026,1295,26,27],"class_list":["post-129075","post","type-post","status-publish","format-standard","has-post-thumbnail","category-lietuva","tag-antrastes","tag-breaking-news","tag-breakingnews","tag-featured-news","tag-featurednews","tag-headlines","tag-latest-news","tag-latestnews","tag-lietuva","tag-lietuviu","tag-lithuania","tag-lithuanian","tag-lt","tag-naujienos","tag-news","tag-populiariausios-naujienos","tag-populiariausiosnaujienos","tag-studijos","tag-taivanas","tag-top-stories","tag-topstories"],"share_on_mastodon":{"url":"https:\/\/pubeurope.com\/@lt\/116231940798395059","error":""},"_links":{"self":[{"href":"https:\/\/www.europesays.com\/lt\/wp-json\/wp\/v2\/posts\/129075","targetHints":{"allow":["GET"]}}],"collection":[{"href":"https:\/\/www.europesays.com\/lt\/wp-json\/wp\/v2\/posts"}],"about":[{"href":"https:\/\/www.europesays.com\/lt\/wp-json\/wp\/v2\/types\/post"}],"author":[{"embeddable":true,"href":"https:\/\/www.europesays.com\/lt\/wp-json\/wp\/v2\/users\/2"}],"replies":[{"embeddable":true,"href":"https:\/\/www.europesays.com\/lt\/wp-json\/wp\/v2\/comments?post=129075"}],"version-history":[{"count":0,"href":"https:\/\/www.europesays.com\/lt\/wp-json\/wp\/v2\/posts\/129075\/revisions"}],"wp:featuredmedia":[{"embeddable":true,"href":"https:\/\/www.europesays.com\/lt\/wp-json\/wp\/v2\/media\/129076"}],"wp:attachment":[{"href":"https:\/\/www.europesays.com\/lt\/wp-json\/wp\/v2\/media?parent=129075"}],"wp:term":[{"taxonomy":"category","embeddable":true,"href":"https:\/\/www.europesays.com\/lt\/wp-json\/wp\/v2\/categories?post=129075"},{"taxonomy":"post_tag","embeddable":true,"href":"https:\/\/www.europesays.com\/lt\/wp-json\/wp\/v2\/tags?post=129075"}],"curies":[{"name":"wp","href":"https:\/\/api.w.org\/{rel}","templated":true}]}}