{"id":129236,"date":"2026-03-15T11:06:56","date_gmt":"2026-03-15T11:06:56","guid":{"rendered":"https:\/\/www.europesays.com\/lt\/129236\/"},"modified":"2026-03-15T11:06:56","modified_gmt":"2026-03-15T11:06:56","slug":"maisto-kainu-riboti-vyriausybe-neketina-respublika-lt","status":"publish","type":"post","link":"https:\/\/www.europesays.com\/lt\/129236\/","title":{"rendered":"Maisto kain\u0173 riboti Vyriausyb\u0117 neketina &#8211; Respublika.lt"},"content":{"rendered":"<p><img loading=\"lazy\" decoding=\"async\" src=\"https:\/\/www.respublika.lt\/lt\/naujienos\/lietuva\/kitos-lietuvos-zinios\/maisto-kainu-riboti-vyriausybe-neketina\/images\/ico_camera_white.gif\" class=\"camera\" width=\"22\" height=\"15\" alt=\"nuotr.\" style=\"position:relative; top:-2px; right:2px;\"\/> 1 nuotr.<\/p>\n<p>Asociatyvi redakcijos archyvo nuotr.<\/p>\n<p style=\"text-align: justify;\" class=\"desktop_banner\">\u00a0<\/p>\n<p>\u201ePlanuojate suvaldyti kylan\u010dias kuro kainas, kam i\u0161 principo labai pritariu, ir sak\u0117te, kad b\u016bt\u0173 \u012fvestos kain\u0173 lubos. Kaip tai atrodys tikrov\u0117je ir ar neatsitiks taip, kad ta na\u0161ta bus perkelta ant t\u0173 pa\u010di\u0173 vartotoj\u0173? Jeigu toki\u0105 paprast\u0105 technik\u0105 b\u016bt\u0173 galima \u012fdiegti, sakykite, ar negalvojate apie toki\u0173 kain\u0173 lub\u0173 \u012fvedim\u0105 ir maisto sektoriuje?<\/p>\n<p>Ne paslaptis, kad toje pa\u010dioje Vokietijoje ar kitoje Europos \u0161alyje netgi m\u016bs\u0173, Lietuvos gamintoj\u0173, produkcija yra \u017eymiai pigesn\u0117 negu Lietuvoje. Taip pat turb\u016bt galima b\u016bt\u0173 pakalb\u0117ti ir apie energetikos kainas, tai yra elektros kainas, kai, sakykime, \u0161iuo atveju daugelis \u0161eim\u0173, did\u017eioji dalis, pakli\u016bna \u012f energetin\u012f skurd\u0105&#8221;, &#8211; \u012f I.Ruginien\u0119 Seime kreip\u0117si parlamentaras Aidas Gedvilas.<\/p>\n<p>Premjer\u0117 akcentavo, kad politikas labai teisus, kuro kainos daro \u012ftak\u0105 daugybei sektori\u0173.<\/p>\n<p>\u201eVisi suprantame, kad tai yra labai jautrus klausimas, nes vos tik kyla kuro kainos, mes matome kain\u0173 did\u0117jim\u0105 ir kitur. Tai \u0161iandien turime jau vien\u0105 svarb\u0173 europin\u012f sprendim\u0105 ir lygiai taip pat esame sutar\u0119 su Finans\u0173 ministerija, jiems yra pavesta u\u017eduotis parengti alternatyvas, k\u0105 dar galime padaryti nacionaliniu lygmeniu. Vienas i\u0161 t\u0173 gal\u0117t\u0173 b\u016bti lubos, bet tai neb\u016btinai yra geriausias b\u016bdas.<\/p>\n<p>Bet yra pavesta pasi\u017ei\u016br\u0117ti daug pla\u010diau ir artimiausiomis dienomis jie turi pristatyti alternatyvas, ir pasi\u017ei\u016br\u0117sime, k\u0105 mes galime dar papildomai pristatyti visuomenei. Bet turb\u016bt peradresuosiu dar energetikos ministrui apie europin\u012f sprendim\u0105 daugiau pasakyti, nes Energetikos ministerija aktyviai dalyvavo \u0161iame procese, ir turime jau pirm\u0105 \u017eingsn\u012f suvaldant kainas, bet dar tur\u0117sime padirb\u0117ti ir nacionaliniu lygmeniu&#8221;, &#8211; kalb\u0117jo I.Ruginien\u0117.<\/p>\n<p>Anot energetikos ministro \u017dygimanto Vai\u010di\u016bno, n\u0117ra vieno magi\u0161ko sprendimo, kuris i\u0161spr\u0119st\u0173 \u0161i\u0105 problem\u0105, nes problema yra globali. Ta\u010diau jis pasid\u017eiaug\u0117 tre\u010diadien\u012f priimtu sprendimu.<\/p>\n<p>Jis akcentavo, kad \u0161i\u0105 savait\u0119 teko daug dirbti su Tarptautine energetikos agent\u016bra, kuri vos \u0161e\u0161t\u0105 kart\u0105 per savo istorij\u0105, siekian\u010di\u0105 1973-uosius pri\u0117m\u0117 tam tikr\u0105 sprendim\u0105.<\/p>\n<p>\u201ePri\u0117m\u0117 sprendim\u0105, kad yra valstyb\u0117s naftos ir naftos produkt\u0173 atsargos, kurios yra saugomos kriz\u0117s laikotarpiams, yra duotas leidimas savanori\u0161kai valstyb\u0117ms nar\u0117ms priimti sprendimus d\u0117l tam tikro kiekio atlaisvinimo ir t\u0173 atsarg\u0173 \u012fvedimo \u012f rink\u0105. \u0160iuo metu kalbame apie 90 dien\u0173 laikotarp\u012f. Lietuvos atveju tai irgi b\u016bt\u0173 gana reik\u0161mingas sprendimas.<\/p>\n<p>Be abejo, mes turime u\u017etikrinti, kad \u0161i galimyb\u0117, kuria galime pasinaudoti, duot\u0173 did\u017eiausi\u0105 \u012fmanom\u0105 efekt\u0105. D\u0117l to, pirma, koordinuojam\u0117s su Latvijos, Estijos ministrais, mes turime regionin\u0119 rink\u0105.<\/p>\n<p>O kalbant d\u0117l skurdo, b\u016btent energetinio skurdo, klausimo ir j\u016bs\u0173 min\u0117to klausimo d\u0117l elektros energijos kain\u0173, tai, \u017einoma, padar\u0117me sprendimus anks\u010diau ir jau nuo \u0161i\u0173 met\u0173 sausio 1 dienos pa\u017eeid\u017eiami vartotojai, kuri\u0173 Lietuvoje turime daugiau negu 400 t\u016bkst., gali tur\u0117ti visuomeninio tiekimo paslaug\u0105 ir u\u017e elektros energij\u0105 mok\u0117ti fiksuot\u0105 18 cent\u0173 u\u017e kilovatvaland\u0119 kain\u0105, taip pat nemok\u0117ti abonentinio mokes\u010dio. Yra tam tikras pajud\u0117jimas rinkoje, ir dalis vartotoj\u0173 atsisako b\u016btent nepriklausomo tiekimo. Padar\u0117me sistem\u0105, kad jiems nieko nereik\u0117t\u0173 sudaryti papildomai, joki\u0173 sutar\u010di\u0173, tai yra jeigu pa\u017eeid\u017eiam\u0105 vartotojo status\u0105 turintis vartotojas nutraukia sutart\u012f su nepriklausomu tiek\u0117ju, jisai automati\u0161kai patenka \u012f visuomenin\u012f tiekim\u0105 ir automati\u0161kai jam yra i\u0161ra\u0161omos s\u0105skaitos 18 cent\u0173 u\u017e kilovatvaland\u0119. Tai dar kart\u0105 noriu paraginti gyventojus tai daryti. Ie\u0161kome ir kit\u0173 dar instrument\u0173, kad didesn\u0117 dalis gyventoj\u0173 gal\u0117t\u0173 \u0161ia priemone pasinaudoti&#8221;, &#8211; teig\u0117 energetikos ministras.<\/p>\n","protected":false},"excerpt":{"rendered":"1 nuotr. Asociatyvi redakcijos archyvo nuotr. \u00a0 \u201ePlanuojate suvaldyti kylan\u010dias kuro kainas, kam i\u0161 principo labai pritariu, ir&hellip;\n","protected":false},"author":2,"featured_media":129237,"comment_status":"","ping_status":"","sticky":false,"template":"","format":"standard","meta":{"footnotes":"","_share_on_mastodon":"0"},"categories":[6],"tags":[25,30,31,644,34,35,5482,24,2480,32,33,37,39,36,38,40,2931,23,22,28,29,18875,412,3901,26,27,3675],"class_list":["post-129236","post","type-post","status-publish","format-standard","has-post-thumbnail","category-antrastes","tag-antrastes","tag-breaking-news","tag-breakingnews","tag-energetika","tag-featured-news","tag-featurednews","tag-gedvilas","tag-headlines","tag-kainos","tag-latest-news","tag-latestnews","tag-lietuva","tag-lietuviu","tag-lithuania","tag-lithuanian","tag-lt","tag-maistas","tag-naujienos","tag-news","tag-populiariausios-naujienos","tag-populiariausiosnaujienos","tag-ribojimas","tag-ruginiene","tag-skurdas","tag-top-stories","tag-topstories","tag-vaiciunas"],"share_on_mastodon":{"url":"https:\/\/pubeurope.com\/@lt\/116232876391967161","error":""},"_links":{"self":[{"href":"https:\/\/www.europesays.com\/lt\/wp-json\/wp\/v2\/posts\/129236","targetHints":{"allow":["GET"]}}],"collection":[{"href":"https:\/\/www.europesays.com\/lt\/wp-json\/wp\/v2\/posts"}],"about":[{"href":"https:\/\/www.europesays.com\/lt\/wp-json\/wp\/v2\/types\/post"}],"author":[{"embeddable":true,"href":"https:\/\/www.europesays.com\/lt\/wp-json\/wp\/v2\/users\/2"}],"replies":[{"embeddable":true,"href":"https:\/\/www.europesays.com\/lt\/wp-json\/wp\/v2\/comments?post=129236"}],"version-history":[{"count":0,"href":"https:\/\/www.europesays.com\/lt\/wp-json\/wp\/v2\/posts\/129236\/revisions"}],"wp:featuredmedia":[{"embeddable":true,"href":"https:\/\/www.europesays.com\/lt\/wp-json\/wp\/v2\/media\/129237"}],"wp:attachment":[{"href":"https:\/\/www.europesays.com\/lt\/wp-json\/wp\/v2\/media?parent=129236"}],"wp:term":[{"taxonomy":"category","embeddable":true,"href":"https:\/\/www.europesays.com\/lt\/wp-json\/wp\/v2\/categories?post=129236"},{"taxonomy":"post_tag","embeddable":true,"href":"https:\/\/www.europesays.com\/lt\/wp-json\/wp\/v2\/tags?post=129236"}],"curies":[{"name":"wp","href":"https:\/\/api.w.org\/{rel}","templated":true}]}}