{"id":129408,"date":"2026-03-15T15:06:08","date_gmt":"2026-03-15T15:06:08","guid":{"rendered":"https:\/\/www.europesays.com\/lt\/129408\/"},"modified":"2026-03-15T15:06:08","modified_gmt":"2026-03-15T15:06:08","slug":"kazachstane-vyksta-referendumas-del-naujos-konstitucijos","status":"publish","type":"post","link":"https:\/\/www.europesays.com\/lt\/129408\/","title":{"rendered":"Kazachstane vyksta referendumas d\u0117l naujos konstitucijos"},"content":{"rendered":"<p>K. \u017d. Tokajevas nuo 2019 m. vadovauja buvusiai sovietinei respublikai, kurioje prie\u0161 tai 30 met\u0173 vald\u017eioje buvo autoritarinis \u0161alies vadovas Nursultanas Nazarbajevas.\u00a0 2022 m. saus\u012f Kazachstane kilo masiniai protestai prie\u0161 vyriausyb\u0119, kurie buvo numal\u0161inti j\u0117ga. \u017duvo 238 \u017emon\u0117s. Po kriz\u0117s K. \u017d. Tokajevas pa\u017ead\u0117jo politines reformas.<\/p>\n<p>Nauja konstitucija, pasak K. \u017d. Tokajevo, u\u017etikrins per\u0117jim\u0105 nuo \u201esuperprezidentin\u0117s sistemos\u201c, kurioje vald\u017eia smarkiai sutelkta prezidento rankose, \u012f prezidentin\u0119 sistem\u0105 su \u201estipriu parlamentu\u201c.<\/p>\n<p>Vis d\u0117lto keli planuojami pakeitimai veikiau rodo prie\u0161ing\u0105 tendencij\u0105: vietoje dvej\u0173 r\u016bm\u0173 parlamento tur\u0117t\u0173 atsirasti vien\u0173 r\u016bm\u0173 parlamentas. Prezidentas ateityje pats vienas skirt\u0173 Centrinio banko, \u017evalgybos ir Konstitucinio Teismo vadovus. Jei parlamentas nepritart\u0173 kitiems paskyrimams, pagal \u0161iuos planus prezidentas gal\u0117t\u0173 paleisti parlament\u0105 ir laikinai pats leisti \u012fstatymus.<\/p>\n<p>Pagal nauj\u0105j\u0105 konstitucij\u0105 \u017eod\u017eio laisv\u0117, kuri Kazachstane ir taip yra stipriai ribojama, negal\u0117s \u201ekenkti visuomen\u0117s moralei ar trikdyti vie\u0161\u0105j\u0105 tvark\u0105\u201c. Remiantis \u0161ia nuostata, protestus, kuri\u0173 ir taip beveik neb\u0117ra, b\u016bt\u0173 galima dar lengviau u\u017edrausti.<\/p>\n<p>\u017dmogaus teisi\u0173 organizacija \u201eHuman Rights Watch\u201c \u012fsp\u0117jo, kad reforma gali sukelti \u201eperteklin\u012f ir nepateisinam\u0105 \u017eod\u017eio, asociacij\u0173 ir susirinkim\u0173 laisv\u0117s ribojim\u0105\u201c.<\/p>\n","protected":false},"excerpt":{"rendered":"K. \u017d. Tokajevas nuo 2019 m. vadovauja buvusiai sovietinei respublikai, kurioje prie\u0161 tai 30 met\u0173 vald\u017eioje buvo autoritarinis&hellip;\n","protected":false},"author":2,"featured_media":129409,"comment_status":"","ping_status":"","sticky":false,"template":"","format":"standard","meta":{"footnotes":"","_share_on_mastodon":"0"},"categories":[15],"tags":[25,30,31,34,35,24,3455,32,33,37,39,36,38,40,23,22,44,28,29,26,27,74,75,76],"class_list":["post-129408","post","type-post","status-publish","format-standard","has-post-thumbnail","category-pasaulis","tag-antrastes","tag-breaking-news","tag-breakingnews","tag-featured-news","tag-featurednews","tag-headlines","tag-kazachstanas","tag-latest-news","tag-latestnews","tag-lietuva","tag-lietuviu","tag-lithuania","tag-lithuanian","tag-lt","tag-naujienos","tag-news","tag-pasaulis","tag-populiariausios-naujienos","tag-populiariausiosnaujienos","tag-top-stories","tag-topstories","tag-world","tag-world-news","tag-worldnews"],"share_on_mastodon":{"url":"https:\/\/pubeurope.com\/@lt\/116233816157863642","error":""},"_links":{"self":[{"href":"https:\/\/www.europesays.com\/lt\/wp-json\/wp\/v2\/posts\/129408","targetHints":{"allow":["GET"]}}],"collection":[{"href":"https:\/\/www.europesays.com\/lt\/wp-json\/wp\/v2\/posts"}],"about":[{"href":"https:\/\/www.europesays.com\/lt\/wp-json\/wp\/v2\/types\/post"}],"author":[{"embeddable":true,"href":"https:\/\/www.europesays.com\/lt\/wp-json\/wp\/v2\/users\/2"}],"replies":[{"embeddable":true,"href":"https:\/\/www.europesays.com\/lt\/wp-json\/wp\/v2\/comments?post=129408"}],"version-history":[{"count":0,"href":"https:\/\/www.europesays.com\/lt\/wp-json\/wp\/v2\/posts\/129408\/revisions"}],"wp:featuredmedia":[{"embeddable":true,"href":"https:\/\/www.europesays.com\/lt\/wp-json\/wp\/v2\/media\/129409"}],"wp:attachment":[{"href":"https:\/\/www.europesays.com\/lt\/wp-json\/wp\/v2\/media?parent=129408"}],"wp:term":[{"taxonomy":"category","embeddable":true,"href":"https:\/\/www.europesays.com\/lt\/wp-json\/wp\/v2\/categories?post=129408"},{"taxonomy":"post_tag","embeddable":true,"href":"https:\/\/www.europesays.com\/lt\/wp-json\/wp\/v2\/tags?post=129408"}],"curies":[{"name":"wp","href":"https:\/\/api.w.org\/{rel}","templated":true}]}}