{"id":12961,"date":"2025-10-08T11:15:08","date_gmt":"2025-10-08T11:15:08","guid":{"rendered":"https:\/\/www.europesays.com\/lt\/12961\/"},"modified":"2025-10-08T11:15:08","modified_gmt":"2025-10-08T11:15:08","slug":"ek-pirmininke-es-privalo-reaguoti-i-rusijos-hibridini-kara","status":"publish","type":"post","link":"https:\/\/www.europesays.com\/lt\/12961\/","title":{"rendered":"EK pirminink\u0117: ES privalo reaguoti \u012f Rusijos hibridin\u012f kar\u0105"},"content":{"rendered":"<p>\u201e\u0160ie incidentai n\u0117ra atsitiktiniai. Tai nuosekli ir eskaluojama kampanija\u201c, \u2013 Europos S\u0105jungos (ES) \u012fstatym\u0173 leid\u0117jams sak\u0117 EK vadov\u0117. <\/p>\n<p>\u201eDu incidentai gali b\u016bti sutapimas, bet trys, penki, de\u0161imt \u2013 tai s\u0105moninga ir tikslin\u0117 pilkosios zonos kampanija prie\u0161 Europ\u0105, ir Europa privalo reaguoti\u201c, \u2013 sak\u0117 ji. <\/p>\n<p>ES \u0161alis Lenkij\u0105, Estij\u0105 ir Rumunij\u0105 neseniai supurt\u0117 Rusijos \u012fsiver\u017eimai \u012f oro erdv\u0119, o Danijoje, Vokietijoje ir Belgijoje buvo pasteb\u0117ti neatpa\u017einti dronai. <\/p>\n<p>Europos \u0161alys jau padidino gynybos i\u0161laidas iki auk\u0161\u010diausio lygio nuo \u0161altojo karo laik\u0173, Maskvai prad\u0117jus kar\u0105 Ukrainoje ir kilus abejon\u0117ms d\u0117l JAV paramos valdant prezidentui Donaldui Trumpui. <\/p>\n<p>Dabar ES siekia parengti bendrus 27 valstybi\u0173 bloko projektus, \u012fskaitant apsaugos nuo dron\u0173 \u201esien\u0105\u201c. <\/p>\n<p>\u201eTurime ne tik reaguoti. Turime atgrasyti, nes jei dvejosime imtis veiksm\u0173, pilkoji zona tik pl\u0117sis\u201c, \u2013 sak\u0117 U. von der Leyen. <\/p>\n<p>\u201ePagrindin\u0117 Europos S\u0105jungos misija yra i\u0161saugoti taik\u0105, o \u0161iandien tai rei\u0161kia geb\u0117jim\u0105 atgrasyti agresij\u0105 ir provokacijas\u201c, \u2013 sak\u0117 ji.<\/p>\n<p>V\u0117liau \u0161\u012f m\u0117nes\u012f Briuselyje vyksian\u010diame ES lyderi\u0173 susitikime bus siekiama susitarti d\u0117l \u201ekelio gairi\u0173\u201c, kad blokas b\u016bt\u0173 pasireng\u0119s atremti Rusijos keliamas gr\u0117smes ateinan\u010diais metais. <\/p>\n<p>\u201eBus nustatyti ne tik bendri tikslai, bet ir labai konkret\u016bs etapai bei terminai iki 2030 m., nes visi \u017einome, kad realiai padaroma tik tai, kas i\u0161matuojama\u201c, \u2013 sak\u0117 U. von der Leyen. <\/p>\n<p>EK pirminink\u0117 tvirtino, kad kova su \u201eRusijos hibridiniu karu\u201c reikalauja \u201evisi\u0161kai naujos m\u016bs\u0173 vis\u0173 m\u0105stysenos\u201c. <\/p>\n<p>\u201eM\u016bs\u0173 pasirinkimas labai paprastas. Mes galime arba nusi\u0161alinti ir steb\u0117ti, kaip Rusijos gr\u0117sm\u0117s did\u0117ja, arba jas atremti vienybe, atgrasymu ir ry\u017etu\u201c, \u2013 sak\u0117 U. von der Leyen.<\/p>\n","protected":false},"excerpt":{"rendered":"\u201e\u0160ie incidentai n\u0117ra atsitiktiniai. Tai nuosekli ir eskaluojama kampanija\u201c, \u2013 Europos S\u0105jungos (ES) \u012fstatym\u0173 leid\u0117jams sak\u0117 EK vadov\u0117.&hellip;\n","protected":false},"author":2,"featured_media":12962,"comment_status":"","ping_status":"","sticky":false,"template":"","format":"standard","meta":{"footnotes":""},"categories":[15],"tags":[25,30,31,78,34,35,24,32,33,37,39,36,38,40,23,22,44,28,29,26,27,1815,74,75,76],"class_list":{"0":"post-12961","1":"post","2":"type-post","3":"status-publish","4":"format-standard","5":"has-post-thumbnail","7":"category-pasaulis","8":"tag-antrastes","9":"tag-breaking-news","10":"tag-breakingnews","11":"tag-europos-komisija","12":"tag-featured-news","13":"tag-featurednews","14":"tag-headlines","15":"tag-latest-news","16":"tag-latestnews","17":"tag-lietuva","18":"tag-lietuviu","19":"tag-lithuania","20":"tag-lithuanian","21":"tag-lt","22":"tag-naujienos","23":"tag-news","24":"tag-pasaulis","25":"tag-populiariausios-naujienos","26":"tag-populiariausiosnaujienos","27":"tag-top-stories","28":"tag-topstories","29":"tag-ursula-von-der-leyen","30":"tag-world","31":"tag-world-news","32":"tag-worldnews"},"share_on_mastodon":{"url":"","error":""},"_links":{"self":[{"href":"https:\/\/www.europesays.com\/lt\/wp-json\/wp\/v2\/posts\/12961","targetHints":{"allow":["GET"]}}],"collection":[{"href":"https:\/\/www.europesays.com\/lt\/wp-json\/wp\/v2\/posts"}],"about":[{"href":"https:\/\/www.europesays.com\/lt\/wp-json\/wp\/v2\/types\/post"}],"author":[{"embeddable":true,"href":"https:\/\/www.europesays.com\/lt\/wp-json\/wp\/v2\/users\/2"}],"replies":[{"embeddable":true,"href":"https:\/\/www.europesays.com\/lt\/wp-json\/wp\/v2\/comments?post=12961"}],"version-history":[{"count":0,"href":"https:\/\/www.europesays.com\/lt\/wp-json\/wp\/v2\/posts\/12961\/revisions"}],"wp:featuredmedia":[{"embeddable":true,"href":"https:\/\/www.europesays.com\/lt\/wp-json\/wp\/v2\/media\/12962"}],"wp:attachment":[{"href":"https:\/\/www.europesays.com\/lt\/wp-json\/wp\/v2\/media?parent=12961"}],"wp:term":[{"taxonomy":"category","embeddable":true,"href":"https:\/\/www.europesays.com\/lt\/wp-json\/wp\/v2\/categories?post=12961"},{"taxonomy":"post_tag","embeddable":true,"href":"https:\/\/www.europesays.com\/lt\/wp-json\/wp\/v2\/tags?post=12961"}],"curies":[{"name":"wp","href":"https:\/\/api.w.org\/{rel}","templated":true}]}}