{"id":129697,"date":"2026-03-16T03:46:08","date_gmt":"2026-03-16T03:46:08","guid":{"rendered":"https:\/\/www.europesays.com\/lt\/129697\/"},"modified":"2026-03-16T03:46:08","modified_gmt":"2026-03-16T03:46:08","slug":"paaiskejo-kuris-miestas-paliko-didiji-choru-musi-3","status":"publish","type":"post","link":"https:\/\/www.europesays.com\/lt\/129697\/","title":{"rendered":"Paai\u0161k\u0117jo, kuris miestas paliko \u201eDid\u012fj\u012f chor\u0173 m\u016b\u0161\u012f\u201c"},"content":{"rendered":"<p class=\"p2\">Kartu su legendiniais projekto generolais Inga Jankauskaite ir Vytautu Luko\u010diumi \u0161\u012f vakar\u0105 chorus vertino ir kviestin\u0117 generol\u0117 \u2013 i\u0161skirtin\u0117 atlik\u0117ja <a rel=\"noopener nofollow\" target=\"_blank\" href=\"https:\/\/www.delfi.lt\/temos\/evgenya-redko\" tag-id=\"82070911\">Evgenya Redko<\/a>, ra\u0161oma prane\u0161ime spaudai. <\/p>\n<p class=\"p2\">Vienas m\u016b\u0161is vyksta du sekmadienius i\u0161 eil\u0117s \u2013 tuomet sumuojami generol\u0173 balai ir \u017ei\u016brov\u0173 balsai. Susumavus dviej\u0173 sekmadieni\u0173 rezultatus paai\u0161k\u0117jo generol\u0173 favoritai: maksimal\u0173 bal\u0173 skai\u010di\u0173 \u2013 net 60 \u2013 surinko Kauno \u201eRubininis\u201c choras. 59 balus peln\u0117 Alytaus \u201e\u017daliasis\u201c choras. Klaip\u0117dos \u201eM\u0117lynasis\u201c ir Panev\u0117\u017eio \u201ePurpurinis\u201c chorai gavo po 56 balus. Ma\u017eiausiai generol\u0173 palankumo sulauk\u0117 Marijampol\u0117s \u201eRo\u017einis\u201c choras, surink\u0119s 53 balus.<\/p>\n<p class=\"p2\">\u017di\u016brovai daugiausia bals\u0173 skyr\u0117 Klaip\u0117dos \u201eM\u0117lynajam\u201c chorui, o ma\u017eiausiai \u017ei\u016brov\u0173 bals\u0173 surinko Kauno \u201eRubininis\u201c choras. <\/p>\n<p class=\"p2\">Susumavus generol\u0173 komisijos ir \u017ei\u016brov\u0173 balsus, pirm\u0105j\u0105 viet\u0105 u\u017e\u0117m\u0117 Panev\u0117\u017eio \u201ePurpurinis\u201c choras, peln\u0119s Auksin\u012f ta\u0161k\u0105, kur\u012f panaudos sekan\u010diame etape. <\/p>\n<p class=\"p2\">Paskutin\u0117je lentel\u0117s vietoje liko Marijampol\u0117s \u201eRo\u017einis\u201c choras, vadovaujamas kapiton\u0117s <a rel=\"noopener nofollow\" target=\"_blank\" href=\"https:\/\/www.delfi.lt\/temos\/paulina-paukstaityte\" tag-id=\"92319163\">Paulinos Pauk\u0161taityt\u0117s<\/a>. Marijampolie\u010diai, deja, kovos kit\u0105 sekmadien\u012f nebet\u0119s. Surink\u0119 ma\u017eiausiai bal\u0173 jie paliko projekt\u0105. <\/p>\n<p class=\"p2\">Kit\u0105 sekmadien\u012f \u017ei\u016brovai i\u0161vys naujausius Kauno, Klaip\u0117dos, Alytaus ir Panev\u0117\u017eio chor\u0173 pasirodymus. J\u0173 tikslas \u2013 garsinti savo miest\u0105 ir parve\u017eti pagrindin\u012f superpriz\u0105 \u012f savo bendruomen\u0119.<\/p>\n","protected":false},"excerpt":{"rendered":"Kartu su legendiniais projekto generolais Inga Jankauskaite ir Vytautu Luko\u010diumi \u0161\u012f vakar\u0105 chorus vertino ir kviestin\u0117 generol\u0117 \u2013&hellip;\n","protected":false},"author":2,"featured_media":129698,"comment_status":"","ping_status":"","sticky":false,"template":"","format":"standard","meta":{"footnotes":"","_share_on_mastodon":"0"},"categories":[21],"tags":[113,4499,37,39,36,38,2574,40,12613,114],"class_list":["post-129697","post","type-post","status-publish","format-standard","has-post-thumbnail","category-pramogos","tag-entertainment","tag-evgenya-redko","tag-lietuva","tag-lietuviu","tag-lithuania","tag-lithuanian","tag-lnk","tag-lt","tag-paulina-paukstaityte","tag-pramogos"],"share_on_mastodon":{"url":"https:\/\/pubeurope.com\/@lt\/116236804596294930","error":""},"_links":{"self":[{"href":"https:\/\/www.europesays.com\/lt\/wp-json\/wp\/v2\/posts\/129697","targetHints":{"allow":["GET"]}}],"collection":[{"href":"https:\/\/www.europesays.com\/lt\/wp-json\/wp\/v2\/posts"}],"about":[{"href":"https:\/\/www.europesays.com\/lt\/wp-json\/wp\/v2\/types\/post"}],"author":[{"embeddable":true,"href":"https:\/\/www.europesays.com\/lt\/wp-json\/wp\/v2\/users\/2"}],"replies":[{"embeddable":true,"href":"https:\/\/www.europesays.com\/lt\/wp-json\/wp\/v2\/comments?post=129697"}],"version-history":[{"count":0,"href":"https:\/\/www.europesays.com\/lt\/wp-json\/wp\/v2\/posts\/129697\/revisions"}],"wp:featuredmedia":[{"embeddable":true,"href":"https:\/\/www.europesays.com\/lt\/wp-json\/wp\/v2\/media\/129698"}],"wp:attachment":[{"href":"https:\/\/www.europesays.com\/lt\/wp-json\/wp\/v2\/media?parent=129697"}],"wp:term":[{"taxonomy":"category","embeddable":true,"href":"https:\/\/www.europesays.com\/lt\/wp-json\/wp\/v2\/categories?post=129697"},{"taxonomy":"post_tag","embeddable":true,"href":"https:\/\/www.europesays.com\/lt\/wp-json\/wp\/v2\/tags?post=129697"}],"curies":[{"name":"wp","href":"https:\/\/api.w.org\/{rel}","templated":true}]}}