{"id":12991,"date":"2025-10-08T11:34:13","date_gmt":"2025-10-08T11:34:13","guid":{"rendered":"https:\/\/www.europesays.com\/lt\/12991\/"},"modified":"2025-10-08T11:34:13","modified_gmt":"2025-10-08T11:34:13","slug":"likusiems-pensiju-fonduose-didesne-nasta-respublika-lt","status":"publish","type":"post","link":"https:\/\/www.europesays.com\/lt\/12991\/","title":{"rendered":"Likusiems pensij\u0173 fonduose &#8211; didesn\u0117 na\u0161ta? &#8211; Respublika.lt"},"content":{"rendered":"<p><img loading=\"lazy\" decoding=\"async\" src=\"https:\/\/www.respublika.lt\/lt\/naujienos\/lietuva\/verslas\/likusiems-pensiju-fonduose---didesne-nasta\/images\/ico_camera_white.gif\" class=\"camera\" width=\"22\" height=\"15\" alt=\"nuotr.\" style=\"position:relative; top:-2px; right:2px;\"\/> 1 nuotr.<\/p>\n<p>Lietuvos banko atstovas parei\u0161k\u0117, kad i\u0161 antrosios pensij\u0173 pakopos nepasitrauk\u0119 gyventojai tur\u0117s mok\u0117ti didesnius kaupimo mokes\u010dius. Pixabay.com nuotr.<\/p>\n<p style=\"text-align: justify;\" class=\"desktop_banner\">\u00a0<\/p>\n<p>\u00a0<\/p>\n<p>\u201e\u012estatyme ai\u0161kiai pasakyta, kad mokes\u010diai priklauso nuo pensij\u0173 fondo dyd\u017eio &#8211; kuo jis didesnis, tuo ma\u017eesni atskaitymai. Tai rei\u0161kia, kad gali b\u016bti tokia situacija, kad pensij\u0173 fondo turtas suma\u017e\u0117s ir likusiems kaupti bus taikomi didesni atskaitymai, negu buvo iki sausio pirmos dienos&#8221;, &#8211; \u017einiasklaidai sak\u0117 Lietuvos banko Finansini\u0173 paslaug\u0173 ir rink\u0173 prie\u017ei\u016bros departamento direktorius V.Cibas.<\/p>\n<p>\u201eTie, kurie liks antroje pakopoje, negaliu sakyti, kad pajaus ka\u017ekok\u012f neigiam\u0105 poveik\u012f, bet situacija b\u016bt\u0173 \u017eymiai geresn\u0117, jeigu t\u0173 i\u0161einan\u010di\u0173j\u0173 b\u016bt\u0173 ma\u017eiau&#8221;, &#8211; prid\u016br\u0117 jis.<\/p>\n<p>Anot V.Cibo, remiantis Estijos pavyzd\u017eiu, Lietuvoje i\u0161 kaupimo tur\u0117t\u0173 pasitraukti nuo 20 proc. iki 50 proc. kaupian\u010di\u0173j\u0173. Lietuvos bankas prognozuoja, kad kaupim\u0105 nutrauks penktadalis antrosios pakopos dalyvi\u0173.<\/p>\n<p>V.Cibas neatmet\u0117, kad pasitraukus tokiai antrosios pakopos dalyvi\u0173 daliai, pensij\u0173 fondai kukliau investuos, pavyzd\u017eiui, \u012f privat\u0173 kapital\u0105 ar infrastrukt\u016br\u0105. Jo teigimu, nema\u017ea dalis atsiimt\u0173 l\u0117\u0161\u0173 bus i\u0161leistos vartojimui, taip pat paskoloms, vartojimo kreditams gr\u0105\u017einti. Dar ka\u017ekiek l\u0117\u0161\u0173 bus pad\u0117tos \u012f ind\u0117lius, taupomos \u012fvairiems tikslams ar investuojamos.<\/p>\n<p>Seimo sprendimu, nuo 2026 m. gyventojai gal\u0117s i\u0161 pensij\u0173 fond\u0173 atsiimti dal\u012f arba visas l\u0117\u0161as ar ilgesniam laikotarpiui sustabdyti \u012fmokas.<\/p>\n<p>Europos Parlamento narys, socialdemokrat\u0173 partijos garb\u0117s pirmininkas Vytenis Povilas Andriukaitis \u201eVakaro \u017einioms&#8221; teig\u0117, kad normalu, jog \u017emon\u0117ms leista savo nuo\u017ei\u016bra disponuoti pensij\u0173 fonduose sukauptais pinigais.<\/p>\n<p>\u201eNelabai tikiu tuo, k\u0105 sako Lietuvos banko atstovas. Negali \u017emon\u0117s nukent\u0117ti d\u0117l to, kad ka\u017ekas kitas atsiims savo pinigus&#8221;, &#8211; trumpai pasak\u0117 V.P.Andriukaitis.<\/p>\n<p>Jam antrino Seimo Biud\u017eeto ir finans\u0173 komiteto pirmininkas Algirdas Sysas.<\/p>\n<p>\u201eNetur\u0117t\u0173 lik\u0119 fonduose mok\u0117ti daugiau vien d\u0117l to, kad ka\u017ekas kitas i\u0161 j\u0173 pasitrauk\u0117. \u010cia ka\u017ekoks nesusipratimas. Pensij\u0173 fond\u0173 atskaitymai yra ai\u0161kiai apibr\u0117\u017eti \u012fstatymu. Yra nustatytas metinis mokestis, atskaitymai u\u017e administravim\u0105. Nauji dyd\u017eiai nepakeitus \u012fstatymo negali b\u016bti taikomi, o kad b\u016bt\u0173 u\u017eregistruotas atitinkamas projektas, nema\u010diau.<\/p>\n<p>Gal Lietuvos banko atstovas tur\u0117jo mintyje, kad, daliai \u017emoni\u0173 pasitraukus i\u0161 fond\u0173, gr\u0105\u017ea bus ma\u017eesn\u0117? Tas tai taip, nes kuo ma\u017eiau \u017emoni\u0173 kaups, tuo fondai u\u017edirbs ma\u017eesn\u012f peln\u0105. Su tuo tai sutik\u010diau, bet ne su didesniais kaupimo mokes\u010diais&#8221;, &#8211; akcentavo A.Sysas.<\/p>\n<p>Politikas nesi\u0117m\u0117 sp\u0117lioti, kiek \u017emoni\u0173 pasitrauks i\u0161 fond\u0173 ir kiek pinig\u0173 jie i\u0161sine\u0161.<\/p>\n<p>\u201eTa\u010diau kitose \u0161alyse, kur buvo leid\u017eiama \u017emon\u0117ms i\u0161eiti i\u0161 fond\u0173, i\u0161\u0117jo nuo 20 iki 40 proc. kaupusi\u0173j\u0173. Pas mus bus leid\u017eiama trauktis ne vienerius metus, o dvejus, tod\u0117l tiek \u017emoni\u0173 skai\u010dius, tiek i\u0161imtos sumos gali b\u016bti dar didesn\u0117s. Koks kontingentas trauksis? Manau, \u017emon\u0117s, kuriems pinig\u0173 reikia \u010dia ir dabar. Bei tie, kurie turi sukaup\u0119 daugiau.<\/p>\n<p>Mano si\u016blymas buvo labai paprastas: fiksuoti tik galimo pasitraukimo i\u0161 pensij\u0173 fond\u0173 prad\u017ei\u0105 ir nefiksuoti pabaigos, tada \u017emon\u0117s nuspr\u0119st\u0173 trauktis tik kai tikrai labai prisireikia pinig\u0173. O kai \u017emon\u0117s \u012fspaud\u017eiami \u012f dviej\u0173 met\u0173 r\u0117mus, tai bus du bumai. Pirmasis bumas bus i\u0161kart po Nauj\u0173j\u0173 met\u0173, antrasis &#8211; 2027 m. pabaigoje, kai laikotarpis baigin\u0117sis&#8221;, &#8211; prognozavo Seimo Biud\u017eeto ir finans\u0173 komiteto pirmininkas.<\/p>\n<p>Pagal dabartin\u012f \u012fstatym\u0105 \u017emogus 2026-2027 m. gal\u0117s i\u0161 fondo trauktis su visais pinigais be jokios svarbios prie\u017easties, nors anks\u010diau ketinta leisti pinigus i\u0161siimti tik esant sunkiai ligai ar kitai svariai prie\u017eas\u010diai.<\/p>\n<p>\u201eTa\u010diau tie, kurie per dvejus metus nepasitrauks, v\u0117liau, kaip pasi\u016bl\u0117 prezident\u016bra, gal\u0117s pasiimti tik 25 proc. sukaupt\u0173 pinig\u0173. Ir tik nurod\u0119 svari\u0105 prie\u017east\u012f. Kitaip tariant, dabar \u017emon\u0117ms Seimas duoda signal\u0105: traukit\u0117s i\u0161 fond\u0173 per tuos dvejus metus, nes jei v\u0117liau prireiks pinig\u0173, j\u016bs j\u0173 neatgausite. Tai ir nulems didesn\u012f pasitraukusi\u0173j\u0173 skai\u010di\u0173&#8221;, &#8211; reziumavo A.Sysas.<\/p>\n","protected":false},"excerpt":{"rendered":"1 nuotr. Lietuvos banko atstovas parei\u0161k\u0117, kad i\u0161 antrosios pensij\u0173 pakopos nepasitrauk\u0119 gyventojai tur\u0117s mok\u0117ti didesnius kaupimo mokes\u010dius.&hellip;\n","protected":false},"author":2,"featured_media":12992,"comment_status":"","ping_status":"","sticky":false,"template":"","format":"standard","meta":{"footnotes":""},"categories":[13],"tags":[25,30,31,3759,34,35,4708,24,32,33,37,39,36,38,40,3172,23,22,2946,4710,495,28,29,4709,26,27],"class_list":{"0":"post-12991","1":"post","2":"type-post","3":"status-publish","4":"format-standard","5":"has-post-thumbnail","7":"category-lietuva","8":"tag-antrastes","9":"tag-breaking-news","10":"tag-breakingnews","11":"tag-cibas","12":"tag-featured-news","13":"tag-featurednews","14":"tag-fonai","15":"tag-headlines","16":"tag-latest-news","17":"tag-latestnews","18":"tag-lietuva","19":"tag-lietuviu","20":"tag-lithuania","21":"tag-lithuanian","22":"tag-lt","23":"tag-mokesciai","24":"tag-naujienos","25":"tag-news","26":"tag-pakopa","27":"tag-pasitraukimas","28":"tag-pensijos","29":"tag-populiariausios-naujienos","30":"tag-populiariausiosnaujienos","31":"tag-sysas","32":"tag-top-stories","33":"tag-topstories"},"share_on_mastodon":{"url":"","error":""},"_links":{"self":[{"href":"https:\/\/www.europesays.com\/lt\/wp-json\/wp\/v2\/posts\/12991","targetHints":{"allow":["GET"]}}],"collection":[{"href":"https:\/\/www.europesays.com\/lt\/wp-json\/wp\/v2\/posts"}],"about":[{"href":"https:\/\/www.europesays.com\/lt\/wp-json\/wp\/v2\/types\/post"}],"author":[{"embeddable":true,"href":"https:\/\/www.europesays.com\/lt\/wp-json\/wp\/v2\/users\/2"}],"replies":[{"embeddable":true,"href":"https:\/\/www.europesays.com\/lt\/wp-json\/wp\/v2\/comments?post=12991"}],"version-history":[{"count":0,"href":"https:\/\/www.europesays.com\/lt\/wp-json\/wp\/v2\/posts\/12991\/revisions"}],"wp:featuredmedia":[{"embeddable":true,"href":"https:\/\/www.europesays.com\/lt\/wp-json\/wp\/v2\/media\/12992"}],"wp:attachment":[{"href":"https:\/\/www.europesays.com\/lt\/wp-json\/wp\/v2\/media?parent=12991"}],"wp:term":[{"taxonomy":"category","embeddable":true,"href":"https:\/\/www.europesays.com\/lt\/wp-json\/wp\/v2\/categories?post=12991"},{"taxonomy":"post_tag","embeddable":true,"href":"https:\/\/www.europesays.com\/lt\/wp-json\/wp\/v2\/tags?post=12991"}],"curies":[{"name":"wp","href":"https:\/\/api.w.org\/{rel}","templated":true}]}}