{"id":132297,"date":"2026-03-18T22:24:09","date_gmt":"2026-03-18T22:24:09","guid":{"rendered":"https:\/\/www.europesays.com\/lt\/132297\/"},"modified":"2026-03-18T22:24:09","modified_gmt":"2026-03-18T22:24:09","slug":"jav-irane-istrigo-aklavieteje-respublika-lt","status":"publish","type":"post","link":"https:\/\/www.europesays.com\/lt\/132297\/","title":{"rendered":"JAV Irane \u012fstrigo aklaviet\u0117je? &#8211; Respublika.lt"},"content":{"rendered":"<p><img loading=\"lazy\" decoding=\"async\" src=\"https:\/\/www.respublika.lt\/lt\/naujienos\/pasaulis\/pasaulio_politika\/jav-irane-istrigo-aklavieteje\/images\/ico_camera_white.gif\" class=\"camera\" width=\"22\" height=\"15\" alt=\"nuotr.\" style=\"position:relative; top:-2px; right:2px;\"\/> 1 nuotr.<\/p>\n<p>Iran\u0105 vietoje Chamen\u0117jaus valdo&#8230; Chamen\u0117jus, tik jaunesnis, ir, pasak gand\u0173, net radikalesnis. EPA-Eltos nuotr.<\/p>\n<p style=\"text-align: justify;\" class=\"desktop_banner\">\u00a0<\/p>\n<p>1. Re\u017eimas, matyt, buvo puikiai pasiruo\u0161\u0119s agresijai.<\/p>\n<p>2. Per 47 metus Iranas suk\u016br\u0117 efektyvi\u0105 vald\u017eios piramid\u0119 ir valdymo strukt\u016br\u0105.<\/p>\n<p>3. Protingas \u017eingsnis buvo \u0161alies pagrindine ideologija pasirinkti ne persi\u0161k\u0105 nacionalizm\u0105, bet \u201eiranieti\u0161k\u0105 islamo&#8221; versij\u0105. Taip buvo pasiektas bent kiek stabilus vidaus konsensusas tarp Irane gyvenan\u010di\u0173 taut\u0173.<\/p>\n<p>Neseniai Donaldas Trampas (Donald Trump) padar\u0117 kelet\u0105 svarbi\u0173 parei\u0161kim\u0173. Pirma, jis sak\u0117, kad operacija prie\u0161 Iran\u0105 beveik pasiek\u0117 savo tikslus ir gali b\u016bti netrukus baigta.<\/p>\n<p>Antra, u\u017esimin\u0117, kad tam tikros sankcijos Rusijai bus laikinai at\u0161auktos siekiant stabilizuoti naftos rink\u0105, o v\u0117liau, kaip jis tikisi, j\u0173 galb\u016bt net nereik\u0117s v\u0117l \u012fvesti.<\/p>\n<p>Kol kas ne\u017einoma, apie kokias sankcijas kalbama, konkre\u010di\u0173 sprendim\u0173 dar nebuvo, buvo tik Trampo \u017eod\u017eiai. Prie\u0161 tai buvo valandos trukm\u0117s pokalbis su V.Putinu, kur\u012f inicijavo pats Trampas.<\/p>\n<p>Tik\u0117tina, kad \u0161io pokalbio metu buvo aptarta, jog sankcij\u0173 at\u0161aukimas netur\u0117t\u0173 pakeisti Rusijos derybin\u0117s pozicijos.<\/p>\n<p>Kita galimo pokalbio tema &#8211; spaudimas per Rusij\u0105 Iranui, kad naujoji vald\u017eia sutikt\u0173 \u012fvykdyti susitarim\u0105 ir leist\u0173 JAV u\u017ebaigti kar\u0105 \u201ei\u0161laikant veid\u0105&#8221;. Pastar\u0105j\u012f patvirtina Irano u\u017esienio reikal\u0173 viceministro \u017eod\u017eiai, kuris sak\u0117, kad keletas \u0161ali\u0173, tarp j\u0173 Rusija, Kinija ir Pranc\u016bzija, susisiek\u0117 su jais d\u0117l galimo ugnies nutraukimo.<\/p>\n<p>JAV operacija Irane \u012fstrigo aklaviet\u0117je, jos tarpiniai rezultatai tokie:<\/p>\n<p>&#8211; Irane vietoje Chamen\u0117jaus valdo Chamen\u0117jus, tik jaunesnis, ir, pasak gand\u0173, net radikalesnis;<\/p>\n<p>&#8211; po pusantros savait\u0117s bombardavim\u0173 Iranas neprarado galimyb\u0117s paleisti bepilo\u010dius orlaivius ir raketas;<\/p>\n<p>&#8211; kurdai ir Azerbaid\u017eanas atsisak\u0117 dalyvauti kare prie\u0161 Iran\u0105 JAV pus\u0117je, taigi kokybi\u0161k\u0173 poky\u010di\u0173 nebus;<\/p>\n<p>&#8211; pasaulyje dabar energetikos kriz\u0117, o JAV s\u0105jungininkai Artimuosiuose Rytuose patiria mil\u017eini\u0161kus nuostolius;<\/p>\n<p>&#8211; JAV autoritetas suma\u017e\u0117jo. Paai\u0161k\u0117jo, kad JAV karin\u0117s baz\u0117s nesuteikia apsaugos, o prie\u0161ingai &#8211; daro tave taikiniu.<\/p>\n<p>Vis dar ne\u017einoma, kas buvo tikrasis karo su Iranu iniciatorius, matyt, Izraelis, ta\u010diau Baltuosiuose r\u016bmuose tai grie\u017etai neigiama, kas, beje, yra suprantama: JAV nenori rodyti, kad jais gali manipuliuoti \u201ejaunesnysis partneris&#8221;.<\/p>\n<p>O jei taip, tai Bibi \u012ftrauk\u0117 Tramp\u0105 \u012f akivaizd\u017eiai JAV nenauding\u0105 avanti\u016br\u0105, kurioje bus labai sunku laim\u0117ti ir pasiekti reali\u0173 tiksl\u0173, tod\u0117l reikia \u201efiksuoti nuostolius&#8221; ir nesit\u0119sti per ilgai, nes kuo ilgiau trauksi &#8211; tuo didesni nuostoliai.<\/p>\n<p>Ne\u017einau, k\u0105 Trampui ne\u0161a \u201epapkut\u0117se&#8221;, bet esu tikras, kad jo pad\u0117j\u0117jai puikiai mato vis\u0105 sociologij\u0105, kad karas JAV yra nepopuliarus, j\u012f palaiko ma\u017euma, ta\u010diau visa \u0161alis stebi benzino kain\u0105 degalin\u0117se, taip pat naujienas apie tai, kaip Iranas v\u0117l suniokojo naftos perdirbimo gamykl\u0105 Artimuosiuose Rytuose, arba amerikieti\u0161k\u0105 radar\u0105, kurio vert\u0117 &#8211; milijardas doleri\u0173.<\/p>\n<p>Ir visa tai fone paralelini\u0173 Trampo bandym\u0173 at\u0161aukti arba suma\u017einti subsidijas sveikatos apsaugai.<\/p>\n<p>Vis d\u0117lto dar galima u\u017eimti Kub\u0105, Grenlandij\u0105 ar net Kanad\u0105, niekada ne\u017einai, kokia nauja \u012fdomi id\u0117ja Trampui ateis \u012f galv\u0105 rytoj.<\/p>\n<p>Ai\u0161ku, kad karas Irane situaci\u0161kai labai naudingas Rusijai, ta\u010diau, jei jis baigsis artimiausiomis dienomis, reik\u0161mingo poveikio nebus. Kol kas n\u0117ra ir realaus sankcij\u0173 at\u0161aukimo, i\u0161skyrus 30 dien\u0173 leidim\u0105 Indijai i\u0161pirkti j\u016broje \u012fstrigusi\u0105 naft\u0105. Yra Trampo \u017eod\u017eiai, kurie toli gra\u017eu ne visada virsta veiksmais, tod\u0117l reikia palaukti oficiali\u0173 \u012fsakym\u0173.<\/p>\n<p>Kaip jau sakiau &#8211; Iran\u0105 gali parklupdyti tik kiliminis bombardavimas. Tikiuosi, iki to nebus prieita. To ne\u012fvyks, jei Iranas priims i\u0161tiest\u0105 rank\u0105, suprantama, per tarpininkus. Nors visko gali b\u016bti, nes Iranas yra u\u017epyk\u0119s stipriai d\u0117l negarbingo s\u0105junginink\u0173 poelgio.<\/p>\n<p>Izraelis ir JAV pasinaudojo derybomis ir, \u017einodamos, kad Irano vadovyb\u0117 rinksis \u012f pasitarim\u0105 tam, kad aptart\u0173 s\u0105junginink\u0173 reikalavimus, atakavo susirinkimo viet\u0105. Pasielgta labai negra\u017eiai, netgi klastingai. Si\u016bly\u010diau niekam neu\u017emigti ant laur\u0173 ir suprasti, kad draug\u0173 \u0161iame keistame pasaulyje Lietuva neturi.<\/p>\n<p>Kol kas tiek, pagal tai, kaip atrodo situacij\u0105 \u017ei\u016brint i\u0161 visiems suprantamo, tradicinio pasaulio suvokimo ta\u0161ko. Kita karo teorija, kuri lau\u017eo visiems suprantamus pasaulio suvokimo r\u0117mus, ir kod\u0117l Iranas yra toks stiprus &#8211; v\u0117liau.<\/p>\n","protected":false},"excerpt":{"rendered":"1 nuotr. Iran\u0105 vietoje Chamen\u0117jaus valdo&#8230; Chamen\u0117jus, tik jaunesnis, ir, pasak gand\u0173, net radikalesnis. EPA-Eltos nuotr. \u00a0 1.&hellip;\n","protected":false},"author":2,"featured_media":132298,"comment_status":"","ping_status":"","sticky":false,"template":"","format":"standard","meta":{"footnotes":"","_share_on_mastodon":"0"},"categories":[15],"tags":[25,30,31,16990,34,35,24,79,553,223,815,479,32,33,37,39,36,38,40,23,22,44,28,29,2370,119,26,27,351,74,75,76],"class_list":["post-132297","post","type-post","status-publish","format-standard","has-post-thumbnail","category-pasaulis","tag-antrastes","tag-breaking-news","tag-breakingnews","tag-chamenejus","tag-featured-news","tag-featurednews","tag-headlines","tag-iranas","tag-izraelis","tag-jav","tag-karas","tag-kinija","tag-latest-news","tag-latestnews","tag-lietuva","tag-lietuviu","tag-lithuania","tag-lithuanian","tag-lt","tag-naujienos","tag-news","tag-pasaulis","tag-populiariausios-naujienos","tag-populiariausiosnaujienos","tag-putinas","tag-rusija","tag-top-stories","tag-topstories","tag-trampas","tag-world","tag-world-news","tag-worldnews"],"share_on_mastodon":{"url":"https:\/\/pubeurope.com\/@lt\/116252525511445140","error":""},"_links":{"self":[{"href":"https:\/\/www.europesays.com\/lt\/wp-json\/wp\/v2\/posts\/132297","targetHints":{"allow":["GET"]}}],"collection":[{"href":"https:\/\/www.europesays.com\/lt\/wp-json\/wp\/v2\/posts"}],"about":[{"href":"https:\/\/www.europesays.com\/lt\/wp-json\/wp\/v2\/types\/post"}],"author":[{"embeddable":true,"href":"https:\/\/www.europesays.com\/lt\/wp-json\/wp\/v2\/users\/2"}],"replies":[{"embeddable":true,"href":"https:\/\/www.europesays.com\/lt\/wp-json\/wp\/v2\/comments?post=132297"}],"version-history":[{"count":0,"href":"https:\/\/www.europesays.com\/lt\/wp-json\/wp\/v2\/posts\/132297\/revisions"}],"wp:featuredmedia":[{"embeddable":true,"href":"https:\/\/www.europesays.com\/lt\/wp-json\/wp\/v2\/media\/132298"}],"wp:attachment":[{"href":"https:\/\/www.europesays.com\/lt\/wp-json\/wp\/v2\/media?parent=132297"}],"wp:term":[{"taxonomy":"category","embeddable":true,"href":"https:\/\/www.europesays.com\/lt\/wp-json\/wp\/v2\/categories?post=132297"},{"taxonomy":"post_tag","embeddable":true,"href":"https:\/\/www.europesays.com\/lt\/wp-json\/wp\/v2\/tags?post=132297"}],"curies":[{"name":"wp","href":"https:\/\/api.w.org\/{rel}","templated":true}]}}