{"id":133046,"date":"2026-03-19T17:49:08","date_gmt":"2026-03-19T17:49:08","guid":{"rendered":"https:\/\/www.europesays.com\/lt\/133046\/"},"modified":"2026-03-19T17:49:08","modified_gmt":"2026-03-19T17:49:08","slug":"vilniaus-rajone-sprendimas-del-h-r-gulbinoviciaus-gatviu-nuomones-issiskiria","status":"publish","type":"post","link":"https:\/\/www.europesays.com\/lt\/133046\/","title":{"rendered":"Vilniaus rajone \u2013 sprendimas d\u0117l H. R. Gulbinovi\u010diaus gatvi\u0173: nuomon\u0117s i\u0161siskiria"},"content":{"rendered":"<p><a rel=\"noopener nofollow\" target=\"_blank\" href=\"https:\/\/www.delfi.lt\/temos\/apklausa\" tag-id=\"53860713\">Apklausa<\/a> vyks nuo kovo 19 iki baland\u017eio 15 dienos ir apims Nemen\u010din\u0117s miest\u0105 bei Buivyd\u017ei\u0173 seni\u016bnij\u0105.<\/p>\n<p>Dalyvauti kvie\u010diami pilname\u010diai gyventojai, deklarav\u0119 gyvenam\u0105j\u0105 viet\u0105 \u0161iose teritorijose.<\/p>\n<p>Pasak Vilniaus rajono savivaldyb\u0117s mero Roberto Duchnevi\u010diaus, nors galutin\u012f sprendim\u0105 d\u0117l gatvi\u0173 pavadinim\u0173 priima savivaldyb\u0117s taryba, \u0161iuo atveju svarbu i\u0161girsti ir pa\u010di\u0173 gyventoj\u0173 bals\u0105.<\/p>\n<p>\u201eSuprantame, kad bendruomen\u0117je nuomon\u0117s i\u0161siskiria \u2013 vieniems svarb\u016bs moraliniai aspektai, kitiems kyla praktini\u0173 klausim\u0173. Tod\u0117l siekiame sudaryti galimyb\u0119 kiekvienam tiesiogiai i\u0161reik\u0161ti savo pozicij\u0105\u201c, \u2013 teig\u0117 meras.<\/p>\n<p>Gyventojai savo nuomon\u0119 gal\u0117s i\u0161reik\u0161ti dviem b\u016bdais \u2013 elektroniniu b\u016bdu per mobili\u0105j\u0105 program\u0117l\u0119 \u201eVilniaus rajonas \u201eArti\u201c arba atvyk\u0119 \u012f seni\u016bnij\u0105. Balsuoti bus galima tik vien\u0105 kart\u0105, o pasirinkus abu b\u016bdus bus \u012fskaitytas elektroninis balsas.<\/p>\n<p>Kovo 27 dien\u0105 vyksian\u010diame savivaldyb\u0117s tarybos pos\u0117dyje planuojama teikti sprendim\u0173 projektus d\u0117l nauj\u0173 gatvi\u0173 pavadinim\u0173. Nemen\u010din\u0117je si\u016bloma gatv\u0119 pervadinti Gabrieliaus Jono Mincevi\u010diaus vardu, o Buivyd\u017ei\u0173 seni\u016bnijoje \u2013 suteikti vietos tapatyb\u0119 atspindint\u012f Buivyd\u017ei\u0173 gatv\u0117s pavadinim\u0105.<\/p>\n<p>Jei sprendimams bus pritarta, galutinis balsavimas numatomas baland\u012f, jau \u012fvertinus apklausos rezultatus.<\/p>\n<p>Gatvi\u0173 pavadinimai, jei b\u016bs nuspr\u0119sta juos keisti, b\u016bt\u0173 atnaujinti per 20 darbo dien\u0173.<\/p>\n<p>Sprendim\u0105 lydi vertybin\u0117s diskusijos<\/p>\n<p>Diskusijos d\u0117l kardinolo H. R. Gulbinovi\u010diaus vardo vie\u0161ose erdv\u0117se t\u0119siasi jau ne vienerius metus. 2015 metais dvasininkui buvo suteiktas Vilniaus rajono garb\u0117s pilie\u010dio vardas, ta\u010diau situacija pasikeit\u0117 2020-aisiais, kai <a rel=\"noopener nofollow\" target=\"_blank\" href=\"https:\/\/www.delfi.lt\/temos\/sventasis-sostas\" tag-id=\"49715776\">\u0160ventasis Sostas<\/a>, i\u0161tyr\u0119s kaltinimus, pripa\u017eino j\u012f kaltu d\u0117l nepilname\u010dio seksualinio i\u0161naudojimo ir kit\u0173 pa\u017eeidim\u0173.<\/p>\n<p>Nepaisant to, 2025 met\u0173 rugs\u0117j\u012f savivaldyb\u0117s taryba nepritar\u0117 si\u016blymui panaikinti jam suteikt\u0105 garb\u0117s pilie\u010dio vard\u0105. V\u0117liau, lapkrit\u012f, savivaldyb\u0117s administracija gavo tiek tarybos nario kreipim\u0105si, tiek Vyriausyb\u0117s atstov\u0173 nurodym\u0105 imtis veiksm\u0173 d\u0117l gatvi\u0173 pavadinim\u0173 keitimo.<\/p>\n<p>Ta\u010diau ir \u0161ie si\u016blymai sulauk\u0117 pasiprie\u0161inimo \u2013 daugum\u0105 taryboje turintys Lietuvos lenk\u0173 rinkim\u0173 akcijos-Krik\u0161\u010dioni\u0161k\u0173 \u0161eim\u0173 s\u0105jungos atstovai j\u0173 nepalaik\u0117.<\/p>\n<p>Gyventojams \u2013 ma\u017eiau r\u016bpes\u010di\u0173<\/p>\n<p>Savivaldyb\u0117 pabr\u0117\u017eia, kad gyventojams nereik\u0117s imtis papildom\u0173 veiksm\u0173 d\u0117l adres\u0173 keitimo. Pri\u0117mus sprendim\u0105, nekilnojamojo turto ir gyvenamosios vietos registr\u0173 duomenys b\u016bt\u0173 atnaujinti automati\u0161kai.<\/p>\n<p>Apklausa organizuojama vadovaujantis 2026 m. kovo 18 d. mero potvarkiu.<\/p>\n","protected":false},"excerpt":{"rendered":"Apklausa vyks nuo kovo 19 iki baland\u017eio 15 dienos ir apims Nemen\u010din\u0117s miest\u0105 bei Buivyd\u017ei\u0173 seni\u016bnij\u0105. Dalyvauti kvie\u010diami&hellip;\n","protected":false},"author":2,"featured_media":133047,"comment_status":"","ping_status":"","sticky":false,"template":"","format":"standard","meta":{"footnotes":"","_share_on_mastodon":"0"},"categories":[13],"tags":[25,359,30,31,34,35,24,32,33,37,39,36,38,40,23,22,28,29,23690,26,27,2611],"class_list":["post-133046","post","type-post","status-publish","format-standard","has-post-thumbnail","category-lietuva","tag-antrastes","tag-apklausa","tag-breaking-news","tag-breakingnews","tag-featured-news","tag-featurednews","tag-headlines","tag-latest-news","tag-latestnews","tag-lietuva","tag-lietuviu","tag-lithuania","tag-lithuanian","tag-lt","tag-naujienos","tag-news","tag-populiariausios-naujienos","tag-populiariausiosnaujienos","tag-sventasis-sostas","tag-top-stories","tag-topstories","tag-vilniaus-rajono-savivaldybe"],"share_on_mastodon":{"url":"https:\/\/pubeurope.com\/@lt\/116257106366785736","error":""},"_links":{"self":[{"href":"https:\/\/www.europesays.com\/lt\/wp-json\/wp\/v2\/posts\/133046","targetHints":{"allow":["GET"]}}],"collection":[{"href":"https:\/\/www.europesays.com\/lt\/wp-json\/wp\/v2\/posts"}],"about":[{"href":"https:\/\/www.europesays.com\/lt\/wp-json\/wp\/v2\/types\/post"}],"author":[{"embeddable":true,"href":"https:\/\/www.europesays.com\/lt\/wp-json\/wp\/v2\/users\/2"}],"replies":[{"embeddable":true,"href":"https:\/\/www.europesays.com\/lt\/wp-json\/wp\/v2\/comments?post=133046"}],"version-history":[{"count":0,"href":"https:\/\/www.europesays.com\/lt\/wp-json\/wp\/v2\/posts\/133046\/revisions"}],"wp:featuredmedia":[{"embeddable":true,"href":"https:\/\/www.europesays.com\/lt\/wp-json\/wp\/v2\/media\/133047"}],"wp:attachment":[{"href":"https:\/\/www.europesays.com\/lt\/wp-json\/wp\/v2\/media?parent=133046"}],"wp:term":[{"taxonomy":"category","embeddable":true,"href":"https:\/\/www.europesays.com\/lt\/wp-json\/wp\/v2\/categories?post=133046"},{"taxonomy":"post_tag","embeddable":true,"href":"https:\/\/www.europesays.com\/lt\/wp-json\/wp\/v2\/tags?post=133046"}],"curies":[{"name":"wp","href":"https:\/\/api.w.org\/{rel}","templated":true}]}}